{"id":128343,"date":"2025-05-26T03:50:19","date_gmt":"2025-05-26T03:50:19","guid":{"rendered":"https:\/\/www.europesays.com\/fr\/128343\/"},"modified":"2025-05-26T03:50:19","modified_gmt":"2025-05-26T03:50:19","slug":"le-photographe-franco-britannique-ed-alcock-recoit-le-prix-niepce-2025-rts-ch","status":"publish","type":"post","link":"https:\/\/www.europesays.com\/fr\/128343\/","title":{"rendered":"Le photographe franco-britannique Ed Alcock re\u00e7oit le prix Ni\u00e9pce 2025 &#8211; rts.ch"},"content":{"rendered":"<p>Le prix Ni\u00e9pce, consid\u00e9r\u00e9 comme le Goncourt de la photographie, a \u00e9t\u00e9 d\u00e9cern\u00e9 jeudi au photographe franco-britannique Ed Alcock, membre de l&rsquo;agence MYOP depuis 2011, a annonc\u00e9 l&rsquo;association Gens d&rsquo;images, cr\u00e9atrice de cette r\u00e9compense.<\/p>\n<p>Cr\u00e9\u00e9 en 1955 et dot\u00e9 de 15&rsquo;000 euros, le prix Ni\u00e9pce est remis chaque ann\u00e9e \u00e0 un photographe professionnel de moins de 50 ans, r\u00e9sidant en France depuis plus de trois ans.<\/p>\n<p>N\u00e9 en 1974 \u00e0 Norwich au Royaume-Uni, Ed Alcock est install\u00e9 depuis 2000 \u00e0 Paris o\u00f9 il collabore avec la presse fran\u00e7aise et internationale. Ses projets explorent les th\u00e8mes de la famille, de la transmission et de l&rsquo;identit\u00e9.<\/p>\n<p>Parmi ses s\u00e9ries notables, \u00ab\u00a0Hobbledehoy\u00a0\u00bb, \u00ab\u00a0Love Lane\u00a0\u00bb, \u00ab\u00a0The Wait\u00a0\u00bb ou \u00ab\u00a0Home, Sweet Home\u00a0\u00bb, dans laquelle il explore quatre ans de bouleversements provoqu\u00e9s par le Brexit. Dans une autre s\u00e9rie plus r\u00e9cente, \u00ab\u00a0St\u00e9rile\u00a0\u00bb, il s&rsquo;est fait chroniqueur de la vie durant la pand\u00e9mie de Covid en 2020.<\/p>\n<p> <img decoding=\"async\" src=\"https:\/\/www.europesays.com\/fr\/wp-content\/uploads\/2025\/05\/pxocc4-28892905.image\" alt=\"Une photo de la s\u00e9rie &quot;See-Eu-Later&quot; d'Ed Alcock sur le Brexit. [DR - Ed Alcock]\" title=\"Une photo de la s\u00e9rie &quot;See-Eu-Later&quot; d'Ed Alcock sur le Brexit. [DR - Ed Alcock]\" loading=\"lazy\"\/>  Une photo de la s\u00e9rie \u00ab\u00a0See-Eu-Later\u00a0\u00bb d&rsquo;Ed Alcock sur le Brexit. [DR &#8211; Ed Alcock] Entre documentaire et autofiction<\/p>\n<p>\u00ab\u00a0Ma pratique photographique s&rsquo;inscrit dans une exploration intime et narrative du r\u00e9el. Elle entend tisser des liens entre l&rsquo;individu et son environnement affectif, politique ou symbolique. C&rsquo;est dans cette zone poreuse, entre le documentaire et l&rsquo;autofiction, que je construis mes images, avec une attention particuli\u00e8re port\u00e9e \u00e0 la lumi\u00e8re, \u00e0 l&rsquo;ambigu\u00eft\u00e9 des gestes et \u00e0 la narration fragmentaire\u00a0\u00bb, explique le photographe, cit\u00e9 dans un communiqu\u00e9 publi\u00e9 par l&rsquo;association Gens d&rsquo;images.<\/p>\n<p>L&rsquo;\u00e9diteur Dominique Gaessler, qui a parrain\u00e9 sa candidature, explique combien le photographe rencontr\u00e9 en 2010 l&rsquo;a marqu\u00e9 par sa \u00ab\u00a0singularit\u00e9\u00a0\u00bb, avec \u00ab\u00a0ses images frontales, r\u00e9alis\u00e9es au moyen format en couleur, dans une dimension sociale affirm\u00e9e\u00a0\u00bb.<\/p>\n<p>Proclam\u00e9 \u00e0 la Biblioth\u00e8que nationale de France, \u00e0 Paris, le prix Ni\u00e9pce permet aux laur\u00e9ats de b\u00e9n\u00e9ficier \u00e9galement d&rsquo;une mise en lumi\u00e8re de leur travail \u00e0 travers des expositions.<\/p>\n<p class=\"sources\">afp\/olhor<\/p>\n","protected":false},"excerpt":{"rendered":"Le prix Ni\u00e9pce, consid\u00e9r\u00e9 comme le Goncourt de la photographie, a \u00e9t\u00e9 d\u00e9cern\u00e9 jeudi au photographe franco-britannique Ed&hellip;\n","protected":false},"author":2,"featured_media":128344,"comment_status":"","ping_status":"","sticky":false,"template":"","format":"standard","meta":{"footnotes":""},"categories":[1358],"tags":[1348,1384,1385,1693,2502,1386,58,25212,59,1011,27,25213,15926,20528,1756,25214,25215],"class_list":{"0":"post-128343","1":"post","2":"type-post","3":"status-publish","4":"format-standard","5":"has-post-thumbnail","7":"category-arts-et-design","8":"tag-arts","9":"tag-arts-and-design","10":"tag-arts-et-design","11":"tag-arts-et-divertissement","12":"tag-arts-visuels","13":"tag-design","14":"tag-divertissement","15":"tag-ed-alcock","16":"tag-entertainment","17":"tag-fr","18":"tag-france","19":"tag-gens-dimages","20":"tag-lumiere","21":"tag-photographe","22":"tag-photographie","23":"tag-prix-et-recompenses","24":"tag-prix-niepce-gens-dimages"},"share_on_mastodon":{"url":"https:\/\/pubeurope.com\/@fr\/114572101093443553","error":""},"_links":{"self":[{"href":"https:\/\/www.europesays.com\/fr\/wp-json\/wp\/v2\/posts\/128343","targetHints":{"allow":["GET"]}}],"collection":[{"href":"https:\/\/www.europesays.com\/fr\/wp-json\/wp\/v2\/posts"}],"about":[{"href":"https:\/\/www.europesays.com\/fr\/wp-json\/wp\/v2\/types\/post"}],"author":[{"embeddable":true,"href":"https:\/\/www.europesays.com\/fr\/wp-json\/wp\/v2\/users\/2"}],"replies":[{"embeddable":true,"href":"https:\/\/www.europesays.com\/fr\/wp-json\/wp\/v2\/comments?post=128343"}],"version-history":[{"count":0,"href":"https:\/\/www.europesays.com\/fr\/wp-json\/wp\/v2\/posts\/128343\/revisions"}],"wp:featuredmedia":[{"embeddable":true,"href":"https:\/\/www.europesays.com\/fr\/wp-json\/wp\/v2\/media\/128344"}],"wp:attachment":[{"href":"https:\/\/www.europesays.com\/fr\/wp-json\/wp\/v2\/media?parent=128343"}],"wp:term":[{"taxonomy":"category","embeddable":true,"href":"https:\/\/www.europesays.com\/fr\/wp-json\/wp\/v2\/categories?post=128343"},{"taxonomy":"post_tag","embeddable":true,"href":"https:\/\/www.europesays.com\/fr\/wp-json\/wp\/v2\/tags?post=128343"}],"curies":[{"name":"wp","href":"https:\/\/api.w.org\/{rel}","templated":true}]}}