{"id":128355,"date":"2025-05-26T03:57:08","date_gmt":"2025-05-26T03:57:08","guid":{"rendered":"https:\/\/www.europesays.com\/fr\/128355\/"},"modified":"2025-05-26T03:57:08","modified_gmt":"2025-05-26T03:57:08","slug":"malgre-le-proces-de-diddy-ses-jumelles-jessie-et-dlila-celebrent-leur-diplome-avec-joie","status":"publish","type":"post","link":"https:\/\/www.europesays.com\/fr\/128355\/","title":{"rendered":"Malgr\u00e9 le proc\u00e8s de Diddy, ses jumelles Jessie et D&rsquo;Lila c\u00e9l\u00e8brent leur dipl\u00f4me avec joie"},"content":{"rendered":"<p>Alors que leur p\u00e8re traverse l\u2019<strong>une des p\u00e9riodes les plus sombres de sa vie<\/strong>, Jessie et D\u2019Lila Combs ont choisi de sourire \u00e0 l\u2019avenir. \u00c2g\u00e9es de 18 ans, les jumelles de Sean Diddy Combs <strong>ont fi\u00e8rement<\/strong> <strong>f\u00eat\u00e9 la fin de leurs \u00e9tudes secondaires<\/strong>.<\/p>\n<p>V\u00eatues de leur toge bleue et de leur casquette assortie, elles sont mont\u00e9es <strong>main dans la main<\/strong> sur sc\u00e8ne pour recevoir leurs dipl\u00f4mes. Un moment de joie dans une p\u00e9riode difficile pour leur famille, <strong>secou\u00e9e par les probl\u00e8mes de justice<\/strong>.<\/p>\n<p>Jessie et D&rsquo;Lila, les jumelles de Diddy, unies malgr\u00e9 l&rsquo;absence de leur p\u00e8re<\/p>\n<p>Le 23 mai dernier, malgr\u00e9 l\u2019absence remarqu\u00e9e de leur p\u00e8re, Jessie et D\u2019Lila ont tenu <strong>\u00e0 vivre leur c\u00e9r\u00e9monie de fin d\u2019\u00e9tudes \u00e0 fond<\/strong>. Les deux s\u0153urs ont partag\u00e9 ce moment important avec leur communaut\u00e9 <strong>en publiant des photos pleines d\u2019\u00e9motion<\/strong> sur leur compte Instagram commun.<\/p>\n<p>Dans ces images, elles rayonnent, entour\u00e9es de proches, et semblent vouloir faire passer <strong>un message de force et d\u2019unit\u00e9<\/strong>. Ce jour-l\u00e0, le clan Combs s\u2019est montr\u00e9 <strong>plus soud\u00e9 que jamais<\/strong>.<\/p>\n<p>Le grand fr\u00e8re, Justin Dior Combs, leur a offert <strong>deux superbes colliers en diamant<\/strong>, tandis que Christian King Combs et la petite Love Sean, 2 ans, <strong>\u00e9taient aussi pr\u00e9sents<\/strong>. Leur p\u00e8re, jug\u00e9 \u00e0 New York pour <a href=\"https:\/\/www.public.fr\/il-voulait-que-je-couche-avec-dautres-hommes-pendant-quil-regardait-le-temoignage-glacant-de-cassie-contre-p-diddy\" target=\"_blank\" rel=\"noopener\">de lourdes accusations<\/a>, <strong>\u00e9tait absent<\/strong>\u2026 bien entendu.<\/p>\n<p>Une graduation marqu\u00e9e par la tendresse familiale<\/p>\n<p>Jessie et D\u2019Lila, tr\u00e8s proches de leurs fr\u00e8res et s\u0153urs, <strong>ont exprim\u00e9 leur gratitude<\/strong> par un simple \u00ab\u00a0Merci Justin, <strong>on t\u2019aime<\/strong>\u00ab\u00a0, en l\u00e9gende de leur post. Le geste, discret mais fort, t\u00e9moigne d\u2019<strong>un soutien mutuel qui d\u00e9passe les \u00e9preuves<\/strong>. Ce climat de solidarit\u00e9 a r\u00e9chauff\u00e9 le c\u0153ur de nombreux internautes.<\/p>\n<p>En ces temps troubl\u00e9s pour <a href=\"https:\/\/www.public.fr\/p-diddy-son-fils-suscite-la-polemique-apres-setre-filme-en-plein-acte-sexuel\" target=\"_blank\" rel=\"noopener\">la famille Combs<\/a>, voir les enfants <strong>c\u00e9l\u00e9brer une r\u00e9ussite personnelle<\/strong> a \u00e9t\u00e9 per\u00e7u comme <strong>un souffle d\u2019espoir<\/strong>. Et malgr\u00e9 le contexte, Jessie et D\u2019Lila ont su transformer cette journ\u00e9e en un moment de pur bonheur.<\/p>\n<p>Diddy \u00e9clips\u00e9, mais toujours pr\u00e9sent dans les c\u0153urs<\/p>\n<p>Sean Combs, connu aussi sous le nom de P. Diddy, reste coinc\u00e9 <strong>dans un proc\u00e8s retentissant<\/strong>. Accus\u00e9 de faits graves <strong>allant de trafic sexuel \u00e0 coercition<\/strong>, il clame toujours son innocence. Un vide \u00e9vident, mais que ses filles <strong>ont su combler avec courage<\/strong>.<\/p>\n<p>Dans ce tourbillon m\u00e9diatique, <strong>le soutien des enfants ne faiblit pas<\/strong>. En mai, ils \u00e9taient encore <strong>\u00e0 ses c\u00f4t\u00e9s au tribunal<\/strong>, affirmant leur amour et leur unit\u00e9. Ce jour-l\u00e0, avec leur sourire, Jessie et D\u2019Lila ont montr\u00e9 que m\u00eame dans les moments difficiles, <strong>la famille est un vrai soutien<\/strong>.<\/p>\n<p>      Mentionn\u00e9s dans cet article<\/p>\n<p>\u00c0 lire aussi<\/p>\n","protected":false},"excerpt":{"rendered":"Alors que leur p\u00e8re traverse l\u2019une des p\u00e9riodes les plus sombres de sa vie, Jessie et D\u2019Lila Combs&hellip;\n","protected":false},"author":2,"featured_media":128356,"comment_status":"","ping_status":"","sticky":false,"template":"","format":"standard","meta":{"footnotes":""},"categories":[8],"tags":[58,59,1011,27,19484,7250,16997],"class_list":{"0":"post-128355","1":"post","2":"type-post","3":"status-publish","4":"format-standard","5":"has-post-thumbnail","7":"category-divertissement","8":"tag-divertissement","9":"tag-entertainment","10":"tag-fr","11":"tag-france","12":"tag-joie","13":"tag-jumelles","14":"tag-p-diddy"},"share_on_mastodon":{"url":"https:\/\/pubeurope.com\/@fr\/114572128649958269","error":""},"_links":{"self":[{"href":"https:\/\/www.europesays.com\/fr\/wp-json\/wp\/v2\/posts\/128355","targetHints":{"allow":["GET"]}}],"collection":[{"href":"https:\/\/www.europesays.com\/fr\/wp-json\/wp\/v2\/posts"}],"about":[{"href":"https:\/\/www.europesays.com\/fr\/wp-json\/wp\/v2\/types\/post"}],"author":[{"embeddable":true,"href":"https:\/\/www.europesays.com\/fr\/wp-json\/wp\/v2\/users\/2"}],"replies":[{"embeddable":true,"href":"https:\/\/www.europesays.com\/fr\/wp-json\/wp\/v2\/comments?post=128355"}],"version-history":[{"count":0,"href":"https:\/\/www.europesays.com\/fr\/wp-json\/wp\/v2\/posts\/128355\/revisions"}],"wp:featuredmedia":[{"embeddable":true,"href":"https:\/\/www.europesays.com\/fr\/wp-json\/wp\/v2\/media\/128356"}],"wp:attachment":[{"href":"https:\/\/www.europesays.com\/fr\/wp-json\/wp\/v2\/media?parent=128355"}],"wp:term":[{"taxonomy":"category","embeddable":true,"href":"https:\/\/www.europesays.com\/fr\/wp-json\/wp\/v2\/categories?post=128355"},{"taxonomy":"post_tag","embeddable":true,"href":"https:\/\/www.europesays.com\/fr\/wp-json\/wp\/v2\/tags?post=128355"}],"curies":[{"name":"wp","href":"https:\/\/api.w.org\/{rel}","templated":true}]}}