{"id":128357,"date":"2025-05-26T03:58:13","date_gmt":"2025-05-26T03:58:13","guid":{"rendered":"https:\/\/www.europesays.com\/fr\/128357\/"},"modified":"2025-05-26T03:58:13","modified_gmt":"2025-05-26T03:58:13","slug":"ce-lenovo-ideapad-slim-3-avec-un-core-i7-et-24-go-de-ram-a-moins-de-700-e-est-une-excellente-alternative-au-macbook-air","status":"publish","type":"post","link":"https:\/\/www.europesays.com\/fr\/128357\/","title":{"rendered":"Ce Lenovo IdeaPad Slim 3 avec un Core i7 et 24 Go de RAM \u00e0 moins de 700 \u20ac est une excellente alternative au MacBook Air"},"content":{"rendered":"<p>Sur le site de E.Leclerc, vous retrouvez le laptop Lenovo IdeaPad Slim 3 en promo \u00e0 699 \u20ac, une machine id\u00e9ale pour travailler et aller en cours, avec un grand \u00e9cran de 16 pouces.<\/p>\n<p><a href=\"https:\/\/images.frandroid.com\/wp-content\/uploads\/2025\/05\/lenovo-ideapad-slim-3-16irh10.jpg\" target=\"_blank\" class=\"article-content__figure\" rel=\"noopener\"><img fetchpriority=\"high\" decoding=\"async\" loading=\"eager\" width=\"1200\" height=\"676\" src=\"https:\/\/www.europesays.com\/fr\/wp-content\/uploads\/2025\/05\/lenovo-ideapad-slim-3-16irh10.jpg\" alt=\"\" class=\"wp-image-2626093 wp-image wp-image\"  \/><\/a>Lenovo IdeaPad Slim 3 16IRH10 \/\/ Source : Frandroid<\/p>\n<p>Le Lenovo IdeaPad Slim 3 est un ordinateur qui annonce la couleur dans son nom : c\u2019est un PC portable plat, facile \u00e0 transporter. Un placement assez peu repr\u00e9sent\u00e9 sous Windows, en tout cas \u00e0 <a href=\"https:\/\/shop.frandroid.com\/zkshj971\" target=\"_blank\" rel=\"noreferrer noopener affiliate nofollow\" data-gtm=\"{&quot;event&quot;:&quot;afficlic&quot;,&quot;nom_marchand&quot;:&quot;e_leclerc&quot;,&quot;nom_produit&quot;:&quot;inconnu&quot;,&quot;categorie_produit&quot;:&quot;inconnu&quot;,&quot;module_produit&quot;:&quot;editolink&quot;,&quot;position_marchand&quot;:0,&quot;texte&quot;:&quot;un-tarif-aussi-interessant&quot;,&quot;offer_url&quot;:&quot;https:\/\/shop.frandroid.com\/zkshj971&quot;,&quot;zone&quot;:&quot;contenu-page&quot;}\">un tarif aussi int\u00e9ressant<\/a> que celui propos\u00e9 par E.Leclerc en ce moment. Une machine qui va plaire aux \u00e9tudiants, m\u00eame s\u2019il est peut-\u00eatre un peu cher, mais aussi pour les t\u00e9l\u00e9travailleurs et autres professionnels nomades qui ont besoin de puissance partout o\u00f9 ils vont.<\/p>\n<p>Les points forts du Lenovo IdeaPad Slim 3<\/p>\n<ul class=\"wp-block-list\">\n<li>La puissance du processeur Intel Core i7-13620H<\/li>\n<li>Les 24 Go de RAM LPDDR5 4800 MHz rendent bien service<\/li>\n<li>Un SSD M.2 de 1 To pour stocker tout ce que vous avez<\/li>\n<\/ul>\n<p>Actuellement, le Lenovo IdeaPad Slim 3 propose une excellente configuration \u00e0 bon rapport qualit\u00e9\/prix chez E.Leclerc o\u00f9 il est <a href=\"https:\/\/shop.frandroid.com\/zkshj971\" target=\"_blank\" rel=\"noreferrer noopener affiliate nofollow\" data-gtm=\"{&quot;event&quot;:&quot;afficlic&quot;,&quot;nom_marchand&quot;:&quot;e_leclerc&quot;,&quot;nom_produit&quot;:&quot;inconnu&quot;,&quot;categorie_produit&quot;:&quot;inconnu&quot;,&quot;module_produit&quot;:&quot;editolink&quot;,&quot;position_marchand&quot;:0,&quot;texte&quot;:&quot;disponible-pour-699-euros&quot;,&quot;offer_url&quot;:&quot;https:\/\/shop.frandroid.com\/zkshj971&quot;,&quot;zone&quot;:&quot;contenu-page&quot;}\">disponible pour seulement 699 euros<\/a>.<\/p>\n<p>Un laptop l\u00e9ger comme une plume<\/p>\n<p>Le Lenovo IdeaPad Slim 3 pr\u00e9sent\u00e9 ici est une machine plut\u00f4t compacte et l\u00e9g\u00e8re qui fait 360 x 251 x 17,8\/18,9 mm pour 1,68 kg. Une promesse bien tenue puisque tout l\u2019int\u00e9r\u00eat de cet ordinateur portable est de pouvoir \u00eatre emmen\u00e9 partout pour travailler. Ne comptez pas sur lui pour jouer, en tout cas pas \u00e0 de gros jeux gourmands, puisqu\u2019il est d\u00e9pourvu de carte graphique d\u00e9di\u00e9e. Mais si vous avez besoin de puissance pour travailler, vous \u00eates servi.<\/p>\n<p>Tout \u00e7a vous est servi sur un \u00e9cran de 16 pouces qui affiche de la Full HD \u00e0 1920 x 1200 pixels sur un rapport 16\/10\u1d49. Une belle surface permettant d\u2019afficher pas mal d\u2019informations, peut-\u00eatre m\u00eame de mettre deux fen\u00eatres c\u00f4te \u00e0 c\u00f4te. Par contre, la luminosit\u00e9 max \u00e0 300 cd\/m\u00b2 n\u2019est pas ce qu\u2019il y a de plus optimal s\u2019il y a beaucoup de soleil en termes de visibilit\u00e9. On appr\u00e9cie le rev\u00eatement antireflet et mat pour un peu plus de confort.<\/p>\n<p>De la puissance \u00e0 tous les \u00e9tages<\/p>\n<p>Sous les pav\u00e9s la plage, sous le capot la config et elle n\u2019est pas en reste. Un processeur Intel Core i7-13620H Raptor Lake-H avec 10 c\u0153urs cadenc\u00e9 au maximum \u00e0 4,9 GHz en mode boost. Il est accompagn\u00e9 de 24 Go de RAM LPDDR5 4800 MHz avec 8 Go soud\u00e9s + 16 Go. Pour la partie graphismes, vous avez quand m\u00eame une puce Intel Iris Xe int\u00e9gr\u00e9e au processeur, suffisante pour les t\u00e2ches classiques.<\/p>\n<p>Pour le stockage, vous avez un SSD M.2 de 1 To, en sachant qu\u2019il y a un second emplacement M.2 de libre, si jamais \u00e7a ne vous suffit pas. Sans oublier que vous pouvez brancher tous vos p\u00e9riph\u00e9riques dessus avec ses deux ports <a href=\"https:\/\/www.frandroid.com\/comment-faire\/comment-fonctionne-la-technologie\/1414389_quels-sont-les-types-normes-versions-vitesses-usb\" target=\"_blank\" rel=\"noopener\">USB 3.2<\/a> Gen1, son port USB-C 3.2 Gen1, son port HDMI 1.4 et le lecteur de cartes SD. C\u00f4t\u00e9 autonomie, vous pouvez compter sur lui pendant environ 6 h en usage mixte, ce qui est dans la moyenne.<\/p>\n<p>Vous avez aussi l\u2019option de consulter <a href=\"https:\/\/www.frandroid.com\/guide-dachat\/638058_quels-sont-les-meilleurs-pc-portables-haut-de-gamme-de-2019\" target=\"_blank\" rel=\"noreferrer noopener\">notre guide d\u2019achat des meilleurs ordinateurs portables<\/a> du moment pour trouver la machine qui vous convient.<\/p>\n","protected":false},"excerpt":{"rendered":"Sur le site de E.Leclerc, vous retrouvez le laptop Lenovo IdeaPad Slim 3 en promo \u00e0 699 \u20ac,&hellip;\n","protected":false},"author":2,"featured_media":128358,"comment_status":"","ping_status":"","sticky":false,"template":"","format":"standard","meta":{"footnotes":""},"categories":[7],"tags":[3569,1011,27,25220,43,40,41,39,42,44],"class_list":{"0":"post-128357","1":"post","2":"type-post","3":"status-publish","4":"format-standard","5":"has-post-thumbnail","7":"category-sciences-et-technologies","8":"tag-bons-plans-e-leclerc","9":"tag-fr","10":"tag-france","11":"tag-lenovo-ideapad","12":"tag-science","13":"tag-science-and-technology","14":"tag-sciences","15":"tag-sciences-et-technologies","16":"tag-technologies","17":"tag-technology"},"share_on_mastodon":{"url":"https:\/\/pubeurope.com\/@fr\/114572132557101666","error":""},"_links":{"self":[{"href":"https:\/\/www.europesays.com\/fr\/wp-json\/wp\/v2\/posts\/128357","targetHints":{"allow":["GET"]}}],"collection":[{"href":"https:\/\/www.europesays.com\/fr\/wp-json\/wp\/v2\/posts"}],"about":[{"href":"https:\/\/www.europesays.com\/fr\/wp-json\/wp\/v2\/types\/post"}],"author":[{"embeddable":true,"href":"https:\/\/www.europesays.com\/fr\/wp-json\/wp\/v2\/users\/2"}],"replies":[{"embeddable":true,"href":"https:\/\/www.europesays.com\/fr\/wp-json\/wp\/v2\/comments?post=128357"}],"version-history":[{"count":0,"href":"https:\/\/www.europesays.com\/fr\/wp-json\/wp\/v2\/posts\/128357\/revisions"}],"wp:featuredmedia":[{"embeddable":true,"href":"https:\/\/www.europesays.com\/fr\/wp-json\/wp\/v2\/media\/128358"}],"wp:attachment":[{"href":"https:\/\/www.europesays.com\/fr\/wp-json\/wp\/v2\/media?parent=128357"}],"wp:term":[{"taxonomy":"category","embeddable":true,"href":"https:\/\/www.europesays.com\/fr\/wp-json\/wp\/v2\/categories?post=128357"},{"taxonomy":"post_tag","embeddable":true,"href":"https:\/\/www.europesays.com\/fr\/wp-json\/wp\/v2\/tags?post=128357"}],"curies":[{"name":"wp","href":"https:\/\/api.w.org\/{rel}","templated":true}]}}