{"id":128361,"date":"2025-05-26T04:00:08","date_gmt":"2025-05-26T04:00:08","guid":{"rendered":"https:\/\/www.europesays.com\/fr\/128361\/"},"modified":"2025-05-26T04:00:08","modified_gmt":"2025-05-26T04:00:08","slug":"le-chef-de-la-nouvelle-fondation-humanitaire-soutenue-par-washington-demissionne","status":"publish","type":"post","link":"https:\/\/www.europesays.com\/fr\/128361\/","title":{"rendered":"le chef de la nouvelle fondation humanitaire soutenue par Washington d\u00e9missionne"},"content":{"rendered":"<p>L\u2019organisation, cr\u00e9\u00e9e il y a quelques mois et dont le si\u00e8ge se situe \u00e0 Gen\u00e8ve, avait annonc\u00e9 le 14 mai vouloir distribuer pr\u00e8s de 300 millions de repas pour une p\u00e9riode initiale de 90 jours.<\/p>\n<p class=\"fig-paragraph\">Le chef de la nouvelle fondation humanitaire cr\u00e9\u00e9e de toutes pi\u00e8ces et soutenue par les\u00a0<a href=\"http:\/\/www.lefigaro.fr\/international\/dossier\/donald-trump-investi-47e-president-des-etats-unis-notre-dossier-pour-tout-comprendre\" data-fig-type=\"Topic\" data-gtm-custom-categorie=\"navigation\" data-gtm-custom-action=\"crossclick\" data-gtm-custom-label=\"Contextuel\" data-gtm-event=\"customEventSPE\" data-fig-domain=\"LEFIGARO\" rel=\"nofollow noopener\" target=\"_blank\">\u00c9tats-Unis<\/a>\u00a0pour distribuer de l&rsquo;aide dans la\u00a0<a href=\"http:\/\/www.lefigaro.fr\/actualite-france\/bande-de-gaza-le-pape-leon-xiv-appelle-a-laisser-entrer-une-aide-humanitaire-decente-20250521\" data-fig-type=\"NewsFlash\" data-gtm-custom-categorie=\"navigation\" data-gtm-custom-action=\"crossclick\" data-gtm-custom-label=\"Contextuel\" data-gtm-event=\"customEventSPE\" data-fig-domain=\"LEFIGARO\" rel=\"nofollow noopener\" target=\"_blank\">bande de Gaza<\/a>\u00a0a d\u00e9missionn\u00e9 \u00abavec effet imm\u00e9diat\u00bb, a-t-il annonc\u00e9 dimanche dans un communiqu\u00e9. Le directeur ex\u00e9cutif de la Fondation humanitaire de Gaza (GHF), Jake Wood, a expliqu\u00e9 qu&rsquo;il n&rsquo;\u00e9tait pas possible selon lui de mettre en \u0153uvre le plan de l&rsquo;organisation pour aider Gaza \u00abtout en respectant strictement les principes humanitaires d&rsquo;humanit\u00e9, de neutralit\u00e9, d&rsquo;impartialit\u00e9 et d&rsquo;ind\u00e9pendance\u00bb.<\/p>\n<p class=\"fig-paragraph\">L&rsquo;organisation, cr\u00e9\u00e9e il y a quelques mois et dont le si\u00e8ge se situe \u00e0 Gen\u00e8ve, a annonc\u00e9 le 14 mai vouloir distribuer pr\u00e8s de 300 millions de repas pour une p\u00e9riode initiale de 90 jours. L&rsquo;ONU et des ONG ont affirm\u00e9 \u00e0 plusieurs reprises qu&rsquo;elles ne participeraient pas \u00e0 la distribution d&rsquo;aide par cette fondation, accus\u00e9e de travailler avec Isra\u00ebl. L&rsquo;ONU a estim\u00e9 qu&rsquo;elle ne respectait pas les principes \u00abd&rsquo;impartialit\u00e9, de neutralit\u00e9 et d&rsquo;ind\u00e9pendance\u00bb.<\/p>\n<p class=\"fig-paragraph\">Une ONG, Trial International, a annonc\u00e9 vendredi avoir demand\u00e9 aux autorit\u00e9s suisses d&rsquo;ouvrir des enqu\u00eates administratives pour d\u00e9terminer si GHF respectait le droit, notamment pour son recours pr\u00e9vu \u00e0 des soci\u00e9t\u00e9s de s\u00e9curit\u00e9 pour transporter l&rsquo;aide depuis les points de passage jusqu&rsquo;\u00e0 des sites de distribution.<\/p>\n<p>\u00abJe suis fier du travail que j\u2019ai supervis\u00e9\u00bb<\/p>\n<p class=\"fig-paragraph\">\u00abIl y a deux mois, j&rsquo;ai \u00e9t\u00e9 approch\u00e9 pour diriger GHF en raison de mon exp\u00e9rience dans le milieu humanitaire\u00bb, a d\u00e9clar\u00e9 M. Wood dans son communiqu\u00e9. \u00abComme beaucoup d&rsquo;autres dans le monde, j&rsquo;ai \u00e9t\u00e9 horrifi\u00e9 et boulevers\u00e9 par la crise de la faim \u00e0 Gaza\u00bb, a-t-il ajout\u00e9, disant s&rsquo;\u00eatre senti \u00aboblig\u00e9\u00bb d&rsquo;apporter son aide. \u00abJe suis fier du travail que j&rsquo;ai supervis\u00e9\u00bb, a-t-il encore \u00e9crit.<\/p>\n<p class=\"fig-paragraph\">Rompant une tr\u00eave de deux mois, Isra\u00ebl a repris son offensive \u00e0 la mi-mars sur la bande de Gaza, et a intensifi\u00e9 ses op\u00e9rations militaires le 17 mai, dans le but affich\u00e9 d&rsquo;an\u00e9antir le mouvement islamiste palestinien Hamas, lib\u00e9rer les derniers otages restants et prendre le contr\u00f4le du territoire.<\/p>\n<p class=\"fig-paragraph\">L&rsquo;attaque des commandos du Hamas en Isra\u00ebl le 7 octobre 2023 a entra\u00een\u00e9 la mort de 1.218 personnes c\u00f4t\u00e9 isra\u00e9lien, en majorit\u00e9 des civils, selon un d\u00e9compte de l&rsquo;AFP \u00e0 partir de donn\u00e9es officielles. Sur 251 personnes enlev\u00e9es ce jour-l\u00e0, 57 restent retenues dans Gaza, dont au moins 34 sont mortes, selon les autorit\u00e9s isra\u00e9liennes.<\/p>\n<p class=\"fig-paragraph\">Plus de 53.939 Gazaouis, majoritairement des civils, ont \u00e9t\u00e9 tu\u00e9s par la campagne de repr\u00e9sailles militaires isra\u00e9liennes, selon des donn\u00e9es du minist\u00e8re de la Sant\u00e9 du gouvernement du Hamas pour Gaza, jug\u00e9es fiables par l&rsquo;ONU.<\/p>\n","protected":false},"excerpt":{"rendered":"L\u2019organisation, cr\u00e9\u00e9e il y a quelques mois et dont le si\u00e8ge se situe \u00e0 Gen\u00e8ve, avait annonc\u00e9 le&hellip;\n","protected":false},"author":2,"featured_media":128362,"comment_status":"","ping_status":"","sticky":false,"template":"","format":"standard","meta":{"footnotes":""},"categories":[5],"tags":[259,11,260,73,1011,27,665,14,261,12,262,2744,28],"class_list":{"0":"post-128361","1":"post","2":"type-post","3":"status-publish","4":"format-standard","5":"has-post-thumbnail","7":"category-international","8":"tag-actualite-internationale","9":"tag-actualites","10":"tag-affaires-etrangeres","11":"tag-etats-unis","12":"tag-fr","13":"tag-france","14":"tag-gaza","15":"tag-international","16":"tag-ministere-des-affaires-etrangeres","17":"tag-news","18":"tag-politique-etrangere","19":"tag-washington","20":"tag-world"},"share_on_mastodon":{"url":"https:\/\/pubeurope.com\/@fr\/114572140458366309","error":""},"_links":{"self":[{"href":"https:\/\/www.europesays.com\/fr\/wp-json\/wp\/v2\/posts\/128361","targetHints":{"allow":["GET"]}}],"collection":[{"href":"https:\/\/www.europesays.com\/fr\/wp-json\/wp\/v2\/posts"}],"about":[{"href":"https:\/\/www.europesays.com\/fr\/wp-json\/wp\/v2\/types\/post"}],"author":[{"embeddable":true,"href":"https:\/\/www.europesays.com\/fr\/wp-json\/wp\/v2\/users\/2"}],"replies":[{"embeddable":true,"href":"https:\/\/www.europesays.com\/fr\/wp-json\/wp\/v2\/comments?post=128361"}],"version-history":[{"count":0,"href":"https:\/\/www.europesays.com\/fr\/wp-json\/wp\/v2\/posts\/128361\/revisions"}],"wp:featuredmedia":[{"embeddable":true,"href":"https:\/\/www.europesays.com\/fr\/wp-json\/wp\/v2\/media\/128362"}],"wp:attachment":[{"href":"https:\/\/www.europesays.com\/fr\/wp-json\/wp\/v2\/media?parent=128361"}],"wp:term":[{"taxonomy":"category","embeddable":true,"href":"https:\/\/www.europesays.com\/fr\/wp-json\/wp\/v2\/categories?post=128361"},{"taxonomy":"post_tag","embeddable":true,"href":"https:\/\/www.europesays.com\/fr\/wp-json\/wp\/v2\/tags?post=128361"}],"curies":[{"name":"wp","href":"https:\/\/api.w.org\/{rel}","templated":true}]}}