{"id":128365,"date":"2025-05-26T04:02:11","date_gmt":"2025-05-26T04:02:11","guid":{"rendered":"https:\/\/www.europesays.com\/fr\/128365\/"},"modified":"2025-05-26T04:02:11","modified_gmt":"2025-05-26T04:02:11","slug":"jaurais-aime-grandir-avec-plus-de-serenite-et-un-peu-moins-de-pression-liberation","status":"publish","type":"post","link":"https:\/\/www.europesays.com\/fr\/128365\/","title":{"rendered":"\u00abJ\u2019aurais aim\u00e9 grandir avec plus de s\u00e9r\u00e9nit\u00e9 et un peu moins de pression\u00bb \u2013 Lib\u00e9ration"},"content":{"rendered":"<p class=\"sc-ksZaOG ehjQrN text-element\">Le \u00abpetit Mozart\u00bb a bien vieilli. Il a moins de cheveux qu\u2019avant et les traits un peu plus tir\u00e9s. Les ann\u00e9es sont pass\u00e9es par l\u00e0. Voil\u00e0 vingt-trois ans que <a href=\"https:\/\/www.liberation.fr\/portraits\/richard-gasquet-lenfant-qui-ne-voulait-pas-grandir-20220616_AYL7QZ2L4BGC7D3GPKQQWCIHS4\/\" target=\"_blank\" rel=\"noreferrer nofollow noopener\" title=\"https:\/\/www.liberation.fr\/portraits\/richard-gasquet-lenfant-qui-ne-voulait-pas-grandir-20220616_AYL7QZ2L4BGC7D3GPKQQWCIHS4\/\">Richard Gasquet<\/a> \u00e9cume les courts du monde entier, sautant d\u2019avions en chambres d\u2019h\u00f4tel et de chambres d\u2019h\u00f4tel en avions. Un rythme fou pour un \u00absport \u00e0 la con\u00bb (disait-il <a href=\"https:\/\/www.liberation.fr\/sports\/2008\/04\/10\/pour-gasquet-le-tennis-est-un-sport-a-la-con_17881\/\" target=\"_blank\" rel=\"noreferrer nofollow noopener\" title=\"https:\/\/www.liberation.fr\/sports\/2008\/04\/10\/pour-gasquet-le-tennis-est-un-sport-a-la-con_17881\/\">en 2008<\/a>) qu\u2019il quittera dans quelques jours. A bient\u00f4t 39 ans, le joueur s\u2019appr\u00eate \u00e0 laisser sa raquette aux vestiaires apr\u00e8s une derni\u00e8re apparition \u00e0 Roland-Garros, dont le tournoi s\u2019ouvre ce dimanche 25 mai.<\/p>\n<p class=\"sc-ksZaOG ehjQrN text-element\">Au cr\u00e9puscule de sa carri\u00e8re, le bilan est \u00e9trange. D\u2019un c\u00f4t\u00e9, l\u2019ancien num\u00e9ro 7 mondial, trois fois demi-finaliste en Grand Chelem, m\u00e9daill\u00e9 olympique ou encore vainqueur de la Coupe Davis, partira avec l\u2019un des plus beaux palmar\u00e8s du tennis tricolore. De l\u2019autre, il gardera avec lui l\u2019image d\u2019un looser \u00e0 la fran\u00e7aise qui lui colle injustement \u00e0 la peau. La faute \u00e0 une jeunesse o\u00f9 il \u00e9crasait tout le <\/p>\n","protected":false},"excerpt":{"rendered":"Le \u00abpetit Mozart\u00bb a bien vieilli. Il a moins de cheveux qu\u2019avant et les traits un peu plus&hellip;\n","protected":false},"author":2,"featured_media":128366,"comment_status":"","ping_status":"","sticky":false,"template":"","format":"standard","meta":{"footnotes":""},"categories":[2],"tags":[11,1011,27,12,4171],"class_list":{"0":"post-128365","1":"post","2":"type-post","3":"status-publish","4":"format-standard","5":"has-post-thumbnail","7":"category-actualites","8":"tag-actualites","9":"tag-fr","10":"tag-france","11":"tag-news","12":"tag-roland-garros"},"share_on_mastodon":{"url":"https:\/\/pubeurope.com\/@fr\/114572148322140633","error":""},"_links":{"self":[{"href":"https:\/\/www.europesays.com\/fr\/wp-json\/wp\/v2\/posts\/128365","targetHints":{"allow":["GET"]}}],"collection":[{"href":"https:\/\/www.europesays.com\/fr\/wp-json\/wp\/v2\/posts"}],"about":[{"href":"https:\/\/www.europesays.com\/fr\/wp-json\/wp\/v2\/types\/post"}],"author":[{"embeddable":true,"href":"https:\/\/www.europesays.com\/fr\/wp-json\/wp\/v2\/users\/2"}],"replies":[{"embeddable":true,"href":"https:\/\/www.europesays.com\/fr\/wp-json\/wp\/v2\/comments?post=128365"}],"version-history":[{"count":0,"href":"https:\/\/www.europesays.com\/fr\/wp-json\/wp\/v2\/posts\/128365\/revisions"}],"wp:featuredmedia":[{"embeddable":true,"href":"https:\/\/www.europesays.com\/fr\/wp-json\/wp\/v2\/media\/128366"}],"wp:attachment":[{"href":"https:\/\/www.europesays.com\/fr\/wp-json\/wp\/v2\/media?parent=128365"}],"wp:term":[{"taxonomy":"category","embeddable":true,"href":"https:\/\/www.europesays.com\/fr\/wp-json\/wp\/v2\/categories?post=128365"},{"taxonomy":"post_tag","embeddable":true,"href":"https:\/\/www.europesays.com\/fr\/wp-json\/wp\/v2\/tags?post=128365"}],"curies":[{"name":"wp","href":"https:\/\/api.w.org\/{rel}","templated":true}]}}