{"id":128369,"date":"2025-05-26T04:04:09","date_gmt":"2025-05-26T04:04:09","guid":{"rendered":"https:\/\/www.europesays.com\/fr\/128369\/"},"modified":"2025-05-26T04:04:09","modified_gmt":"2025-05-26T04:04:09","slug":"mon-cousin-emile-9-mois-a-ete-tue-dans-son-berceau","status":"publish","type":"post","link":"https:\/\/www.europesays.com\/fr\/128369\/","title":{"rendered":"\u00ab\u00a0Mon cousin Emile, 9 mois, a \u00e9t\u00e9 tu\u00e9 dans son berceau\u00a0\u00bb"},"content":{"rendered":"<p>\u00ab\u00a0Passant, souviens-toi que dans ce quartier de nombreuses victimes innocentes sont tomb\u00e9es pendant le bombardement du 26\u00a0mai 1944. La meilleure fa\u00e7on de leur rendre hommage est d\u2019\u0153uvrer pour \u00e9viter le retour de bombardements plus meurtriers encore.\u00a0\u00bb Ces \u00e9crits, sign\u00e9s par la population du Soleil, sont grav\u00e9s sur une plaque appos\u00e9e contre le mur de l\u2019\u00e9cole publique, rue de Monteil.<\/p>\n<p>Cette plaque comm\u00e9morative en m\u00e9moire de cette trag\u00e9die humaine, <a href=\"https:\/\/www.leprogres.fr\/defense-guerre-conflit\/2022\/05\/29\/bombardement-de-la-ville-on-a-sauve-des-dizaines-de-vies-durant-10-jours-et-10-nuits\" target=\"_blank\" rel=\"nofollow noopener\">qui a fait 987 tu\u00e9s dont 129 personnes identifi\u00e9es, 2\u00a0000 bless\u00e9s et 20\u00a0000 sinistr\u00e9s<\/a> , a \u00e9t\u00e9 r\u00e9alis\u00e9e \u00e0 l\u2019initiative et aux frais des habitants du Soleil.\u00a0Le quartier, en raison de sa proximit\u00e9 avec la gare de Ch\u00e2teaucreux, a \u00e9t\u00e9 frapp\u00e9 en plein c\u0153ur par ce d\u00e9luge de bombes.\u00a081 ans apr\u00e8s, personne n\u2019a oubli\u00e9 cette journ\u00e9e apocalyptique. <a href=\"https:\/\/www.leprogres.fr\/societe\/2023\/05\/26\/bombardement-de-mai-1944-j-avais-5-ans-je-m-en-souviens-comme-si-c-etait-hier\" target=\"_blank\" rel=\"nofollow noopener\">Des victimes<\/a> , qui ont v\u00e9cu ce traumatisme, ont t\u00e9moign\u00e9, lundi, au sein du groupe de m\u00e9moire de la maison de quartier du Soleil. Des r\u00e9cits tout aussi poignants les uns que les autres. Nous en publions&#8230;<\/p>\n","protected":false},"excerpt":{"rendered":"\u00ab\u00a0Passant, souviens-toi que dans ce quartier de nombreuses victimes innocentes sont tomb\u00e9es pendant le bombardement du 26\u00a0mai 1944.&hellip;\n","protected":false},"author":2,"featured_media":128370,"comment_status":"","ping_status":"","sticky":false,"template":"","format":"standard","meta":{"footnotes":""},"categories":[9653],"tags":[1111,11,2430,7539,1777,674,1011,27,937,3367,12,25,4001,7538,104],"class_list":{"0":"post-128369","1":"post","2":"type-post","3":"status-publish","4":"format-standard","5":"has-post-thumbnail","7":"category-saint-etienne","8":"tag-actu","9":"tag-actualites","10":"tag-auvergne-rhone-alpes","11":"tag-edition-loire-sud","12":"tag-eu","13":"tag-europe","14":"tag-fr","15":"tag-france","16":"tag-histoire","17":"tag-loire","18":"tag-news","19":"tag-republique-francaise","20":"tag-saint-etienne","21":"tag-saint-etienne-ville","22":"tag-societe"},"share_on_mastodon":{"url":"https:\/\/pubeurope.com\/@fr\/114572156174937035","error":""},"_links":{"self":[{"href":"https:\/\/www.europesays.com\/fr\/wp-json\/wp\/v2\/posts\/128369","targetHints":{"allow":["GET"]}}],"collection":[{"href":"https:\/\/www.europesays.com\/fr\/wp-json\/wp\/v2\/posts"}],"about":[{"href":"https:\/\/www.europesays.com\/fr\/wp-json\/wp\/v2\/types\/post"}],"author":[{"embeddable":true,"href":"https:\/\/www.europesays.com\/fr\/wp-json\/wp\/v2\/users\/2"}],"replies":[{"embeddable":true,"href":"https:\/\/www.europesays.com\/fr\/wp-json\/wp\/v2\/comments?post=128369"}],"version-history":[{"count":0,"href":"https:\/\/www.europesays.com\/fr\/wp-json\/wp\/v2\/posts\/128369\/revisions"}],"wp:featuredmedia":[{"embeddable":true,"href":"https:\/\/www.europesays.com\/fr\/wp-json\/wp\/v2\/media\/128370"}],"wp:attachment":[{"href":"https:\/\/www.europesays.com\/fr\/wp-json\/wp\/v2\/media?parent=128369"}],"wp:term":[{"taxonomy":"category","embeddable":true,"href":"https:\/\/www.europesays.com\/fr\/wp-json\/wp\/v2\/categories?post=128369"},{"taxonomy":"post_tag","embeddable":true,"href":"https:\/\/www.europesays.com\/fr\/wp-json\/wp\/v2\/tags?post=128369"}],"curies":[{"name":"wp","href":"https:\/\/api.w.org\/{rel}","templated":true}]}}