{"id":128371,"date":"2025-05-26T04:07:11","date_gmt":"2025-05-26T04:07:11","guid":{"rendered":"https:\/\/www.europesays.com\/fr\/128371\/"},"modified":"2025-05-26T04:07:11","modified_gmt":"2025-05-26T04:07:11","slug":"cafe-des-sports-deux-handballeurs-du-nancy-handball-a-lhonneur-encore-des-diaporamas-et-roland-garros-a-la-tv-on-en-parle-au-cafe-des-sports","status":"publish","type":"post","link":"https:\/\/www.europesays.com\/fr\/128371\/","title":{"rendered":"Caf\u00e9 des sports Deux handballeurs du Nancy Handball \u00e0 l\u2019honneur, encore des diaporamas et Roland-Garros \u00e0 la TV&#8230; On en parle au caf\u00e9 des sports !"},"content":{"rendered":"<p>  Joyeux anniversaire<\/p>\n<p>Ce lundi, on f\u00eate les 22 ans de l\u2019arri\u00e8re gauche du \u201cNH\u201d, <a href=\"https:\/\/www.estrepublicain.fr\/sport\/2024\/06\/17\/nancy-handball-premier-contrat-pro-pour-ilian-goedert\" target=\"_blank\" rel=\"noopener\">Ilian Goedert<\/a>. Mais aussi les 21 ans d\u2019un autre handballeur nanc\u00e9ien <a href=\"https:\/\/www.estrepublicain.fr\/sport\/2024\/04\/11\/tristan-tahimili-arriere-du-nancy-handball-on-s-est-un-peu-trop-mis-la-pression\" target=\"_blank\" rel=\"noopener\"> Tristan Tahimili.\u00a0<\/a><\/p>\n<p>  Sur le web<\/p>\n<p>Sur notre <a href=\"https:\/\/www.estrepublicain.fr\/sport\/sport-lorrain\" target=\"_blank\" rel=\"noopener\">site internet<\/a>, retrouvez ce lundi nos diaporamas photos du week-end. Un de foot qui reviendra sur la mont\u00e9e du GS Harou\u00e9 Benney, ainsi qu\u2019un autre sur la Val de Lorraine VTT.<\/p>\n<p>  \u00c0 la t\u00e9l\u00e9<\/p>\n<p>Tennis. Roland-Garros sur France Tv (\u00e0 partir de 11h)<\/p>\n<p>Basket. \u00bc de finale Betclic Elite, Cholet &#8211; Bourg-en-Bresse sur Dazn (20h)<\/p>\n<p>Football. Liga, Cordoba &#8211; Mirandes sur BeIn Sports 5 (20h30)<\/p>\n<p>Football. Bundesliga, Elversberg &#8211; Heidenheim sur BeIn Sports 1 (20h30)<\/p>\n","protected":false},"excerpt":{"rendered":"Joyeux anniversaire Ce lundi, on f\u00eate les 22 ans de l\u2019arri\u00e8re gauche du \u201cNH\u201d, Ilian Goedert. Mais aussi&hellip;\n","protected":false},"author":2,"featured_media":128372,"comment_status":"","ping_status":"","sticky":false,"template":"","format":"standard","meta":{"footnotes":""},"categories":[9635],"tags":[1111,11,3602,1707,1704,1706,1705,10174,1777,674,107,1701,1011,27,775,1792,1702,13622,1703,12,25,517,1700],"class_list":{"0":"post-128371","1":"post","2":"type-post","3":"status-publish","4":"format-standard","5":"has-post-thumbnail","7":"category-nancy","8":"tag-actu","9":"tag-actualites","10":"tag-edition-bar-le-duc","11":"tag-edition-luneville","12":"tag-edition-nancy-et-agglomeration","13":"tag-edition-pont-a-mousson","14":"tag-edition-toul","15":"tag-edition-verdun","16":"tag-eu","17":"tag-europe","18":"tag-fil-info","19":"tag-fil-info-sport","20":"tag-fr","21":"tag-france","22":"tag-grand-est","23":"tag-handball","24":"tag-nancy","25":"tag-nancy-handball","26":"tag-nancy-ville-54b","27":"tag-news","28":"tag-republique-francaise","29":"tag-sport","30":"tag-sport-lorrain"},"share_on_mastodon":{"url":"https:\/\/pubeurope.com\/@fr\/114572167905166112","error":""},"_links":{"self":[{"href":"https:\/\/www.europesays.com\/fr\/wp-json\/wp\/v2\/posts\/128371","targetHints":{"allow":["GET"]}}],"collection":[{"href":"https:\/\/www.europesays.com\/fr\/wp-json\/wp\/v2\/posts"}],"about":[{"href":"https:\/\/www.europesays.com\/fr\/wp-json\/wp\/v2\/types\/post"}],"author":[{"embeddable":true,"href":"https:\/\/www.europesays.com\/fr\/wp-json\/wp\/v2\/users\/2"}],"replies":[{"embeddable":true,"href":"https:\/\/www.europesays.com\/fr\/wp-json\/wp\/v2\/comments?post=128371"}],"version-history":[{"count":0,"href":"https:\/\/www.europesays.com\/fr\/wp-json\/wp\/v2\/posts\/128371\/revisions"}],"wp:featuredmedia":[{"embeddable":true,"href":"https:\/\/www.europesays.com\/fr\/wp-json\/wp\/v2\/media\/128372"}],"wp:attachment":[{"href":"https:\/\/www.europesays.com\/fr\/wp-json\/wp\/v2\/media?parent=128371"}],"wp:term":[{"taxonomy":"category","embeddable":true,"href":"https:\/\/www.europesays.com\/fr\/wp-json\/wp\/v2\/categories?post=128371"},{"taxonomy":"post_tag","embeddable":true,"href":"https:\/\/www.europesays.com\/fr\/wp-json\/wp\/v2\/tags?post=128371"}],"curies":[{"name":"wp","href":"https:\/\/api.w.org\/{rel}","templated":true}]}}