{"id":128379,"date":"2025-05-26T04:14:19","date_gmt":"2025-05-26T04:14:19","guid":{"rendered":"https:\/\/www.europesays.com\/fr\/128379\/"},"modified":"2025-05-26T04:14:19","modified_gmt":"2025-05-26T04:14:19","slug":"que-fait-laurence-ruffin-verts-lfi-des-2-5-millions-d-e-de-resultats","status":"publish","type":"post","link":"https:\/\/www.europesays.com\/fr\/128379\/","title":{"rendered":"QUE FAIT Laurence RUFFIN (Verts\/LFI) DES 2, 5 MILLIONS D\u2019 \u20ac DE R\u00c9SULTATS\u00a0?"},"content":{"rendered":"<p>Posted On 26 mai 2025 <\/p>\n<p style=\"font-weight: 400;\">Laurence Ruffin, la candidate que Piolle a impos\u00e9 \u00e0 sa succession, se sert de la Scop Alma dont elle \u00e9tait la PDG comme rampe de lancement. Une strat\u00e9gie border line d\u2019un point de vue \u00e9thique et conflit d\u2019int\u00e9r\u00eats. Car la com&rsquo; d\u2019Alma n\u2019est pas comptabilis\u00e9e dans le compte de campagne de Ruffin qui ne s\u2019ouvre que le 1 er septembre prochain. De toute fa\u00e7on la com\u2019 des personnes morales est interdite par la loi.<\/p>\n<p style=\"font-weight: 400;\">Le DL a encore publi\u00e9 un papier laudateur sur sa gestion cette semaine, reproduisant les \u00e9l\u00e9ments de langage sur le c\u00f4t\u00e9 parfait de l\u2019entreprise , appartenant au camp du Bien, et accumulant pr\u00e8s de 2,5 millions d\u2019\u20ac de r\u00e9sultats\u2026 Mais pour la bonne cause!\u00a0<\/p>\n<p><a href=\"https:\/\/i2.wp.com\/grenoble-le-changement.fr\/wp-content\/uploads\/2025\/05\/IMG_8583.jpeg?ssl=1\" rel=\"lightbox[82210] nofollow noopener\" target=\"_blank\"><img decoding=\"async\" data-id=\"82211\" src=\"https:\/\/i2.wp.com\/grenoble-le-changement.fr\/wp-content\/uploads\/2025\/05\/IMG_8583.jpeg?resize=678%2C432&amp;ssl=1\" alt=\"\" class=\"wp-image-82211 jetpack-lazy-image\" data-recalc-dims=\"1\" data-lazy-src=\"https:\/\/www.europesays.com\/fr\/wp-content\/uploads\/2025\/05\/IMG_8583.jpeg\" \/><\/a><br \/>\nCette semaine, la pub \u00e9lectorale de Laurence Ruffin ( Verts\/LFI) avec la  Scop Alma ( le DL est flout\u00e9 car nous n&rsquo;avons pas le droit de le publier du fait des droits d&rsquo;auteur ) . Toujours ces valeurs \u00a0\u00bb coop\u00e9ratives et citoyennes \u00a0\u00bb dont on sait ce que la municipalit\u00e9 Piolle en a fait <\/p>\n<p style=\"font-weight: 400;\"><strong>ON RETROUVE LE CADRE PARFAIT DE HP DE 2014 <\/strong><\/p>\n<p style=\"font-weight: 400;\">\u00c7a rappelle des souvenirs \u00e0 ceux qui avaient cru \u00e0 la story de Piolle en 2014, sur le cadre parfait de HP qui quittait l\u2019entreprise par r\u00e9volte sociale, mais avec un gros ch\u00e8que qui a probablement servi \u00e0 <a href=\"https:\/\/grenoble-le-changement.fr\/2021\/04\/21\/piolle-a-singapour-nouvelles-revelations-de-marianne\/\" rel=\"nofollow noopener\" target=\"_blank\">l\u2019investissement dans l\u2019entreprise transport\u00e9e \u00e0 Singapour<\/a>, dans un paradis fiscal, une entreprise qui ne respecte aucune des \u00ab valeurs \u00bb dont la soci\u00e9t\u00e9 de Laurence Ruffin se targue. Un Piolle qui avait gomm\u00e9 <a href=\"https:\/\/grenoble-le-changement.fr\/2020\/05\/10\/e-piolle-un-cv-genetiquement-modifie\/\" rel=\"nofollow noopener\" target=\"_blank\">sa candidature aux l\u00e9gislatives d\u00e9s 1998&#8230;<\/a>\u00a0<\/p>\n<p style=\"font-weight: 400;\"><strong>LIB\u00c9RATION: \u00a0\u00bb UN SC\u00c9NARIO POUR TENTER DE CONVAINCRE UN PRODUCTEUR\u00a0\u00bb\u00a0<\/strong><\/p>\n<p style=\"font-weight: 400;\">M\u00eame \u00ab\u00a0 Lib\u00e9ration \u00bb (22\/11\/24) ) \u00a0dans le portrait qu\u2019elle avait sollicit\u00e9 d\u2019elle pour la lancer , Rachid La\u00efreche\u00a0 avait reconnu \u00ab\u00a0un sc\u00e9nario pour tenter de convaincre un producteur\u00a0\u00bb.\u00a0<\/p>\n<p style=\"font-weight: 400;\">\u00a0En 2014, Erwan Lecoeur, le communicant de Piolle avait expliqu\u00e9 qu\u2019il fallait mener la campagne \u00abcomme une s\u00e9rie t\u00e9l\u00e9 \u00bb . On recommence . Les m\u00eames mensonges. \u00a0Eve Moulinier ( DL du 15 11\/24) \u00e9crit \u00ab\u00a0 aujourd\u2019hui, m\u00eame si elle a accept\u00e9 de nous rencontrer, ce n\u2019est toujours pas le moment de vraiment parler du scrutin de mars 2026. Car, chaque chose en son temps\u00a0\u00bb .<\/p>\n<p><strong>DE MENSONGE EN MENSONGE , \u00ab\u00a0ELLE PLAQUE TOUT POUR LA POLITIQUE\u00a0\u00bb<\/strong><\/p>\n<p style=\"font-weight: 400;\">Six jours plus tard , le journaliste Rachid La\u00efreche \u00e9crit dans \u00ab\u00a0 Lib\u00e9ration : \u00ab\u00a0une voix inconnue au bout du fil. Bonjour Monsieur, Laurence Ruffin s&rsquo;appr\u00eate \u00e0 quitter la pr\u00e9sidence d&rsquo;Alma Scop pour s&rsquo;engager dans les prochaines municipales \u00e0 Grenoble. Elle aimerait vous en parler. Elle passe \u00e0 l&rsquo;action. Laurence <a href=\"https:\/\/grenoble-le-changement.fr\/2025\/02\/02\/laurence-ruffin-margot-belair-et-lucille-lheureux-veulent-succeder-a-piolle\/\" rel=\"nofollow noopener\" target=\"_blank\">plaque tout pour la politique.<\/a> Elle part \u00e0 la conqu\u00eate de Grenoble\u00a0\u00bb . <a href=\"https:\/\/grenoble-le-changement.fr\/2024\/11\/23\/laurence-ruffin-verts-lfi-petits-mensonges-et-gros-sabots\/\" rel=\"nofollow noopener\" target=\"_blank\">Toujours les postures du faux.<\/a><\/p>\n<p><img decoding=\"async\" data-id=\"78865\" src=\"https:\/\/i2.wp.com\/grenoble-le-changement.fr\/wp-content\/uploads\/2024\/12\/Vous-avez-aime\u0301-Piolle-.png?w=678&amp;ssl=1\" alt=\"\" class=\"wp-image-78865 jetpack-lazy-image\" data-recalc-dims=\"1\" data-lazy-src=\"https:\/\/i2.wp.com\/grenoble-le-changement.fr\/wp-content\/uploads\/2024\/12\/Vous-avez-aime\u0301-Piolle-.png?w=678&amp;is-pending-load=1#038;ssl=1\" \/><\/p>\n<p><img decoding=\"async\" data-id=\"78976\" src=\"https:\/\/i1.wp.com\/grenoble-le-changement.fr\/wp-content\/uploads\/2025\/01\/Ruffin-florence.png?w=678&amp;ssl=1\" alt=\"\" class=\"wp-image-78976 jetpack-lazy-image\" data-recalc-dims=\"1\" data-lazy-src=\"https:\/\/www.europesays.com\/fr\/wp-content\/uploads\/2025\/05\/Ruffin-florence.png\" \/><br \/>\nPiolle\/Ruffin, la m\u00eame story, les m\u00eames postures, le m\u00eame faux <\/p>\n<p><strong>PIOLLE ET RUFFIN\u00a0 \u00ab\u00a0SOUHAITENT AGIR DANS LE COLLECTIF\u00a0\u00bb ..<\/strong>.<\/p>\n<p>En 2014 le m\u00eame \u00ab\u00a0 Lib\u00e9ration \u00ab\u00a0 \u00e9crivait \u00bb Eric Piolle s\u2019\u00e9panouit dans le collectif\u00a0\u00bb ( !) Jamais un Maire n\u2019aura \u00e9t\u00e9 aussi autoritaire, si peu partageux de la d\u00e9cision, si ferm\u00e9 \u00e0 tout ce qui n\u2019entre pas dans son logiciel id\u00e9ologique comme on l\u2019a encore constat\u00e9 <a href=\"https:\/\/grenoble-le-changement.fr\/2025\/05\/20\/la-majorite-municipale-menace-les-collectifs-qui-manifestent\/\" rel=\"nofollow noopener\" target=\"_blank\">avec la violence avec laquelle ont \u00e9t\u00e9 accueilis les collectifs citoyens et commer\u00e7ants lundi dernier.<\/a>\u00a0 Laurence Ruffin, elle aussi\u00a0 \u00ab\u00a0 souhaite agir de mani\u00e8re collective \u00bb (!).\u00a0<\/p>\n<p><strong>TOUT CHANGE POUR QUE RIEN NE CHANGE<\/strong><\/p>\n<p><a href=\"https:\/\/grenoble-le-changement.fr\/2025\/04\/16\/la-municipalite-enterre-piolle-pour-tenter-de-garder-le-pouvoir\/\" rel=\"nofollow noopener\" target=\"_blank\">On duplique donc<\/a> avec Laurence Ruffin. Piolle a bien r\u00e9sum\u00e9 d\u2019ailleurs avec son cynisme habituel\u00a0: : \u00ab\u00a0il va y avoir une rupture d&rsquo;incarnation, mais pas de rupture de ligne\u00a0\u00bb.\u00a0\u00a0 Tout change pour que rien ne change. Comme Lui, elle ne parle que d\u2019Elle. De ce qu\u2019elle a fait, de son itin\u00e9raire, de ses choix \u00e9videmment tous vertueux et r\u00e9fl\u00e9chis: \u00ab\u00a0Je ne suis pas une politique comme on l\u2019entend aujourd\u2019hui\u00a0\u00bb (!) . Seulement \u00ab\u00a0int\u00e9ress\u00e9e pour m\u2019impliquer pour Grenoble, pour l\u2019int\u00e9r\u00eat g\u00e9n\u00e9ral, pour les habitants. J\u2019ai envie de travailler avec\u00a0un collectif\u00a0\u00bb. \u00bb (DL).\u00a0<\/p>\n<p><strong>SON COMPAGNON AVAIT \u00c9T\u00c9 RECRUT\u00c9 PAR PIOLLE\u00a0<\/strong><\/p>\n<p>La story ne raconte pas que son compagnon, Matthieu Gravellier,\u00a0 a \u00e9t\u00e9 recrut\u00e9 par Piolle comme directeur de la R\u00e9gie de Quartier \u00e0 Villeneuve . \u00ab\u00a0 Matthieu bosse dans l\u2019associatif\u00a0\u00bb dit elle. Pas toujours! Comme <a href=\"https:\/\/grenoble-le-changement.fr\/2016\/10\/01\/les-elus-vertsades-une-pme-familiale-sur-le-modele-le-pen\/\" rel=\"nofollow noopener\" target=\"_blank\">Avrillier\/Kirkacharian, Comparat\/Boileau<\/a>, <a href=\"https:\/\/grenoble-le-changement.fr\/2025\/03\/13\/j-cucarollo-verts-lfi-perd-son-proces-contre-glc\/\" rel=\"nofollow noopener\" target=\"_blank\">Belair\/Cucarollo<\/a>, <a href=\"https:\/\/grenoble-le-changement.fr\/2021\/08\/08\/lucille-lheureux-verts-fi-vue-par-aussi-par-ses-clients\/\" rel=\"nofollow noopener\" target=\"_blank\">Lheureux\/Recoura<\/a>&#8230;. ils ne portent pas le m\u00eame nom, ce qui permet la r\u00e9partition des postes par n\u00e9potisme ou consanguinit\u00e9 partisane sans que le militant gogo ne voit rien. Ni qu&rsquo;on en tire des conclusions sur leurs revenus.\u00a0<\/p>\n<p><strong>LES FEMMES AFGHANES SONT LIBRES, ELLES SE MAQUILLENT SOUS LA BURKA<\/strong><\/p>\n<p>Une gauche \u00e9videmment proche de la mouvance philosophico-politique islamo-gauchiste. Dans son bureau de la R\u00e9gie de Quartier de Villeneuve, Mathieu Gravellier affichait un tableau de la pri\u00e8re \u00e0 La Mecque. Des salari\u00e9s se souviennent des visites de Laurence Ruffin \u00e0 son compagnon\u00a0 expliquant savamment \u00e0 des employ\u00e9s que les femmes portant la Burka en Afghanistan se maquillaient&#8230; Elles b\u00e9n\u00e9ficiaient donc d&rsquo;une forme de libert\u00e9. Comme avec Piolle on ne d\u00e9couvrirait tout ce gauchisme que plus tard, si elle \u00e9tait \u00e9lue.\u00a0<\/p>\n<p><img decoding=\"async\" data-id=\"82212\" src=\"https:\/\/grenoble-le-changement.fr\/wp-content\/uploads\/2025\/05\/Capture-de\u0301cran-2024-11-22-a\u0300-11.42.17.webp\" alt=\"\" class=\"wp-image-82212 jetpack-lazy-image\" data-lazy-src=\"https:\/\/www.europesays.com\/fr\/wp-content\/uploads\/2025\/05\/Capture-de\u0301cran-2024-11-22-a\u0300-11.42.17.webp\" \/><\/p>\n<p><strong>EN BICYCLETTE ELLE A PU APPR\u00c9HENDER LA P\u00c9NIBLE VIE DES MALIENS <\/strong><\/p>\n<p>Laurence Ruffin pr\u00e9f\u00e8re raconter avec complaisance et contentement de soi \u00e0 divers journaux qu\u2019elle avait pass\u00e9 un an en Afrique pour r\u00e9fl\u00e9chir , \u00ab\u00a0elle a fait une pause de plusieurs mois en Afrique pour r\u00e9fl\u00e9chir au sens qu\u2019elle souhaitait donner \u00e0 sa vie professionnelle\u00a0\u00bb\u00a0racontaient ses thurif\u00e9raires \u00ab\u00a0Mon voyage dans la r\u00e9gion de\u00a0Bandafassi\u00a0(K\u00e9dougou) m&rsquo;a particuli\u00e8rement marqu\u00e9e. Comme la population se d\u00e9pla\u00e7ait aussi en bicyclette, j&rsquo;ai pu mieux appr\u00e9hender la p\u00e9nible vie des Maliens mais aussi l&rsquo;extraordinaire lien \u00e0 leur communaut\u00e9, et la richesse des rites\u00a0b\u00e9diks.\u00a0\u00bb <\/p>\n<p><strong>EN INDON\u00c9SIE LA SOCI\u00c9T\u00c9 DONNE TOUT SON SENS A LA COLLECTIVIT\u00c9 ET L&rsquo;\u00c9QUIT\u00c9<\/strong>\u00a0`<\/p>\n<p>Pareil avec un long s\u00e9jour en Asie &#8211; la croisi\u00e8re en Tha\u00eflande a disparu du storytelling &#8211; mais elle raconte qu\u2019\u00ab\u00a0 En 2018, nous avons entrepris ce voyage de six mois, notamment en Asie. J&rsquo;ai \u00e9t\u00e9 particuli\u00e8rement touch\u00e9e par l&rsquo;\u00eele de Komodo en Indon\u00e9sie. Un lieu o\u00f9 l&rsquo;organisation de la soci\u00e9t\u00e9 donne tout son sens aux notions de collectivit\u00e9 et l&rsquo;\u00e9quit\u00e9 \u00ab .\u00a0 S\u2019agissant du Japon sa vision est tr\u00e8s originale : \u00ab Autre pays qui m&rsquo;a \u00e9merveill\u00e9, le Japon o\u00f9 la tradition ancestrale cohabite avec le modernisme et l&rsquo;avant-garde. Cela permet un autre regard. \u00bb<\/p>\n<p><strong>DU V\u00c9LO AVEC LES MALIENS AU V\u00c9LO SUR LES BERGES POUR \u00a0\u00bb L&rsquo;ID\u00c9ATION\u00a0\u00bb<\/strong>\u00a0<\/p>\n<p>Du v\u00e9lo avec les Maliens qui permet de les comprendre elle passe au v\u00e9lo \u00ab\u00a0 sur les berges de l\u2019Is\u00e8re\u00a0\u00bb qui apporte \u00ab\u00a0 un vrai sentiment de libert\u00e9, de flexibilit\u00e9. C&rsquo;est un moment que je trouve propice \u00e0 la r\u00e9flexion, au recul, \u00e0 la projection, ou \u00e0 l&rsquo;id\u00e9ation. \u00bb Une nouvelle candidate <a href=\"https:\/\/grenoble-le-changement.fr\/2021\/08\/14\/le-canard-decerne-le-melon-dor-a-e-piolle\/\" rel=\"nofollow noopener\" target=\"_blank\">au Melon d&rsquo;Or.<\/a>\u00a0<\/p>\n<p><strong>LA NOUVELLE MARIE-CHANTAL NE VOIT PAS LA SOCIETE DE PIOLLE \u00e0 SINGAPOUR<\/strong><\/p>\n<p>Cette nouvelle Marie-Chantal se sert \u00e0 nouveau de la Scop Alma dans le \u00ab\u00a0 Dauphin\u00e9 \u00ab\u00a0 de cette semaine, laquelle repose, selon elle,\u00a0 sur quatre piliers piliers: le partage des d\u00e9cisions, le partage des richesses, l&rsquo;\u00e9mancipation des \u00e9quipes et la contribution responsable \u00e0 la soci\u00e9t\u00e9 et \u00e0 l&rsquo;environnement. On se demande comment elle se situe dans <a href=\"https:\/\/grenoble-le-changement.fr\/4524-2\/\" rel=\"nofollow noopener\" target=\"_blank\">la continuit\u00e9 de Piolle ,actionnaire d\u2019une soci\u00e9t\u00e9 de logiciels bancaires, sans aucun de ces crit\u00e8res ?<\/a> Ni publication de comptes puisqu\u2019ils <a href=\"https:\/\/grenoble-le-changement.fr\/2021\/03\/02\/piolle-a-singapour-nouvelles-revelations\/\" rel=\"nofollow noopener\" target=\"_blank\">sont log\u00e9s dans un paradis fiscal,\u00a0 \u00e0 Singapour.<\/a><\/p>\n<p><a href=\"https:\/\/i1.wp.com\/grenoble-le-changement.fr\/wp-content\/uploads\/2025\/05\/Capture-de\u0301cran-2025-05-25-a\u0300-22.46.41.png?ssl=1\" rel=\"lightbox[82210] nofollow noopener\" target=\"_blank\"><img decoding=\"async\" data-id=\"82214\" src=\"https:\/\/i1.wp.com\/grenoble-le-changement.fr\/wp-content\/uploads\/2025\/05\/Capture-de\u0301cran-2025-05-25-a\u0300-22.46.41.png?resize=678%2C450&amp;ssl=1\" alt=\"\" class=\"wp-image-82214 jetpack-lazy-image\" data-recalc-dims=\"1\" data-lazy-src=\"https:\/\/i1.wp.com\/grenoble-le-changement.fr\/wp-content\/uploads\/2025\/05\/Capture-de\u0301cran-2025-05-25-a\u0300-22.46.41.png?resize=678%2C450&amp;is-pending-load=1#038;ssl=1\" \/><\/a><\/p>\n<p><a href=\"https:\/\/i2.wp.com\/grenoble-le-changement.fr\/wp-content\/uploads\/2025\/05\/whatsapp_image_2023-02-02_at_18.27.55.jpg?ssl=1\" rel=\"lightbox[82210] nofollow noopener\" target=\"_blank\"><img decoding=\"async\" data-id=\"82213\" src=\"https:\/\/i2.wp.com\/grenoble-le-changement.fr\/wp-content\/uploads\/2025\/05\/whatsapp_image_2023-02-02_at_18.27.55.jpg?w=678&amp;ssl=1\" alt=\"\" class=\"wp-image-82213 jetpack-lazy-image\" data-recalc-dims=\"1\" data-lazy-src=\"https:\/\/www.europesays.com\/fr\/wp-content\/uploads\/2025\/05\/whatsapp_image_2023-02-02_at_18.27.55.jpg\" \/><\/a><br \/>\nLaurence Ruffin  a \u00e9t\u00e9  \u00ab\u00a0tr\u00e9s touch\u00e9e par l&rsquo;\u00eele de Komodo en Indon\u00e9sie. Un lieu o\u00f9 l&rsquo;organisation de la soci\u00e9t\u00e9 donne tout son sens aux notions de collectivit\u00e9 et l&rsquo;\u00e9quit\u00e9\u00a0\u00bb ( \u00e0 gauche) et  au Mali \u00a0\u00bb Comme la population se d\u00e9pla\u00e7ait aussi en bicyclette, j&rsquo;ai pu mieux appr\u00e9hender la p\u00e9nible vie des Maliens\u00a0\u00bb ( \u00e0 droite) <\/p>\n<p><strong>BEAUCOUP \u00a0\u00bb D&rsquo;ENGAGEMENTS \u00a0\u00bb &#8230;..<\/strong><\/p>\n<p>Elle annonce donc ses r\u00e9sultats financiers et il est question \u00ab d\u2019une d\u00e9marche de fond autour de l&rsquo;engagement client, de strat\u00e9gies d&rsquo;alliances (\u2026) des opportunit\u00e9s de transmettre nos valeurs coop\u00e9ratives\u00bb, \u00a0 de devenir partenaire fondateur de la Fondation UGA, d\u2019une formation dipl\u00f4mante, de \u00abse lancer dans une nouvelle activit\u00e9 d&rsquo;\u00e9dition de logiciel \u00bb mais \u00e9videmment \u00ab en investissant le secteur environnemental\u00bb. Ouf .\u00a0<\/p>\n<p>&#8230; <strong>MAIS AUCUN INVESTISSEMENT DANS LA SOLIDARIT\u00c9 \u00e0 GRENOBLE<\/strong><\/p>\n<p>Mais pourquoi donc tout ou partie de ces\u00a0 r\u00e9sultats de 2, 5 Millions d\u2019\u20ac ne sont ils pas investis dans une fondation sociale ou de solidarit\u00e9 \u00e0 Grenoble ? Il en est tant qui souffrent de ne pouvoir mieux soulager les milliers de personnes en difficult\u00e9s que la municipalit\u00e9 appelle \u00e0 venir sur notre territoire.\u00a0<\/p>\n<p>N\u2019a-t-elle pas eu le temps d\u2019y r\u00e9fl\u00e9chir pendant ses longs s\u00e9jours en Afrique, en Asie, ou en v\u00e9lo sur les berges, si propice \u00e0 \u00ab l\u2019id\u00e9ation \u00bb ?<\/p>\n<p><a href=\"https:\/\/i2.wp.com\/grenoble-le-changement.fr\/wp-content\/uploads\/2025\/05\/PHOTO-2025-05-25-20-11-46.jpg?ssl=1\" rel=\"lightbox[82210] nofollow noopener\" target=\"_blank\"><img decoding=\"async\" data-id=\"82217\" src=\"https:\/\/i2.wp.com\/grenoble-le-changement.fr\/wp-content\/uploads\/2025\/05\/PHOTO-2025-05-25-20-11-46.jpg?resize=678%2C904&amp;ssl=1\" alt=\"\" class=\"wp-image-82217 jetpack-lazy-image\" data-recalc-dims=\"1\" data-lazy-src=\"https:\/\/www.europesays.com\/fr\/wp-content\/uploads\/2025\/05\/PHOTO-2025-05-25-20-11-46.jpg\" \/><\/a><\/p>\n<p><a href=\"https:\/\/i1.wp.com\/grenoble-le-changement.fr\/wp-content\/uploads\/2025\/05\/PHOTO-2025-05-25-20-19-31.jpg?ssl=1\" rel=\"lightbox[82210] nofollow noopener\" target=\"_blank\"><img decoding=\"async\" data-id=\"82215\" src=\"https:\/\/i1.wp.com\/grenoble-le-changement.fr\/wp-content\/uploads\/2025\/05\/PHOTO-2025-05-25-20-19-31.jpg?resize=678%2C509&amp;ssl=1\" alt=\"\" class=\"wp-image-82215 jetpack-lazy-image\" data-recalc-dims=\"1\" data-lazy-src=\"https:\/\/www.europesays.com\/fr\/wp-content\/uploads\/2025\/05\/PHOTO-2025-05-25-20-19-31.jpg\" \/><\/a><br \/>\nHier soir dimanche, \u00e7a br\u00fblait encore au Village Olympique : n&rsquo;attendez pas Laurence Ruffin pour \u00e9teindre les incendies de Grenoble qui brule <\/p>\n<p><strong>NE DEMANDEZ PAS \u00e0 L. RUFFIN COMMENT ELLE FERAIT RECULER LA GHETTO\u00cfSATION<\/strong><\/p>\n<p>Surtout pas. Cette extr\u00eame gauche bavarde, incantatoire est uniquement id\u00e9ologue . Comme elle n\u2019ose pas afficher ses dogmes en plein air,\u00a0 elle construit des personnages qui passent et disparaissent , juste le temps d\u2019installer une politique pour quelques uns.<\/p>\n<p>Ne demandez pas \u00e0 Laurence Ruffin comment <a href=\"https:\/\/grenoble-le-changement.fr\/2024\/11\/01\/grenoble-une-ville-financierement-asphyxiee-premiere-pour-limpot\/\" rel=\"nofollow noopener\" target=\"_blank\">elle stopperait la hausse d\u2019imp\u00f4ts obligatoire<\/a> avec la trajectoire financi\u00e8re ville\/M\u00e9tropole, ni comment elle ferait reculer<a href=\"https:\/\/grenoble-le-changement.fr\/2023\/11\/26\/logement-la-ghettoisation-des-quartiers-se-poursuit\/\" rel=\"nofollow noopener\" target=\"_blank\"> la ghetto\u00efsation des quartiers<\/a>, comment elle<a href=\"https:\/\/grenoble-le-changement.fr\/2024\/09\/30\/il-ny-a-plus-dargent-pour-reparer-les-voiries-et-les-trottoirs\/\" rel=\"nofollow noopener\" target=\"_blank\"> r\u00e9parerait les trottoirs \u00e0 partir de 2026<\/a>, ou s\u2019attaquerait a<a href=\"https:\/\/grenoble-le-changement.fr\/2022\/06\/18\/ilots-de-chaleur-piolle-pulverise-la-couche-dozone\/\" rel=\"nofollow noopener\" target=\"_blank\">ux ilots de chaleur dont la ville<\/a> d\u00e9tient le record national. N\u2019\u00e9voquons pas le fait de traiter la s\u00e9curit\u00e9, la propret\u00e9 , le stationnement ou la circulation \u00e0 propos desquels les grenoblois viennent d&rsquo;exprimer leur profond m\u00e9contentement comme <a href=\"https:\/\/grenoble-le-changement.fr\/2025\/05\/24\/sondage-carignon-en-tete-de-lopposition-les-grenoblois-veulent-le-changement\/\" rel=\"nofollow noopener\" target=\"_blank\">le r\u00e9v\u00e8le le sondage Ipsos publi\u00e9 par GrenobleMag<\/a>.\u00a0 Ne soyons pas vulgaires.\u00a0<\/p>\n<p><strong>ELLE A GAGN\u00c9 \u00a0\u00bb UN PAQUET DE SOUS\u00a0\u00bb SELON \u00a0\u00bb LIB\u00c9RATION\u00a0<\/strong><\/p>\n<p>Mais elle qui a gagn\u00e9 \u00ab un paquet de sous \u00bb selon Lib\u00e9 ( 22\/11\/24) ne mettra surtout pas les siens pour traiter un seul des probl\u00e8mes qui rel\u00e8vent pourtant des \u00ab\u00a0 valeurs \u00bb auxquelles elle sacrifie tout. Dans un confort et une pr\u00e9tention personnelle affich\u00e9s, revendiqu\u00e9s, provocateurs qui d\u00e9montrent qu\u2019on a bien \u00e0 faire <a href=\"https:\/\/grenoble-le-changement.fr\/2024\/11\/16\/laurence-ruffin-savance-pour-les-municipales-du-piolle-au-feminin\/\" rel=\"nofollow noopener\" target=\"_blank\">\u00e0 un clone de Piolle.<\/a><\/p>\n<p>Si les grenoblois s\u2019y <a href=\"https:\/\/grenoble-le-changement.fr\/2025\/04\/24\/la-candidate-de-piolle-divise-la-gauche-des-sa-premiere-sortie\/\" rel=\"nofollow noopener\" target=\"_blank\">laissaient prendre une troisi\u00e8me fois<\/a>, il y aurait de quoi s\u2019interroger sur la sant\u00e9 mentale de la ville.<\/p>\n","protected":false},"excerpt":{"rendered":"Posted On 26 mai 2025 Laurence Ruffin, la candidate que Piolle a impos\u00e9 \u00e0 sa succession, se sert&hellip;\n","protected":false},"author":2,"featured_media":128380,"comment_status":"","ping_status":"","sticky":false,"template":"","format":"standard","meta":{"footnotes":""},"categories":[9566],"tags":[1111,11,2430,25221,9607,25222,1777,674,10608,1011,27,2731,25223,25224,10136,9985,25225,10613,25226,25227,12,25228,10140,25,25229,25230],"class_list":{"0":"post-128379","1":"post","2":"type-post","3":"status-publish","4":"format-standard","5":"has-post-thumbnail","7":"category-grenoble","8":"tag-actu","9":"tag-actualites","10":"tag-auvergne-rhone-alpes","11":"tag-claire-kirkyacharian","12":"tag-eric-piolle","13":"tag-eric-recoura","14":"tag-eu","15":"tag-europe","16":"tag-eve-moulinier","17":"tag-fr","18":"tag-france","19":"tag-grenoble","20":"tag-jerome-curarollo","21":"tag-laurence-comparat","22":"tag-laurence-ruffin","23":"tag-liberation","24":"tag-lucille-lehureux","25":"tag-margot-belair","26":"tag-maryvonne-boileau","27":"tag-matthieu-gravelier","28":"tag-news","29":"tag-rachid-laireche","30":"tag-raymond-avrillier","31":"tag-republique-francaise","32":"tag-scop-alma","33":"tag-vincent-comparat"},"share_on_mastodon":{"url":"https:\/\/pubeurope.com\/@fr\/114572195792608164","error":""},"_links":{"self":[{"href":"https:\/\/www.europesays.com\/fr\/wp-json\/wp\/v2\/posts\/128379","targetHints":{"allow":["GET"]}}],"collection":[{"href":"https:\/\/www.europesays.com\/fr\/wp-json\/wp\/v2\/posts"}],"about":[{"href":"https:\/\/www.europesays.com\/fr\/wp-json\/wp\/v2\/types\/post"}],"author":[{"embeddable":true,"href":"https:\/\/www.europesays.com\/fr\/wp-json\/wp\/v2\/users\/2"}],"replies":[{"embeddable":true,"href":"https:\/\/www.europesays.com\/fr\/wp-json\/wp\/v2\/comments?post=128379"}],"version-history":[{"count":0,"href":"https:\/\/www.europesays.com\/fr\/wp-json\/wp\/v2\/posts\/128379\/revisions"}],"wp:featuredmedia":[{"embeddable":true,"href":"https:\/\/www.europesays.com\/fr\/wp-json\/wp\/v2\/media\/128380"}],"wp:attachment":[{"href":"https:\/\/www.europesays.com\/fr\/wp-json\/wp\/v2\/media?parent=128379"}],"wp:term":[{"taxonomy":"category","embeddable":true,"href":"https:\/\/www.europesays.com\/fr\/wp-json\/wp\/v2\/categories?post=128379"},{"taxonomy":"post_tag","embeddable":true,"href":"https:\/\/www.europesays.com\/fr\/wp-json\/wp\/v2\/tags?post=128379"}],"curies":[{"name":"wp","href":"https:\/\/api.w.org\/{rel}","templated":true}]}}