{"id":128381,"date":"2025-05-26T04:15:11","date_gmt":"2025-05-26T04:15:11","guid":{"rendered":"https:\/\/www.europesays.com\/fr\/128381\/"},"modified":"2025-05-26T04:15:11","modified_gmt":"2025-05-26T04:15:11","slug":"naturavelo-strategie-ecoresponsable-pour-un-impact-environnmental-reduit","status":"publish","type":"post","link":"https:\/\/www.europesays.com\/fr\/128381\/","title":{"rendered":"Naturav\u00e9lo : strat\u00e9gie \u00e9coresponsable pour un impact environnmental r\u00e9duit"},"content":{"rendered":"<p>Sp\u00e9cialiste <strong>is\u00e9rois <\/strong>du v\u00e9lo, <strong>Naturav\u00e9lo <\/strong>c\u00e9l\u00e8bre ses 15 ans d&rsquo;existence. L&rsquo;enseigne, fond\u00e9e par Bertrand Rabatel, g\u00e8re deux boutiques \u00e0 <a href=\"https:\/\/mesinfos.fr\/auvergne-rhone-alpes\/charavines-la-proximite-permet-de-retisser-les-fils-entre-la-sphere-politique-et-la-population-69090.html\" rel=\"noopener\" target=\"_blank\">Charavines <\/a>et \u00e0 <strong>Grenoble <\/strong>ainsi qu&rsquo;un site d\u00e9di\u00e9 \u00e0 la client\u00e8le professionnelle \u00e0 <strong>Saint-Martin-d&rsquo;H\u00e8res<\/strong>. <\/p>\n<p>Depuis 2016, l&rsquo;entreprise, qui emploie 22 collaborateurs, d\u00e9veloppe une <strong>politique RSE<\/strong>, mais c&rsquo;est v\u00e9ritablement en 2024 qu&rsquo;elle a d\u00e9cid\u00e9 d&rsquo;acc\u00e9l\u00e9rer les changements pour <strong>r\u00e9duire son impact environnemental<\/strong>. \u00ab\u00a0Cela fait suite \u00e0 notre participation \u00e0 la <a href=\"https:\/\/mesinfos.fr\/auvergne-rhone-alpes\/convention-des-entreprises-pour-le-climat-les-entreprises-regionales-sur-le-chemin-de-la-regeneration-193628.html\" rel=\"noopener\" target=\"_blank\">Convention des entreprises pour le climat <\/a>qui demande \u00e0 remanier le mod\u00e8le \u00e9conomique de l&rsquo;entreprise pour s&rsquo;adapter aux limites plan\u00e9taires\u00a0\u00bb, explique\u00a0Antoine Bussier, directeur adjoint et associ\u00e9 de Naturav\u00e9lo. <\/p>\n<blockquote>\n<p>\u00ab\u00a0Il se trouve que r\u00e9pondre aux limites plan\u00e9taires nous permet aussi de r\u00e9pondre \u00e0 la probl\u00e9matique de la baisse de vente de v\u00e9los neufs.\u00a0\u00bb <\/p>\n<\/blockquote>\n<p>  L&rsquo;enseigne is\u00e9roise, Naturav\u00e9lo, va d\u00e9velopper une offre de v\u00e9los reconditionn\u00e9s <\/p>\n<p>Ainsi, l&rsquo;entreprise va <strong>d\u00e9velopper <\/strong>une offre de <strong>v\u00e9los reconditionn\u00e9s <\/strong>par ses soins. \u00ab\u00a0Nous avons tous les m\u00e9tiers en interne et une plateforme logistique sur notre site de Saint-Martin-d&rsquo;H\u00e8res.\u00a0\u00bb Reste \u00e0 trouver la meilleure m\u00e9thode pour collecter les v\u00e9los usag\u00e9s. \u00ab\u00a0Une partie pourrait venir des clients mais, surtout, on peut imaginer une reprise du parc des collectivit\u00e9s et des entreprises.\u00a0\u00bb<\/p>\n<p>En parall\u00e8le, Naturav\u00e9lo s&rsquo;engage \u00e0 ne travailler qu&rsquo;avec les marques qui s&rsquo;engagent pour l&rsquo;environnement. \u00ab\u00a0On va adresser des courriers aux marques qui aujourd&rsquo;hui ne font rien et, au bout de la troisi\u00e8me relance, on arr\u00eatera de travailler avec elles.\u00a0\u00bb<\/p>\n<p> Atteindre l&rsquo;\u00e9quilibre 50\/50 entre la vente et les services <img decoding=\"async\" alt=\"\" data-zoomable=\"\" height=\"1501\" loading=\"lazy\" src=\"https:\/\/www.europesays.com\/fr\/wp-content\/uploads\/2025\/05\/img-20250521-145349.jpg\" title=\"\u00a9 THomas Richardson - Antoine Bussier pr\u00e9sente la presse \u00e0 vulcaniser qui permet de r\u00e9parer les chambres \u00e0 air.\" width=\"2000\"\/> \u00a9 Thomas Richardson &#8211; Antoine Bussier pr\u00e9sente la presse \u00e0 vulcaniser qui permet de r\u00e9parer les chambres \u00e0 air. <\/p>\n<p>Par ailleurs, Naturav\u00e9lo, qui a r\u00e9alis\u00e9 un <strong>chiffre d&rsquo;affaires de deux millions d&rsquo;euros en 2024<\/strong>, s&rsquo;est fix\u00e9e un<strong> double objectif <\/strong>: au niveau de sa <strong>client\u00e8le<\/strong>, atteindre l&rsquo;\u00e9quilibre <strong>50 % de particuliers <\/strong>et <strong>50 % d&rsquo;entreprises\/collectivit\u00e9s<\/strong> (ces derniers repr\u00e9sentent une trentaine de pourcent actuellement) et, au niveau de son <strong>chiffre d&rsquo;affaires<\/strong>, arriver \u00e0 l&rsquo;\u00e9quilibre <strong>50 % de ventes<\/strong> de v\u00e9los et accessoires et <strong>50 % de prestations de service<\/strong>. <\/p>\n<blockquote>\n<p>\u00ab\u00a0Actuellement, la partie vente repr\u00e9sente 80 % de notre chiffre d&rsquo;affaires, explique Antoine Bussier. On veut augmenter la part de services sans baisser la part de ventes. Nous consid\u00e9rons que les services servent la raison d&rsquo;\u00eatre de Naturav\u00e9lo : faire du v\u00e9lo un outil irr\u00e9sistible du quotidien.\u00a0\u00bb <\/p>\n<\/blockquote>\n<p>Ces services peuvent \u00eatre des formations avec des moniteurs de v\u00e9lo, de prestations m\u00e9caniques \u00e0 la fois dans les entreprises et dans les boutiques pour les particuliers, de la location de v\u00e9los, de la r\u00e9paration de chambres \u00e0 air&#8230;<\/p>\n<p> D\u00e9velopper l&rsquo;offre en BtoB via la marque Naturav\u00e9lo Entreprises cr\u00e9\u00e9e en 2022 <\/p>\n<p>\u00ab\u00a0Aujourd&rsquo;hui, comme dans toutes les boutiques de v\u00e9lo, on jette environ 1 000 chambres \u00e0 air par an. L&rsquo;id\u00e9e est de ne plus en jeter aucune \u00e0 l&rsquo;horizon 2026 en r\u00e9parant une tr\u00e8s grande majorit\u00e9 gr\u00e2ce \u00e0 notre presse \u00e0 vulcaniser. Celles qui ne sont pas r\u00e9parables seront envoy\u00e9es chez un prestataire allemand qui les reconditionne pour faire des pneus.\u00a0\u00bb <\/p>\n<p>Pour ce qui est la partie BtoB avec les collectivit\u00e9s et les entreprises, Naturav\u00e9lo a cr\u00e9\u00e9 en 2022 sa marque Naturav\u00e9lo Entreprises\u00a0qui propose une gamme de services d\u00e9di\u00e9s, ainsi qu&rsquo;une offre de v\u00e9los de fonction ou de service. \u00ab\u00a0On travaille d\u00e9j\u00e0 avec le CHU de Grenoble, la M\u00e9tropole, la Ville de Grenoble ou des entreprises comme BD&#8230;\u00a0\u00bb<\/p>\n","protected":false},"excerpt":{"rendered":"Sp\u00e9cialiste is\u00e9rois du v\u00e9lo, Naturav\u00e9lo c\u00e9l\u00e8bre ses 15 ans d&rsquo;existence. L&rsquo;enseigne, fond\u00e9e par Bertrand Rabatel, g\u00e8re deux boutiques&hellip;\n","protected":false},"author":2,"featured_media":128382,"comment_status":"","ping_status":"","sticky":false,"template":"","format":"standard","meta":{"footnotes":""},"categories":[9566],"tags":[1111,11,2430,7227,1777,674,1011,27,2731,12,25,18573,4063],"class_list":{"0":"post-128381","1":"post","2":"type-post","3":"status-publish","4":"format-standard","5":"has-post-thumbnail","7":"category-grenoble","8":"tag-actu","9":"tag-actualites","10":"tag-auvergne-rhone-alpes","11":"tag-commerces","12":"tag-eu","13":"tag-europe","14":"tag-fr","15":"tag-france","16":"tag-grenoble","17":"tag-news","18":"tag-republique-francaise","19":"tag-rse","20":"tag-vu00e9lo"},"share_on_mastodon":{"url":"https:\/\/pubeurope.com\/@fr\/114572199414621955","error":""},"_links":{"self":[{"href":"https:\/\/www.europesays.com\/fr\/wp-json\/wp\/v2\/posts\/128381","targetHints":{"allow":["GET"]}}],"collection":[{"href":"https:\/\/www.europesays.com\/fr\/wp-json\/wp\/v2\/posts"}],"about":[{"href":"https:\/\/www.europesays.com\/fr\/wp-json\/wp\/v2\/types\/post"}],"author":[{"embeddable":true,"href":"https:\/\/www.europesays.com\/fr\/wp-json\/wp\/v2\/users\/2"}],"replies":[{"embeddable":true,"href":"https:\/\/www.europesays.com\/fr\/wp-json\/wp\/v2\/comments?post=128381"}],"version-history":[{"count":0,"href":"https:\/\/www.europesays.com\/fr\/wp-json\/wp\/v2\/posts\/128381\/revisions"}],"wp:featuredmedia":[{"embeddable":true,"href":"https:\/\/www.europesays.com\/fr\/wp-json\/wp\/v2\/media\/128382"}],"wp:attachment":[{"href":"https:\/\/www.europesays.com\/fr\/wp-json\/wp\/v2\/media?parent=128381"}],"wp:term":[{"taxonomy":"category","embeddable":true,"href":"https:\/\/www.europesays.com\/fr\/wp-json\/wp\/v2\/categories?post=128381"},{"taxonomy":"post_tag","embeddable":true,"href":"https:\/\/www.europesays.com\/fr\/wp-json\/wp\/v2\/tags?post=128381"}],"curies":[{"name":"wp","href":"https:\/\/api.w.org\/{rel}","templated":true}]}}