{"id":128386,"date":"2025-05-26T04:19:26","date_gmt":"2025-05-26T04:19:26","guid":{"rendered":"https:\/\/www.europesays.com\/fr\/128386\/"},"modified":"2025-05-26T04:19:26","modified_gmt":"2025-05-26T04:19:26","slug":"wta-de-strasbourg-elena-rybakina-simpose-devant-liudmilasamsonova-sport-2","status":"publish","type":"post","link":"https:\/\/www.europesays.com\/fr\/128386\/","title":{"rendered":"WTA de Strasbourg. Elena Rybakina s\u2019impose devant LiudmilaSamsonova . Sport"},"content":{"rendered":"<p>Elena Rybakina a remport\u00e9 samedi le tournoi WTA 500\u00a0de Strasbourg, s\u2019imposant 6-1, 6-7 (2\/7), 6-1 face \u00e0 Liudmila Samsonova, \u00e0 deux jours de leur entr\u00e9e en lice \u00e0 Roland-Garros.<\/p>\n<p>La N.12\u00a0mondiale, qui d\u00e9butera Porte d\u2019Auteuil face \u00e0 l\u2019Argentine Julia Riera, issue des qualifications, a domin\u00e9 en 2 heures 13 la Russe, 19e mondiale, qui affrontera l\u2019\u00c9gyptienne Mayar Sherif (61e mondiale) lundi.<\/p>\n<p>La joueuse du Kazakhstan, qui \u00e0 25\u00a0ans remporte son neuvi\u00e8me titre, a mis \u00e0 profit son puissant service pour empocher le premier set avec autorit\u00e9 (6-1).<\/p>\n<p>La Russe de 26\u00a0ans l\u2019a pouss\u00e9e dans ses retranchements, se procurant trois balles de break en premi\u00e8re manche lors de jeux \u00e0 rallonge. Mais Rybakina, qui ne l\u2019avait battue qu\u2019une fois en cinq confrontations jusque-l\u00e0, a tenu bon.<\/p>\n<p>Dans la deuxi\u00e8me manche, bien plus ouverte, les deux femmes ont chacune \u00e0 leur tour cru prendre les commandes, avant de g\u00e2cher leur break d\u2019avance au jeu suivant. Samsonova a enlev\u00e9 sans broncher le tie-break (7\/1) apr\u00e8s avoir \u00e9chou\u00e9 \u00e0 convertir trois balles de set \u00e0 6-5.<\/p>\n<p><strong>Lire aussi<\/strong>\u00a0:<a href=\"https:\/\/rennes.maville.com\/sport\/detail_-roland-garros.-caroline-garcia-a-t-elle-pris-un-risque-en-faisant-une-injection-de-corticoides-_53511-6823209_actu.Htm\" target=\"_blank\" rel=\"noopener\"> Roland-Garros. Caroline Garcia a-t-elle pris un risque en faisant une injection de cortico\u00efdes\u00a0?<\/a><\/p>\n<p>Mais Rybakina a pris l\u2019avantage dans la troisi\u00e8me manche, \u00e0 2-0. F\u00e9brile sur son service, Samsonova a conc\u00e9d\u00e9 un double break, laissant la Kazakhe servir pour le match et conclure sur un ace, son 16e de la rencontre.<\/p>\n<p>\u00a0<\/p>\n","protected":false},"excerpt":{"rendered":"Elena Rybakina a remport\u00e9 samedi le tournoi WTA 500\u00a0de Strasbourg, s\u2019imposant 6-1, 6-7 (2\/7), 6-1 face \u00e0 Liudmila&hellip;\n","protected":false},"author":2,"featured_media":128069,"comment_status":"","ping_status":"","sticky":false,"template":"","format":"standard","meta":{"footnotes":""},"categories":[2820],"tags":[1111,11,3809,1465,1777,674,63,1011,27,775,1792,1922,12,3086,25,479,517,640,1470],"class_list":{"0":"post-128386","1":"post","2":"type-post","3":"status-publish","4":"format-standard","5":"has-post-thumbnail","7":"category-strasbourg","8":"tag-actu","9":"tag-actualites","10":"tag-ball","11":"tag-basket","12":"tag-eu","13":"tag-europe","14":"tag-football","15":"tag-fr","16":"tag-france","17":"tag-grand-est","18":"tag-handball","19":"tag-info","20":"tag-news","21":"tag-redon","22":"tag-republique-francaise","23":"tag-rugby","24":"tag-sport","25":"tag-strasbourg","26":"tag-volley"},"share_on_mastodon":{"url":"https:\/\/pubeurope.com\/@fr\/114572215122678246","error":""},"_links":{"self":[{"href":"https:\/\/www.europesays.com\/fr\/wp-json\/wp\/v2\/posts\/128386","targetHints":{"allow":["GET"]}}],"collection":[{"href":"https:\/\/www.europesays.com\/fr\/wp-json\/wp\/v2\/posts"}],"about":[{"href":"https:\/\/www.europesays.com\/fr\/wp-json\/wp\/v2\/types\/post"}],"author":[{"embeddable":true,"href":"https:\/\/www.europesays.com\/fr\/wp-json\/wp\/v2\/users\/2"}],"replies":[{"embeddable":true,"href":"https:\/\/www.europesays.com\/fr\/wp-json\/wp\/v2\/comments?post=128386"}],"version-history":[{"count":0,"href":"https:\/\/www.europesays.com\/fr\/wp-json\/wp\/v2\/posts\/128386\/revisions"}],"wp:featuredmedia":[{"embeddable":true,"href":"https:\/\/www.europesays.com\/fr\/wp-json\/wp\/v2\/media\/128069"}],"wp:attachment":[{"href":"https:\/\/www.europesays.com\/fr\/wp-json\/wp\/v2\/media?parent=128386"}],"wp:term":[{"taxonomy":"category","embeddable":true,"href":"https:\/\/www.europesays.com\/fr\/wp-json\/wp\/v2\/categories?post=128386"},{"taxonomy":"post_tag","embeddable":true,"href":"https:\/\/www.europesays.com\/fr\/wp-json\/wp\/v2\/tags?post=128386"}],"curies":[{"name":"wp","href":"https:\/\/api.w.org\/{rel}","templated":true}]}}