{"id":128387,"date":"2025-05-26T04:20:12","date_gmt":"2025-05-26T04:20:12","guid":{"rendered":"https:\/\/www.europesays.com\/fr\/128387\/"},"modified":"2025-05-26T04:20:12","modified_gmt":"2025-05-26T04:20:12","slug":"quelle-est-competition-de-voile-organisee-jusqua-ce-dimanche-a-villefranche-sur-mer","status":"publish","type":"post","link":"https:\/\/www.europesays.com\/fr\/128387\/","title":{"rendered":"Quelle est comp\u00e9tition de voile organis\u00e9e jusqu\u2019\u00e0 ce dimanche \u00e0 Villefranche-sur-Mer?"},"content":{"rendered":"<p>Attention, monument historique en vue! Ce dimanche 25 mai, de 10h \u00e0 midi, tous les passionn\u00e9s de voile et d\u2019histoire ont rendez-vous au port de la Darse \u00e0 Villefranche-sur-Mer pour la comp\u00e9tition de voile, Mediterranean Records. L\u2019occasion d\u2019admirer une parade du Mariska, l\u2019un des quatre derniers yachts classiques de 15m\u00e8tres qui navigue encore. Ce bateau construit en 1908 est normalement bas\u00e9 \u00e0 Barcelone et sa pr\u00e9sence dans la rade marque le lancement de plusieurs op\u00e9rations: le lancement d\u2019un nouveau chantier naval dans le port de la Darse et le lancement d\u2019une nouvelle application de course pour les marins.<\/p>\n<p>Thomas Tison, architecte naval de l\u2019\u00e9quipe britannique INeos, vainqueur de la Coupe Vuitton en 2024, a choisi Villefranche-sur-Mer pour s\u2019installer. \u00ab\u00a0Ici, il a des infrastructures, des connaissances, des exercices, tout pour \u00eatre comp\u00e9titif\u00a0\u00bb. La construction de bateaux en bois modernes, \u00ab\u00a0\u00e0 l\u2019intersection de l\u2019artisanat, de la technologie et de l\u2019\u00e9cologie\u00a0\u00bb sera au coeur de ce chantier.<\/p>\n<p>Et, le Mariska n\u2019est pas l\u00e0 simplement pour faire de la figuration mais pour lancer un nouveau d\u00e9fi sportif sur la travers\u00e9e Villefranche-San Remo. \u00ab\u00a0A l\u2019image de l\u2019application Strava pour les runs, j\u2019ai cr\u00e9e une application permettant aux navigateurs de mesurer et de comparer leurs temps sur des parcours pr\u00e9d\u00e9finis\u00a0\u00bb poursuit Thomas Tison. Sept destinations seront propos\u00e9es, toutes au d\u00e9part de Villefranche: San Remo, Antibes, Portoogino, Saint-Tropez, Calvi et Mahon aux Bal\u00e9ares.<\/p>\n<p>Il reviendra donc au Mariska d\u2019\u00e9tablir le premier temps de r\u00e9f\u00e9rence sur le parcours vers San Remo, \u00ab\u00a0l\u2019aventure nous a tout de suite s\u00e9duit et on a dit oui\u00a0\u00bb, confirme Mananon Bajart, la capitaine du bateau. A midi, les voiles seront hiss\u00e9es pour le d\u00e9part officiel, au large du phare du Cap Ferrat. L\u2019heure ne sera plus \u00e0 la parade mais au d\u00e9fi sportif. Pour le plus grand bonheur des admirateurs plac\u00e9 \u00e0 la hauteur du phare, \u00ab\u00a0nous allons raser la C\u00f4te\u00a0\u00bb, promet Thomas Tison.<\/p>\n","protected":false},"excerpt":{"rendered":"Attention, monument historique en vue! Ce dimanche 25 mai, de 10h \u00e0 midi, tous les passionn\u00e9s de voile&hellip;\n","protected":false},"author":2,"featured_media":128388,"comment_status":"","ping_status":"","sticky":false,"template":"","format":"standard","meta":{"footnotes":""},"categories":[2819],"tags":[1111,11,1777,674,1011,27,12,2401,882,25,3366],"class_list":{"0":"post-128387","1":"post","2":"type-post","3":"status-publish","4":"format-standard","5":"has-post-thumbnail","7":"category-nice","8":"tag-actu","9":"tag-actualites","10":"tag-eu","11":"tag-europe","12":"tag-fr","13":"tag-france","14":"tag-news","15":"tag-nice","16":"tag-provence-alpes-cote-dazur","17":"tag-republique-francaise","18":"tag-vie-locale"},"share_on_mastodon":{"url":"https:\/\/pubeurope.com\/@fr\/114572219105690383","error":""},"_links":{"self":[{"href":"https:\/\/www.europesays.com\/fr\/wp-json\/wp\/v2\/posts\/128387","targetHints":{"allow":["GET"]}}],"collection":[{"href":"https:\/\/www.europesays.com\/fr\/wp-json\/wp\/v2\/posts"}],"about":[{"href":"https:\/\/www.europesays.com\/fr\/wp-json\/wp\/v2\/types\/post"}],"author":[{"embeddable":true,"href":"https:\/\/www.europesays.com\/fr\/wp-json\/wp\/v2\/users\/2"}],"replies":[{"embeddable":true,"href":"https:\/\/www.europesays.com\/fr\/wp-json\/wp\/v2\/comments?post=128387"}],"version-history":[{"count":0,"href":"https:\/\/www.europesays.com\/fr\/wp-json\/wp\/v2\/posts\/128387\/revisions"}],"wp:featuredmedia":[{"embeddable":true,"href":"https:\/\/www.europesays.com\/fr\/wp-json\/wp\/v2\/media\/128388"}],"wp:attachment":[{"href":"https:\/\/www.europesays.com\/fr\/wp-json\/wp\/v2\/media?parent=128387"}],"wp:term":[{"taxonomy":"category","embeddable":true,"href":"https:\/\/www.europesays.com\/fr\/wp-json\/wp\/v2\/categories?post=128387"},{"taxonomy":"post_tag","embeddable":true,"href":"https:\/\/www.europesays.com\/fr\/wp-json\/wp\/v2\/tags?post=128387"}],"curies":[{"name":"wp","href":"https:\/\/api.w.org\/{rel}","templated":true}]}}