{"id":128391,"date":"2025-05-26T04:22:37","date_gmt":"2025-05-26T04:22:37","guid":{"rendered":"https:\/\/www.europesays.com\/fr\/128391\/"},"modified":"2025-05-26T04:22:37","modified_gmt":"2025-05-26T04:22:37","slug":"un-bel-hommage-aux-femmes-celebres-dans-la-vallee-du-cens","status":"publish","type":"post","link":"https:\/\/www.europesays.com\/fr\/128391\/","title":{"rendered":"Un bel hommage aux femmes c\u00e9l\u00e8bres dans la Vall\u00e9e du Cens"},"content":{"rendered":"<p>Afin de donner plus de visibilit\u00e9 aux femmes, la Ville <a href=\"https:\/\/nantes.maville.com\/sport\/detail_-hanbdall.-bercy-etait-orvaltais-mais-ca-n-a-pas-suffi-un-gros-kif-d-avoir-ce-soutien-_52716-6812077_actu.Htm\" rel=\"nofollow noopener\" target=\"_blank\">d\u2019Orvault <\/a>a lanc\u00e9 une d\u00e9marche de f\u00e9minisation des noms de rues et de sites publics. Dix-sept passerelles de la Vall\u00e9e du Cens se sont ainsi vu attribuer le nom de femmes ayant marqu\u00e9 l\u2019histoire, donnant lieu \u00e0 un parcours th\u00e9matique de 9\u00a0kilom\u00e8tres.<\/p>\n<p>++ Lire aussi\u00a0:<a href=\"https:\/\/nantes.maville.com\/actu\/actudet_-un-hommage-danse-et-gagnant-pour-le-lycee-nortais-_8-6764545_actu.Htm\" rel=\"nofollow noopener\" target=\"_blank\"> Un hommage dans\u00e9 et gagnant pour le lyc\u00e9e nortais<\/a><\/p>\n<p>Ces femmes ont marqu\u00e9 l\u2019histoire de la conqu\u00eate des droits humains<\/p>\n<p>La municipalit\u00e9 a souhait\u00e9 f\u00e9miniser les noms nouvellement donn\u00e9s aux lieux et \u00e9quipements publics. C\u2019est dans cette logique que les passerelles de la Vall\u00e9e du Cens ont pris le nom de figures f\u00e9minines engag\u00e9es.<\/p>\n<p><strong>Un parcours historique et p\u00e9dagogique<\/strong><\/p>\n<p>Les femmes mises \u00e0 l\u2019honneur -d\u2019Olympe de Gouges (femme de lettres fran\u00e7aise du XVIIIe) \u00e0 Bell Hooks (autrice et militante f\u00e9ministe afro-am\u00e9ricaine du XXe et XXIe)-, ont pour point commun d\u2019avoir marqu\u00e9 l\u2019histoire de la conqu\u00eate des droits humains, et particuli\u00e8rement ceux des femmes. Leurs noms ont \u00e9t\u00e9 donn\u00e9s aux passerelles selon un ordre chronologique, de l\u2019amont \u00e0 l\u2019aval du Cens, dans la perspective de cr\u00e9er un parcours-d\u00e9couverte \u00e0 travers le temps.<\/p>\n<p>En accompagnement, les plaques sur chaque passerelle et un panneau introductif implant\u00e9 \u00e0 proximit\u00e9 de la Vall\u00e9e du Cens, au square Jacques-Lambert, fourniront des informations sur toutes ces femmes remarquables via un QR code renvoyant \u00e0 une page d\u00e9di\u00e9e.<\/p>\n<p>Trois passerelles doivent \u00eatre restaur\u00e9es prochainement.<\/p>\n<p><strong>Une balade cont\u00e9e le 29\u00a0juin<\/strong><\/p>\n<p>Afin de faire vivre ce nouveau parcours, une balade cont\u00e9e sera propos\u00e9e dans le cadre de la F\u00eate de l\u2019environnement le 29\u00a0juin \u00e0 11\u00a0h.<\/p>\n<p>Deux com\u00e9diennes de la compagnie Les Moires entra\u00eeneront le public sur les sentiers de la Vall\u00e9e du Cens, pour d\u00e9couvrir les portraits des femmes qui ont donn\u00e9 leur nom aux passerelles du site.<\/p>\n<p>\u00c0 chaque halte, les com\u00e9diennes improviseront une sayn\u00e8te inspir\u00e9e de ces destins f\u00e9minins, m\u00ealant m\u00e9moire, th\u00e9\u00e2tre et nature.<\/p>\n<p>Gratuit, r\u00e9servation conseill\u00e9e\u00a0: politiqueville@mairie-orvault.fr <br \/>ou au 02\u00a051\u00a078\u00a031\u00a048<\/p>\n<p>\u00a0<\/p>\n","protected":false},"excerpt":{"rendered":"Afin de donner plus de visibilit\u00e9 aux femmes, la Ville d\u2019Orvault a lanc\u00e9 une d\u00e9marche de f\u00e9minisation des&hellip;\n","protected":false},"author":2,"featured_media":128392,"comment_status":"","ping_status":"","sticky":false,"template":"","format":"standard","meta":{"footnotes":""},"categories":[2818],"tags":[1111,11,22681,18115,25232,1777,674,4651,1011,27,4879,766,12,2636,25,25231],"class_list":{"0":"post-128391","1":"post","2":"type-post","3":"status-publish","4":"format-standard","5":"has-post-thumbnail","7":"category-nantes","8":"tag-actu","9":"tag-actualites","10":"tag-bel","11":"tag-celebres","12":"tag-cens","13":"tag-eu","14":"tag-europe","15":"tag-femmes","16":"tag-fr","17":"tag-france","18":"tag-hommage","19":"tag-nantes","20":"tag-news","21":"tag-pays-de-la-loire","22":"tag-republique-francaise","23":"tag-vallee"},"share_on_mastodon":{"url":"https:\/\/pubeurope.com\/@fr\/114572226961735930","error":""},"_links":{"self":[{"href":"https:\/\/www.europesays.com\/fr\/wp-json\/wp\/v2\/posts\/128391","targetHints":{"allow":["GET"]}}],"collection":[{"href":"https:\/\/www.europesays.com\/fr\/wp-json\/wp\/v2\/posts"}],"about":[{"href":"https:\/\/www.europesays.com\/fr\/wp-json\/wp\/v2\/types\/post"}],"author":[{"embeddable":true,"href":"https:\/\/www.europesays.com\/fr\/wp-json\/wp\/v2\/users\/2"}],"replies":[{"embeddable":true,"href":"https:\/\/www.europesays.com\/fr\/wp-json\/wp\/v2\/comments?post=128391"}],"version-history":[{"count":0,"href":"https:\/\/www.europesays.com\/fr\/wp-json\/wp\/v2\/posts\/128391\/revisions"}],"wp:featuredmedia":[{"embeddable":true,"href":"https:\/\/www.europesays.com\/fr\/wp-json\/wp\/v2\/media\/128392"}],"wp:attachment":[{"href":"https:\/\/www.europesays.com\/fr\/wp-json\/wp\/v2\/media?parent=128391"}],"wp:term":[{"taxonomy":"category","embeddable":true,"href":"https:\/\/www.europesays.com\/fr\/wp-json\/wp\/v2\/categories?post=128391"},{"taxonomy":"post_tag","embeddable":true,"href":"https:\/\/www.europesays.com\/fr\/wp-json\/wp\/v2\/tags?post=128391"}],"curies":[{"name":"wp","href":"https:\/\/api.w.org\/{rel}","templated":true}]}}