{"id":128402,"date":"2025-05-26T04:29:30","date_gmt":"2025-05-26T04:29:30","guid":{"rendered":"https:\/\/www.europesays.com\/fr\/128402\/"},"modified":"2025-05-26T04:29:30","modified_gmt":"2025-05-26T04:29:30","slug":"bruce-springsteen-electrise-son-public-francais-et-serige-en-heraut-de-la-resistance-a-trump","status":"publish","type":"post","link":"https:\/\/www.europesays.com\/fr\/128402\/","title":{"rendered":"Bruce Springsteen \u00e9lectrise son public fran\u00e7ais et s\u2019\u00e9rige en h\u00e9raut de la r\u00e9sistance \u00e0 Trump"},"content":{"rendered":"<p class=\"latino-300b text-grey-800\">\n<p>  Par\u00a0<br \/>\n<a href=\"https:\/\/www.nouvelobs.com\/journalistes\/862\/marion-lize.html\" class=\"text-decoration-none link--box d-inline\" target=\"_blank\" rel=\"noopener\">Marion Liz\u00e9<\/a>                <\/p>\n<p class=\"latino-300r text-grey-600\">\n      Publi\u00e9 le<\/p>\n<p>    25 mai 2025 \u00e0 6h40, mis \u00e0 jour le<\/p>\n<p>      25 mai 2025 \u00e0 10h17\n  <\/p>\n<p>      <img fetchpriority=\"high\" decoding=\"async\" class=\"mx-auto\" src=\"data:image\/svg+xml,%3Csvg%20xmlns%3D%27http%3A%2F%2Fwww.w3.org%2F2000%2Fsvg%27%20fill%3D%22%23e4e4e4%22%20viewBox%3D%270%200%20510%20340%27%20width%3D%22510%22%20height%3D%22340%22%3E%3Cpath%20d%3D%27M0%200h510v340H0z%27%2F%3E%3C%2Fsvg%3E\"  loading=\"eager\" width=\"510\" height=\"340\" data-oncrawl-image-size=\"510x340\" alt=\"Bruce Springsteen et The E Street Band, en concert \u00e0  la Decathlon Arena, le 24\u00a0mai, \u00e0 Lille\"\/>      <\/p>\n<p class=\"latino-100m text-grey-600\">\n            Bruce Springsteen et The E Street Band, en concert \u00e0  la Decathlon Arena, le 24\u00a0mai, \u00e0 Lille\u00a0SEBASTIEN COURDJI \/ GETTY IMAGES VIA AFP        <\/p>\n<p>    Lire\u00a0plus\u00a0tard  <\/p>\n<p><a aria-label=\"Nous suivre sur Google News\" href=\"https:\/\/news.google.com\/publications\/CAAqBwgKMJe4nQkw3dFs?hl=fr&amp;gl=FR&amp;ceid=FR%3Afr\" target=\"_blank\" data-piano=\"Page_Article,Sous_date_publi,Nous_suivre_sur_google_news,1er_clic,action\" class=\"btn btn--small btn--secondary\" rel=\"noopener\"><\/p>\n<p>      Google Actualit\u00e9s<br \/>\n  <\/a><\/p>\n<p>  Partager<\/p>\n<p>        Facebook<\/p>\n<p>        Bluesky<\/p>\n<p>        E-mail<\/p>\n<p>        Copier le lien<\/p>\n<p>      Envoyer<\/p>\n<p>    Offrir\u00a0cet\u00a0article<\/p>\n<p>S\u2019abonner permet d\u2019offrir les articles \u00e0 vos proches. Et pas que\u00a0: vous pouvez les consulter et les commenter.<\/p>\n<p>    Temps de lecture\u00a0:\u00a03\u00a0min.<\/p>\n<p class=\"badge badge--content-gift latino-100b\">Offert<\/p>\n<p class=\"article__description latino-600m mb-8 mb-lg-30 \" data-oncrawl-chapo-length=\"287\">\n  \t  Critique\u00a0<br \/>\n    Le Boss donnait le premier de ses trois concerts fran\u00e7ais, samedi 24 mai \u00e0 Lille. Un show de pr\u00e8s de trois heures, puissant et forc\u00e9ment engag\u00e9, \u00e0 l\u2019heure o\u00f9 l\u2019artiste du New Jersey fait (aussi) l\u2019actualit\u00e9 pour ses prises de position contre le pr\u00e9sident am\u00e9ricain Donald Trump.<\/p>\n<p class=\"latino-500b text-grey-600\">Pour aller plus loin<\/p>\n<p class=\"node__paragraphe antonia-750r text-grey-800 pb-8\">\nEst-ce, d\u2019embl\u00e9e, un pied de nez \u00e0 Trump\u00a0? A peine arriv\u00e9 sur la sc\u00e8ne du stade Pierre-Mauroy, Bruce Springsteen, \u00e9l\u00e9gant en veston et cravate, salue les 60\u00a0000 spectateurs du public, empoigne sa Telecaster et se lance dans une version enflamm\u00e9e de \u00ab\u00a0No Surrender\u00a0\u00bb, chanson de son album culte \u00ab\u00a0Born In The U.S.A.\u00a0\u00bb de 1984. Les paroles r\u00e9sonnent diff\u00e9remment quarante ans plus tard\u00a0: \u00ab\u00a0Nous avons fait une promesse dont nous avons jur\u00e9 de toujours\u2026<\/p>\n<p class=\"teaser pb-md-10\">La r\u00e9daction vous offre cet article.<\/p>\n<p class=\"benefits pb-5 pb-md-15\">Une fois inscrit, vous pouvez profiter gratuitement des articles offerts.<\/p>\n<p>    Cr\u00e9er un compte gratuit<\/p>\n<p>      Se connecter<\/p>\n","protected":false},"excerpt":{"rendered":"Par\u00a0 Marion Liz\u00e9 Publi\u00e9 le 25 mai 2025 \u00e0 6h40, mis \u00e0 jour le 25 mai 2025 \u00e0&hellip;\n","protected":false},"author":2,"featured_media":128403,"comment_status":"","ping_status":"","sticky":false,"template":"","format":"standard","meta":{"footnotes":""},"categories":[2815],"tags":[17,1111,11,4707,3684,251,25233,25234,1777,674,1011,3844,27,811,1307,74,12,3532,25,3685],"class_list":{"0":"post-128402","1":"post","2":"type-post","3":"status-publish","4":"format-standard","5":"has-post-thumbnail","7":"category-lille","8":"tag-17","9":"tag-actu","10":"tag-actualites","11":"tag-amerique","12":"tag-bruce","13":"tag-culture","14":"tag-electrise","15":"tag-erige","16":"tag-eu","17":"tag-europe","18":"tag-fr","19":"tag-francais","20":"tag-france","21":"tag-hauts-de-france","22":"tag-lille","23":"tag-monde","24":"tag-news","25":"tag-public","26":"tag-republique-francaise","27":"tag-springsteen"},"share_on_mastodon":{"url":"https:\/\/pubeurope.com\/@fr\/114572254447383694","error":""},"_links":{"self":[{"href":"https:\/\/www.europesays.com\/fr\/wp-json\/wp\/v2\/posts\/128402","targetHints":{"allow":["GET"]}}],"collection":[{"href":"https:\/\/www.europesays.com\/fr\/wp-json\/wp\/v2\/posts"}],"about":[{"href":"https:\/\/www.europesays.com\/fr\/wp-json\/wp\/v2\/types\/post"}],"author":[{"embeddable":true,"href":"https:\/\/www.europesays.com\/fr\/wp-json\/wp\/v2\/users\/2"}],"replies":[{"embeddable":true,"href":"https:\/\/www.europesays.com\/fr\/wp-json\/wp\/v2\/comments?post=128402"}],"version-history":[{"count":0,"href":"https:\/\/www.europesays.com\/fr\/wp-json\/wp\/v2\/posts\/128402\/revisions"}],"wp:featuredmedia":[{"embeddable":true,"href":"https:\/\/www.europesays.com\/fr\/wp-json\/wp\/v2\/media\/128403"}],"wp:attachment":[{"href":"https:\/\/www.europesays.com\/fr\/wp-json\/wp\/v2\/media?parent=128402"}],"wp:term":[{"taxonomy":"category","embeddable":true,"href":"https:\/\/www.europesays.com\/fr\/wp-json\/wp\/v2\/categories?post=128402"},{"taxonomy":"post_tag","embeddable":true,"href":"https:\/\/www.europesays.com\/fr\/wp-json\/wp\/v2\/tags?post=128402"}],"curies":[{"name":"wp","href":"https:\/\/api.w.org\/{rel}","templated":true}]}}