{"id":128406,"date":"2025-05-26T04:31:12","date_gmt":"2025-05-26T04:31:12","guid":{"rendered":"https:\/\/www.europesays.com\/fr\/128406\/"},"modified":"2025-05-26T04:31:12","modified_gmt":"2025-05-26T04:31:12","slug":"alerte-bleue-a-marseille-une-petite-creature-poilue-turbulente-et-franchement-adorable-a-debarque-au-pathe-la-joliette","status":"publish","type":"post","link":"https:\/\/www.europesays.com\/fr\/128406\/","title":{"rendered":"Alerte bleue \u00e0 Marseille! Une petite cr\u00e9ature poilue, turbulente\u2026 et franchement adorable a d\u00e9barqu\u00e9 au Path\u00e9 La Joliette!"},"content":{"rendered":"<p>Retour sur la venue de Stitch au Path\u00e9 La Joliette : un moment magique pour petits et grands ! Ce dimanche 25 mai, le cin\u00e9ma Path\u00e9 La Joliette \u00e0 Marseille a v\u00e9cu une belle matin\u00e9e \u00e0 l\u2019occasion de la sortie du film live-action Lilo et Stitch. Pour c\u00e9l\u00e9brer ce grand retour sur grand \u00e9cran, la mascotte officielle de Stitch a fait une apparition tr\u00e8s remarqu\u00e9e, provoquant l\u2019enthousiasme des familles venues nombreuses pour vivre une exp\u00e9rience inoubliable.<\/p>\n<p>D\u00e8s 10h00, les fans \u2013 petits comme grands \u2013 se sont rassembl\u00e9s dans le hall du cin\u00e9ma, impatients de rencontrer en chair et en peluche leur extraterrestre pr\u00e9f\u00e9r\u00e9. S\u00e9ances photos, c\u00e2lins et fous rires ont rythm\u00e9 cette animation conviviale, plac\u00e9e sous le signe de la bonne humeur et de la nostalgie.<\/p>\n<p>Sorti initialement en 2002, le dessin-anim\u00e9 montrait les aventures de Lilo, une jeune Hawa\u00efenne r\u00eaveuse et intr\u00e9pide, qui croise la route de Stitch, une \u00e9trange cr\u00e9ature n\u00e9e d\u2019une exp\u00e9rimentation scientifique. Apr\u00e8s \u00ab\u00a0Le Roi Lion\u00a0\u00bb ou \u00ab\u00a0La Petite Sir\u00e8ne\u00a0\u00bb, adapter \u00ab\u00a0Lilo &amp; Stitch\u00a0\u00bb en live action.<\/p>\n<p>Un film qui touche toujours autant<br \/>Cette animation marseillaise accompagnait la sortie du remake tr\u00e8s attendu de Lilo et Stitch, r\u00e9alis\u00e9 par Dean Fleischer Camp. Le film, fid\u00e8le \u00e0 la version originale de 2002, offre une relecture moderne et \u00e9mouvante de cette histoire sur la famille, la diff\u00e9rence et l\u2019amiti\u00e9. Lilo, Nani et Stitch retrouvent vie gr\u00e2ce \u00e0 une combinaison r\u00e9ussie d\u2019acteurs talentueux et de cr\u00e9atures num\u00e9riques bluffantes. Le tout dans un d\u00e9cor hawa\u00efen authentique, qui donne au film un charme tout particulier.<\/p>\n<p>\u00a0<\/p>\n<\/p>\n<p>\u00a0<\/p>\n<p>Un \u00e9v\u00e9nement r\u00e9ussi<br \/>Les spectateurs \u00e9taient au rendez-vous, et l\u2019ambiance chaleureuse du cin\u00e9ma Path\u00e9 La Joliette a permis \u00e0 chacun de repartir avec des \u00e9toiles dans les yeux et des souvenirs plein la t\u00eate. Entre l\u2019\u00e9motion du film et la joie de croiser Stitch en vrai, petits et grands ont partag\u00e9 un moment fort, dans la pure tradition Disney.<\/p>\n<p>Lilo et Stitch sont toujours \u00e0 l\u2019affiche !<br \/>N\u2019h\u00e9sitez pas \u00e0 venir le d\u00e9couvrir ou le red\u00e9couvrir, en famille ou entre amis, dans les meilleures conditions\u2026 et pourquoi pas en compagnie d\u2019un pop-corn intergalactique !<\/p>\n<p>\u00a0<\/p>\n<p>\u00a0<\/p>\n","protected":false},"excerpt":{"rendered":"Retour sur la venue de Stitch au Path\u00e9 La Joliette : un moment magique pour petits et grands&hellip;\n","protected":false},"author":2,"featured_media":128407,"comment_status":"","ping_status":"","sticky":false,"template":"","format":"standard","meta":{"footnotes":""},"categories":[2814],"tags":[1111,11,650,1777,674,1011,27,25239,21576,884,12,25238,882,25],"class_list":{"0":"post-128406","1":"post","2":"type-post","3":"status-publish","4":"format-standard","5":"has-post-thumbnail","7":"category-marseille","8":"tag-actu","9":"tag-actualites","10":"tag-cinema","11":"tag-eu","12":"tag-europe","13":"tag-fr","14":"tag-france","15":"tag-lilo-et-stitch","16":"tag-maritima","17":"tag-marseille","18":"tag-news","19":"tag-pathe-joliette-marseille","20":"tag-provence-alpes-cote-dazur","21":"tag-republique-francaise"},"share_on_mastodon":{"url":"https:\/\/pubeurope.com\/@fr\/114572262387315564","error":""},"_links":{"self":[{"href":"https:\/\/www.europesays.com\/fr\/wp-json\/wp\/v2\/posts\/128406","targetHints":{"allow":["GET"]}}],"collection":[{"href":"https:\/\/www.europesays.com\/fr\/wp-json\/wp\/v2\/posts"}],"about":[{"href":"https:\/\/www.europesays.com\/fr\/wp-json\/wp\/v2\/types\/post"}],"author":[{"embeddable":true,"href":"https:\/\/www.europesays.com\/fr\/wp-json\/wp\/v2\/users\/2"}],"replies":[{"embeddable":true,"href":"https:\/\/www.europesays.com\/fr\/wp-json\/wp\/v2\/comments?post=128406"}],"version-history":[{"count":0,"href":"https:\/\/www.europesays.com\/fr\/wp-json\/wp\/v2\/posts\/128406\/revisions"}],"wp:featuredmedia":[{"embeddable":true,"href":"https:\/\/www.europesays.com\/fr\/wp-json\/wp\/v2\/media\/128407"}],"wp:attachment":[{"href":"https:\/\/www.europesays.com\/fr\/wp-json\/wp\/v2\/media?parent=128406"}],"wp:term":[{"taxonomy":"category","embeddable":true,"href":"https:\/\/www.europesays.com\/fr\/wp-json\/wp\/v2\/categories?post=128406"},{"taxonomy":"post_tag","embeddable":true,"href":"https:\/\/www.europesays.com\/fr\/wp-json\/wp\/v2\/tags?post=128406"}],"curies":[{"name":"wp","href":"https:\/\/api.w.org\/{rel}","templated":true}]}}