{"id":128408,"date":"2025-05-26T04:32:13","date_gmt":"2025-05-26T04:32:13","guid":{"rendered":"https:\/\/www.europesays.com\/fr\/128408\/"},"modified":"2025-05-26T04:32:13","modified_gmt":"2025-05-26T04:32:13","slug":"mon-mari-le-reclamait-tous-les-jours-on-devrait-avoir-ce-droit","status":"publish","type":"post","link":"https:\/\/www.europesays.com\/fr\/128408\/","title":{"rendered":"Mon mari le r\u00e9clamait tous les jours, on devrait avoir ce droit"},"content":{"rendered":"<p>            Par<br \/>\n        <strong><br \/>\n            <a href=\"https:\/\/actu.fr\/auteur\/theo-zuili\" title=\"Consulter tous les articles de Th\u00e9o Zuili\" target=\"_blank\" rel=\"noopener\">Th\u00e9o Zuili<\/a><br \/>\n        <\/strong><\/p>\n<p>        Publi\u00e9 le<\/p>\n<p>            26 mai 2025 \u00e0 6h06        <\/p>\n<p>\u00ab\u00a0Je l\u2019aurais soign\u00e9 jusqu\u2019\u00e0 finir \u00e0 genoux. Mais c\u2019\u00e9tait le bon moment. Il le voulait.\u00a0\u00bb Il y a un an, <a href=\"https:\/\/actu.fr\/auvergne-rhone-alpes\/lyon_69123\/lyon-elle-s-occupe-seule-de-son-mari-malade-on-devrait-avoir-le-droit-de-mourir_60904717.html\" target=\"_blank\" rel=\"noopener\">Annick t\u00e9moignait aupr\u00e8s d\u2019actu Lyon<\/a> du quotidien \u00e9prouvant aupr\u00e8s de son mari Serge, gravement malade et alit\u00e9. Depuis le d\u00e9c\u00e8s de celui-ci le 25 avril 2024, elle<strong> continue de d\u00e9fendre une loi sur l\u2019aide \u00e0 mourir<\/strong>. Alors que les d\u00e9put\u00e9s doivent voter mardi 27 mai 2025 <a href=\"https:\/\/actu.fr\/societe\/bientot-un-droit-a-l-aide-a-mourir-l-assemblee-examine-deux-textes-phares-sur-la-fin-de-vie_62620794.html\" target=\"_blank\" rel=\"noopener\">l\u2019ensemble du texte relatif au droit \u00e0 l\u2019aide \u00e0 mourir en d\u00e9bat \u00e0 l\u2019Assembl\u00e9e nationale<\/a>, Annick partage ce qu\u2019elle a v\u00e9cu. Cette habitante de la m\u00e9tropole de Lyon esp\u00e8re que son t\u00e9moignage puisse \u00e9clairer le d\u00e9bat sur la <a href=\"https:\/\/actu.fr\/tag\/fin-de-vie\" target=\"_blank\" rel=\"noopener\">fin de vie<\/a> ou servir \u00e0 ceux qui vivent la m\u00eame chose.<\/p>\n<p>\u00ab\u00a0Il est parti tranquillement, c\u2019est ce qu\u2019il voulait\u00a0\u00bb<\/p>\n<p class=\" wall-content\">C\u2019\u00e9tait il y a un an. Annick racontait avec \u00e9motion le quotidien aupr\u00e8s de Serge, son mari \u00e2g\u00e9 de 92 ans, atteint d\u2019une <strong>maladie cognitive s\u00e9v\u00e8re<\/strong> et \u00ab\u00a0sournoise\u00a0\u00bb.<\/p>\n<p class=\" wall-content\">Des journ\u00e9es rythm\u00e9es par la venue d\u2019infirmi\u00e8res en sous-effectifs et par des soins \u00e0 prodiguer, entre les douches et les couches. \u00ab\u00a0On essayait de le mettre debout, mais il \u00e9tait compl\u00e8tement\u2026 diminu\u00e9. Il avait sa t\u00eate, bien souvent. Les infirmi\u00e8res faisaient de leur mieux, elles prenaient m\u00eame un moment pour me consoler. Je les admire.\u00a0\u00bb<\/p>\n<p class=\" wall-content\">Depuis, Serge s\u2019est \u00e9teint. \u00ab\u00a0Cette nuit-l\u00e0, il \u00e9tait tellement calme que je n\u2019ai pas voulu le d\u00e9ranger. Le matin, il n\u2019avait pas boug\u00e9, <strong>il \u00e9tait beau, il souriait<\/strong>. Le m\u00e9decin m\u2019a dit qu\u2019il s\u2019\u00e9tait \u00e9teint comme une chandelle\u00a0\u00bb, confie Annick, aujourd\u2019hui \u00e2g\u00e9e de 83 ans.<\/p>\n<p class=\" wall-content\">Apr\u00e8s 60 ans de mariage, le d\u00e9part de son mari reste une blessure ouverte. \u00ab\u00a0Il a eu ce qu\u2019il voulait, c\u2019\u00e9tait un soulagement pour lui, mais pour moi, c\u2019est tr\u00e8s dur. Son absence p\u00e8se beaucoup\u00a0\u00bb, ajoute-t-elle.<\/p>\n<p>\u00ab\u00a0On devrait avoir le droit de mourir quand on le d\u00e9cide\u00a0\u00bb<\/p>\n<p class=\" wall-content\">Cette douleur, Annick la traverse en suivant avec attention les d\u00e9bats parlementaires en cours sur l\u2019aide \u00e0 mourir. Mardi 20 mai 2025, les d\u00e9put\u00e9s ont approuv\u00e9 par 164 voix contre 103 <a href=\"https:\/\/actu.fr\/societe\/aide-a-mourir-age-nationalite-phase-de-la-maladie-ces-cinq-criteres-d-eligibilite-votes-par-les-deputes_62667346.html\" target=\"_blank\" rel=\"noopener\">les conditions d\u2019\u00e9ligibilit\u00e9 au suicide assist\u00e9 ou \u00e0 l\u2019euthanasie<\/a>.<\/p>\n<p class=\" wall-content\">Une avanc\u00e9e qui r\u00e9sonne particuli\u00e8rement pour Annick : \u00ab\u00a0Cette loi devrait passer. Serge disait tous les jours \u2018Je veux crever\u2019. <strong>C\u2019\u00e9tait tellement dur \u00e0 entendre<\/strong>, mais en m\u00eame temps, c\u2019\u00e9tait vrai. Il ne supportait plus sa d\u00e9gradation physique et morale. On devrait avoir le droit de mourir quand on le d\u00e9cide. On ne laisse pas souffrir les animaux, pourquoi imposer cette souffrance aux humains ?\u00a0\u00bb<\/p>\n<p>    <img   decoding=\"async\" loading=\"lazy\" src=\"https:\/\/www.europesays.com\/fr\/wp-content\/uploads\/2025\/05\/loi-fin-de-vie-aide-a-mourir-lyon-temoignage-mains-lit-960x640.png\" alt=\"La fille de Claude et Fran\u00e7oise fait de son mieux pour \u00eatre la plus pr\u00e9sente possible.\" width=\"960\" height=\"640\"\/><br \/>\n    Annick avait l\u2019aide de sa fille tous les mercredis. (\u00a9Th\u00e9o Zuili \/ archives actu Lyon)<\/p>\n<p class=\" wall-content\">Selon <a href=\"https:\/\/actu.fr\/societe\/aide-a-mourir-age-nationalite-phase-de-la-maladie-ces-cinq-criteres-d-eligibilite-votes-par-les-deputes_62667346.html\" target=\"_blank\" rel=\"noopener\">les crit\u00e8res adopt\u00e9s \u00e0 l\u2019Assembl\u00e9e<\/a>, Serge aurait \u00e9t\u00e9 \u00e9ligible \u00e0 cette aide. \u00ab\u00a0C\u2019\u00e9tait un costaud qui ne tenait pas en place, forc\u00e9 de devenir un l\u00e9gume vivant. M\u00eame \u00e0 la fin, il luttait contre les soins qu\u2019on lui prodiguait. C\u2019\u00e9tait difficile pour tout le monde.\u00a0\u00bb<\/p>\n<p>\u00ab\u00a0J\u2019aurais voulu pouvoir donner mon avis\u00a0\u00bb<\/p>\n<p class=\" wall-content\">Les d\u00e9put\u00e9s, eux, ont rejet\u00e9 des amendements pour reconna\u00eetre la possibilit\u00e9 de demander la mort via des directives anticip\u00e9es ou une personne de confiance. \u00ab\u00a0J\u2019aurais voulu pouvoir <strong>donner mon avis aussi<\/strong>, et porter sa voix s\u2019il n\u2019avait plus pu s\u2019exprimer\u00a0\u00bb, estime-t-elle au contraire.<\/p>\n<p class=\" wall-content\">Si la loi avait exist\u00e9 \u00e0 ce moment, Annick ose penser qu\u2019elle aurait trouv\u00e9 la force d\u2019en faire la demande, m\u00eame si tout en elle aurait pr\u00e9f\u00e9r\u00e9 rester aux c\u00f4t\u00e9s de Serge. \u00ab\u00a0Je ne l\u2019aurais pas fait l\u00e9g\u00e8rement. Ce ne sera<strong> jamais une d\u00e9cision qu\u2019on prend \u00e0 la l\u00e9g\u00e8re<\/strong>.\u00a0\u00bb<\/p>\n<p class=\" wall-content\">Annick voit deux sentiments cohabiter en elle : \u00e0 la fois l\u2019impression d\u2019avoir maintenu en vie celui qu\u2019elle aimait malgr\u00e9 lui, et au contraire, que c\u2019\u00e9tait <strong>son devoir d\u2019amour<\/strong> jusqu\u2019au bout.<\/p>\n<p class=\" wall-content\">Une contradiction difficile \u00e0 vivre au quotidien : \u00ab\u00a0Il y a des fois o\u00f9 je me dis qu\u2019on devrait pouvoir mourir ensemble. Mais ce n\u2019est pas possible, bien s\u00fbr\u00a0\u00bb, balaie-t-elle.<\/p>\n<p>\u00ab\u00a0C\u2019est inhumain\u00a0\u00bb<\/p>\n<p class=\" wall-content\">La grand-m\u00e8re glisse m\u00eame trouver \u00ab\u00a0normales\u00a0\u00bb les personnes qui vont jusqu\u2019\u00e0 tuer leur proche par amour dans ce contexte. \u00ab\u00a0On ne comprend \u00e7a que quand on le vit. Il est temps que cela soit encadr\u00e9.\u00a0\u00bb<\/p>\n<p class=\" wall-content\">Annick ne cherche pas \u00e0 faire de politique. Mais, aujourd\u2019hui, elle souhaite que les parlementaires comprennent l\u2019urgence : \u00ab\u00a0Je dirais \u00e0 un d\u00e9put\u00e9 qui h\u00e9site qu\u2019il n\u2019est peut-\u00eatre pas pass\u00e9 par l\u00e0, et que c\u2019est pour \u00e7a qu\u2019il ne comprend pas. Faire souffrir les gens quand on sait qu\u2019il n\u2019y a plus rien \u00e0 faire, <strong>c\u2019est inhumain<\/strong>.\u00a0\u00bb<\/p>\n<p>    <img   decoding=\"async\" loading=\"lazy\" src=\"https:\/\/www.europesays.com\/fr\/wp-content\/uploads\/2025\/05\/fin-de-vie-aide-a-mourir-temoignage-lyon-960x640.png\" alt=\"Apr\u00e8s 60 ans de mariage, Fran\u00e7oise doit s'occuper de Claude, devenu compl\u00e8tement d\u00e9pendant : elle t\u00e9moigne.\" width=\"960\" height=\"640\"\/><br \/>\n    Annick a fait installer un lit m\u00e9dicalis\u00e9 chez elle pour \u00e9viter \u00e0 son mari de finir \u00e0 l\u2019h\u00f4pital : \u00ab\u00a0Je ne l\u2019aurais jamais abandonn\u00e9.\u00a0\u00bb (\u00a9Th\u00e9o Zuili \/ archives actu Lyon)<\/p>\n<p class=\" wall-content\">\u00ab\u00a0C\u2019est sans doute plus difficile quand on est face \u00e0 <strong>un jeune de 20 ou 30 ans,<\/strong> mais quand il n\u2019y a aucune issue, il faut pouvoir partir sereinement, avec dignit\u00e9.\u00a0\u00bb Pour Annick, cette loi est une n\u00e9cessit\u00e9.<\/p>\n<p class=\" wall-content\">Aujourd\u2019hui, le retour \u00e0 l\u2019appartement reste difficile chaque soir : \u00ab\u00a0C\u2019est tr\u00e8s calme, je suis seule, c\u2019est dur.\u00a0\u00bb Mais Annick reprend peu \u00e0 peu ses activit\u00e9s. Elle retourne depuis peu au foyer de son quartier, <strong>s\u2019est r\u00e9inscrite \u00e0 la chorale<\/strong>. Autant de plaisirs qu\u2019elle ne pouvait s\u2019offrir lorsqu\u2019elle s\u2019occupait en continu de son mari.<\/p>\n<p class=\" wall-content\">Suivez toute l\u2019actualit\u00e9 de vos villes et m\u00e9dias favoris en vous inscrivant \u00e0 <a href=\"https:\/\/moncompte.actu.fr\" title=\"D\u00e9couvez Mon Actu\" rel=\"nofollow noopener\" data-trk=\"{&quot;cta&quot;:{&quot;action&quot;:&quot;https:\\\/\\\/moncompte.actu.fr&quot;,&quot;category&quot;:&quot;mon compte&quot;,&quot;from&quot;:&quot;article footer&quot;,&quot;name&quot;:&quot;Mon actu&quot;,&quot;type&quot;:&quot;cta&quot;}}\" target=\"_blank\">Mon Actu<\/a>.<\/p>\n","protected":false},"excerpt":{"rendered":"Par Th\u00e9o Zuili Publi\u00e9 le 26 mai 2025 \u00e0 6h06 \u00ab\u00a0Je l\u2019aurais soign\u00e9 jusqu\u2019\u00e0 finir \u00e0 genoux. Mais&hellip;\n","protected":false},"author":2,"featured_media":128409,"comment_status":"","ping_status":"","sticky":false,"template":"","format":"standard","meta":{"footnotes":""},"categories":[1889],"tags":[1111,11,416,2430,1777,674,7977,1011,27,2428,12,25,104,240],"class_list":{"0":"post-128408","1":"post","2":"type-post","3":"status-publish","4":"format-standard","5":"has-post-thumbnail","7":"category-lyon","8":"tag-actu","9":"tag-actualites","10":"tag-assemblee-nationale","11":"tag-auvergne-rhone-alpes","12":"tag-eu","13":"tag-europe","14":"tag-fin-de-vie","15":"tag-fr","16":"tag-france","17":"tag-lyon","18":"tag-news","19":"tag-republique-francaise","20":"tag-societe","21":"tag-temoignage"},"share_on_mastodon":{"url":"https:\/\/pubeurope.com\/@fr\/114572266457399474","error":""},"_links":{"self":[{"href":"https:\/\/www.europesays.com\/fr\/wp-json\/wp\/v2\/posts\/128408","targetHints":{"allow":["GET"]}}],"collection":[{"href":"https:\/\/www.europesays.com\/fr\/wp-json\/wp\/v2\/posts"}],"about":[{"href":"https:\/\/www.europesays.com\/fr\/wp-json\/wp\/v2\/types\/post"}],"author":[{"embeddable":true,"href":"https:\/\/www.europesays.com\/fr\/wp-json\/wp\/v2\/users\/2"}],"replies":[{"embeddable":true,"href":"https:\/\/www.europesays.com\/fr\/wp-json\/wp\/v2\/comments?post=128408"}],"version-history":[{"count":0,"href":"https:\/\/www.europesays.com\/fr\/wp-json\/wp\/v2\/posts\/128408\/revisions"}],"wp:featuredmedia":[{"embeddable":true,"href":"https:\/\/www.europesays.com\/fr\/wp-json\/wp\/v2\/media\/128409"}],"wp:attachment":[{"href":"https:\/\/www.europesays.com\/fr\/wp-json\/wp\/v2\/media?parent=128408"}],"wp:term":[{"taxonomy":"category","embeddable":true,"href":"https:\/\/www.europesays.com\/fr\/wp-json\/wp\/v2\/categories?post=128408"},{"taxonomy":"post_tag","embeddable":true,"href":"https:\/\/www.europesays.com\/fr\/wp-json\/wp\/v2\/tags?post=128408"}],"curies":[{"name":"wp","href":"https:\/\/api.w.org\/{rel}","templated":true}]}}