{"id":128410,"date":"2025-05-26T04:33:10","date_gmt":"2025-05-26T04:33:10","guid":{"rendered":"https:\/\/www.europesays.com\/fr\/128410\/"},"modified":"2025-05-26T04:33:10","modified_gmt":"2025-05-26T04:33:10","slug":"dans-lombre-des-jo-le-ninja-en-quete-de-reconnaissance","status":"publish","type":"post","link":"https:\/\/www.europesays.com\/fr\/128410\/","title":{"rendered":"dans l\u2019ombre des JO, le ninja en qu\u00eate de reconnaissance"},"content":{"rendered":"<p>Inconnu il y a encore quelques ann\u00e9es, le ninja, \u00e0 la crois\u00e9e du parkour et de l\u2019escalade, compte toujours plus d\u2019adeptes. Ce sport consiste \u00e0 franchir une s\u00e9rie d\u2019obstacles le plus rapidement possible et sans tomber, \u00e0 la seule aide de ses capacit\u00e9s physiques.<\/p>\n<p>Le club Warrior Adventure Lyon, premi\u00e8re salle de ninja en France fond\u00e9e en 2018, compte aujourd\u2019hui plus de 140 adh\u00e9rents, en plus de ses entr\u00e9es libres. Souvent r\u00e9duite \u00e0 un simple loisir, la discipline franchit un nouveau cap gr\u00e2ce \u00e0 l\u2019ajout du parcours d\u2019obstacles aux&#8230;<\/p>\n","protected":false},"excerpt":{"rendered":"Inconnu il y a encore quelques ann\u00e9es, le ninja, \u00e0 la crois\u00e9e du parkour et de l\u2019escalade, compte&hellip;\n","protected":false},"author":2,"featured_media":128411,"comment_status":"","ping_status":"","sticky":false,"template":"","format":"standard","meta":{"footnotes":""},"categories":[1889],"tags":[1111,11,2430,1687,2757,1777,674,107,1011,27,15465,2428,2756,12,25,4604,273,517],"class_list":{"0":"post-128410","1":"post","2":"type-post","3":"status-publish","4":"format-standard","5":"has-post-thumbnail","7":"category-lyon","8":"tag-actu","9":"tag-actualites","10":"tag-auvergne-rhone-alpes","11":"tag-culture-loisirs","12":"tag-edition-lyon-villeurbanne","13":"tag-eu","14":"tag-europe","15":"tag-fil-info","16":"tag-fr","17":"tag-france","18":"tag-gymnastique","19":"tag-lyon","20":"tag-lyon-bassin","21":"tag-news","22":"tag-republique-francaise","23":"tag-selection-abonne","24":"tag-selection-de-la-redaction","25":"tag-sport"},"share_on_mastodon":{"url":"https:\/\/pubeurope.com\/@fr\/114572270188379525","error":""},"_links":{"self":[{"href":"https:\/\/www.europesays.com\/fr\/wp-json\/wp\/v2\/posts\/128410","targetHints":{"allow":["GET"]}}],"collection":[{"href":"https:\/\/www.europesays.com\/fr\/wp-json\/wp\/v2\/posts"}],"about":[{"href":"https:\/\/www.europesays.com\/fr\/wp-json\/wp\/v2\/types\/post"}],"author":[{"embeddable":true,"href":"https:\/\/www.europesays.com\/fr\/wp-json\/wp\/v2\/users\/2"}],"replies":[{"embeddable":true,"href":"https:\/\/www.europesays.com\/fr\/wp-json\/wp\/v2\/comments?post=128410"}],"version-history":[{"count":0,"href":"https:\/\/www.europesays.com\/fr\/wp-json\/wp\/v2\/posts\/128410\/revisions"}],"wp:featuredmedia":[{"embeddable":true,"href":"https:\/\/www.europesays.com\/fr\/wp-json\/wp\/v2\/media\/128411"}],"wp:attachment":[{"href":"https:\/\/www.europesays.com\/fr\/wp-json\/wp\/v2\/media?parent=128410"}],"wp:term":[{"taxonomy":"category","embeddable":true,"href":"https:\/\/www.europesays.com\/fr\/wp-json\/wp\/v2\/categories?post=128410"},{"taxonomy":"post_tag","embeddable":true,"href":"https:\/\/www.europesays.com\/fr\/wp-json\/wp\/v2\/tags?post=128410"}],"curies":[{"name":"wp","href":"https:\/\/api.w.org\/{rel}","templated":true}]}}