{"id":128414,"date":"2025-05-26T04:36:14","date_gmt":"2025-05-26T04:36:14","guid":{"rendered":"https:\/\/www.europesays.com\/fr\/128414\/"},"modified":"2025-05-26T04:36:14","modified_gmt":"2025-05-26T04:36:14","slug":"meme-zidane-et-boli-roulent-pour-paris-les-supporteurs-marseillais-vont-devoir-se-rendre-a-levidence","status":"publish","type":"post","link":"https:\/\/www.europesays.com\/fr\/128414\/","title":{"rendered":"M\u00eame Zidane et Boli roulent pour Paris, les supporteurs marseillais vont devoir se rendre \u00e0 l\u2019\u00e9vidence"},"content":{"rendered":"<p>L\u2019heure de la grande finale approche, et avec elle, le suivi pr\u00e9cis et circonstanci\u00e9 des bons patriotes <a href=\"https:\/\/www.20minutes.fr\/sport\/football\/ligue_des_champions\/4152536-20250509-psg-inter-milan-ancien-parisien-stephane-dalmat-inter-finale-ligue-champions\" class=\"color-ultramarine c-link\" rel=\"nofollow noopener\" target=\"_blank\">et des autres<\/a>. Un jeu toujours aussi g\u00eanant mais un peu satisfaisant sur les bords, il faut savoir le reconna\u00eetre. Ainsi, les nombreux supporteurs marseillais qui r\u00eavent <a href=\"https:\/\/www.20minutes.fr\/sport\/football\/ligue_des_champions\/4155068-20250523-psg-inter-milan-folie-supporteurs-om-ruent-maillots-inter-avant-finale\" class=\"color-ultramarine c-link\" rel=\"nofollow noopener\" target=\"_blank\">plus ou moins secr\u00e8tement<\/a> d\u2019une victoire int\u00e9riste samedi prochain auront pris un gros coup de carafon ce dimanche, puisque ce sont deux idoles du coin qui ont d\u00e9clar\u00e9 leur flamme pour le PSG.<\/p>\n<p class=\"mb-m@xs text-l@xs\">En cliquant sur\u00ab J\u2019accepte \u00bb, vous acceptez le d\u00e9p\u00f4t de cookies par des services externes et aurez ainsi acc\u00e8s aux contenus de nos partenaires.<\/p>\n<p class=\"mb-xl@xs text-s@xs\">Plus d\u2019informations sur la page<a href=\"https:\/\/www.20minutes.fr\/gestion-cookies\" class=\"mx-xxs@xs color-ultramarine\" rel=\"nofollow noopener\" target=\"_blank\">Politique de gestion des cookies<\/a><\/p>\n<p>J\u2019accepte<\/p>\n<p>Zizou d\u2019abord, de passage au GP de Monaco, o\u00f9, interrog\u00e9 par Canal +, il a tout de m\u00eame pris soin de ne pas nommer le PSG directement\u00a0: \u00ab\u00a0M\u00eame en tant que marseillais, il va falloir que l\u2019\u00e9quipe fran\u00e7aise gagne\u00a0\u00bb. Une prise de position attendue quand on esp\u00e8re devenir le futur s\u00e9lectionneur d\u2019une \u00e9quipe de France largement repr\u00e9sent\u00e9e par des joueurs parisiens. Basile Boli, ensuite, <a href=\"https:\/\/www.footmercato.net\/a7288370047153962251-basile-boli-supportera-le-psg-face-a-linter\" target=\"_blank\" class=\"color-ultramarine c-link\" rel=\"nofollow noopener\">dans un aveu<\/a> qui fera couler quelques larmes du c\u00f4t\u00e9 de la Canebi\u00e8re\u00a0: \u00ab\u00a0Je vais regarder la finale comme tout le monde. Mon c\u0153ur reste bleu et blanc mais je suis derri\u00e8re le Paris Saint-Germain. Repr\u00e9senter la France c\u2019est quelque chose d\u2019important pour moi\u00a0\u00bb.<\/p>\n<p>L\u2019ancien capitaine et buteur de Munich qui avoue sa pr\u00e9f\u00e9rence pour le PSG de Luis Enrique, peut-\u00eatre le bon moment pour dire ce que toute la France du foot pense\u00a0: en gagnant enfin cette Ligue des champions, les Parisiens permettraient aux Marseillais d\u2019arr\u00eater de vivre dans le pass\u00e9, non\u00a0?<\/p>\n","protected":false},"excerpt":{"rendered":"L\u2019heure de la grande finale approche, et avec elle, le suivi pr\u00e9cis et circonstanci\u00e9 des bons patriotes et&hellip;\n","protected":false},"author":2,"featured_media":128415,"comment_status":"","ping_status":"","sticky":false,"template":"","format":"standard","meta":{"footnotes":""},"categories":[1888],"tags":[1111,1928,11,1927,25240,1777,674,63,1011,27,4788,1897,12,1926,626,1925,2332,25,517,24863],"class_list":{"0":"post-128414","1":"post","2":"type-post","3":"status-publish","4":"format-standard","5":"has-post-thumbnail","7":"category-paris","8":"tag-actu","9":"tag-actu-paris","10":"tag-actualites","11":"tag-actualites-paris","12":"tag-basile-boli","13":"tag-eu","14":"tag-europe","15":"tag-football","16":"tag-fr","17":"tag-france","18":"tag-inter-milan","19":"tag-munich","20":"tag-news","21":"tag-news-paris","22":"tag-paris","23":"tag-paris-news","24":"tag-paris-saint-germain-psg","25":"tag-republique-francaise","26":"tag-sport","27":"tag-zinedine-zidane"},"share_on_mastodon":{"url":"https:\/\/pubeurope.com\/@fr\/114572281957940701","error":""},"_links":{"self":[{"href":"https:\/\/www.europesays.com\/fr\/wp-json\/wp\/v2\/posts\/128414","targetHints":{"allow":["GET"]}}],"collection":[{"href":"https:\/\/www.europesays.com\/fr\/wp-json\/wp\/v2\/posts"}],"about":[{"href":"https:\/\/www.europesays.com\/fr\/wp-json\/wp\/v2\/types\/post"}],"author":[{"embeddable":true,"href":"https:\/\/www.europesays.com\/fr\/wp-json\/wp\/v2\/users\/2"}],"replies":[{"embeddable":true,"href":"https:\/\/www.europesays.com\/fr\/wp-json\/wp\/v2\/comments?post=128414"}],"version-history":[{"count":0,"href":"https:\/\/www.europesays.com\/fr\/wp-json\/wp\/v2\/posts\/128414\/revisions"}],"wp:featuredmedia":[{"embeddable":true,"href":"https:\/\/www.europesays.com\/fr\/wp-json\/wp\/v2\/media\/128415"}],"wp:attachment":[{"href":"https:\/\/www.europesays.com\/fr\/wp-json\/wp\/v2\/media?parent=128414"}],"wp:term":[{"taxonomy":"category","embeddable":true,"href":"https:\/\/www.europesays.com\/fr\/wp-json\/wp\/v2\/categories?post=128414"},{"taxonomy":"post_tag","embeddable":true,"href":"https:\/\/www.europesays.com\/fr\/wp-json\/wp\/v2\/tags?post=128414"}],"curies":[{"name":"wp","href":"https:\/\/api.w.org\/{rel}","templated":true}]}}