{"id":128429,"date":"2025-05-26T04:44:10","date_gmt":"2025-05-26T04:44:10","guid":{"rendered":"https:\/\/www.europesays.com\/fr\/128429\/"},"modified":"2025-05-26T04:44:10","modified_gmt":"2025-05-26T04:44:10","slug":"les-rhodaniennes-veulent-briller-en-allemagne","status":"publish","type":"post","link":"https:\/\/www.europesays.com\/fr\/128429\/","title":{"rendered":"les Rhodaniennes veulent briller en Allemagne"},"content":{"rendered":"<p>M\u00e9daill\u00e9e de bronze aux derniers championnats d\u2019Europe \u00e0 Rimini en Italie, <a href=\"https:\/\/www.leprogres.fr\/sport\/2025\/05\/08\/victorieuses-de-la-roumanie-les-bleues-en-confiance-pour-l-euro-2025\" target=\"_blank\" rel=\"noopener\"> l\u2019\u00e9quipe de France f\u00e9minine<\/a> veut au moins r\u00e9cidiver cette ann\u00e9e en Saxe, o\u00f9 onze Fran\u00e7ais sont parvenus \u00e0 se qualifier. Un moment cl\u00e9 entre les Jeux Olympiques de Paris 2024, et ceux de Los Angeles dans trois ans. D\u00e8s lundi\u00a018\u00a0h, les Bleues tenteront de glaner une m\u00e9daille au sein de la subdivision 4, compos\u00e9e de la Grande-Bretagne, la Turquie, l\u2019Italie, la Suisse, l\u2019Allemagne, la Roumanie et la Pologne.<\/p>\n<p>\u201cOn doit surtout se faire plaisir\u201d<\/p>\n<p>\u201cIl&#8230;<\/p>\n","protected":false},"excerpt":{"rendered":"M\u00e9daill\u00e9e de bronze aux derniers championnats d\u2019Europe \u00e0 Rimini en Italie, l\u2019\u00e9quipe de France f\u00e9minine veut au moins&hellip;\n","protected":false},"author":2,"featured_media":128430,"comment_status":"","ping_status":"","sticky":false,"template":"","format":"standard","meta":{"footnotes":""},"categories":[1587],"tags":[11,672,1804,1805,1803,2757,3154,1777,674,25241,1801,15465,4750,12,1802,2429,517],"class_list":{"0":"post-128429","1":"post","2":"type-post","3":"status-publish","4":"format-standard","5":"has-post-thumbnail","7":"category-allemagne","8":"tag-actualites","9":"tag-allemagne","10":"tag-bundesrepublik-deutschland","11":"tag-de","12":"tag-deutschland","13":"tag-edition-lyon-villeurbanne","14":"tag-edition-sud-lyonnais","15":"tag-eu","16":"tag-europe","17":"tag-francheville","18":"tag-germany","19":"tag-gymnastique","20":"tag-lyon-3e-arrondissement","21":"tag-news","22":"tag-republique-federale-dallemagne","23":"tag-rhone","24":"tag-sport"},"share_on_mastodon":{"url":"https:\/\/pubeurope.com\/@fr\/114572313500773519","error":""},"_links":{"self":[{"href":"https:\/\/www.europesays.com\/fr\/wp-json\/wp\/v2\/posts\/128429","targetHints":{"allow":["GET"]}}],"collection":[{"href":"https:\/\/www.europesays.com\/fr\/wp-json\/wp\/v2\/posts"}],"about":[{"href":"https:\/\/www.europesays.com\/fr\/wp-json\/wp\/v2\/types\/post"}],"author":[{"embeddable":true,"href":"https:\/\/www.europesays.com\/fr\/wp-json\/wp\/v2\/users\/2"}],"replies":[{"embeddable":true,"href":"https:\/\/www.europesays.com\/fr\/wp-json\/wp\/v2\/comments?post=128429"}],"version-history":[{"count":0,"href":"https:\/\/www.europesays.com\/fr\/wp-json\/wp\/v2\/posts\/128429\/revisions"}],"wp:featuredmedia":[{"embeddable":true,"href":"https:\/\/www.europesays.com\/fr\/wp-json\/wp\/v2\/media\/128430"}],"wp:attachment":[{"href":"https:\/\/www.europesays.com\/fr\/wp-json\/wp\/v2\/media?parent=128429"}],"wp:term":[{"taxonomy":"category","embeddable":true,"href":"https:\/\/www.europesays.com\/fr\/wp-json\/wp\/v2\/categories?post=128429"},{"taxonomy":"post_tag","embeddable":true,"href":"https:\/\/www.europesays.com\/fr\/wp-json\/wp\/v2\/tags?post=128429"}],"curies":[{"name":"wp","href":"https:\/\/api.w.org\/{rel}","templated":true}]}}