{"id":128433,"date":"2025-05-26T04:46:09","date_gmt":"2025-05-26T04:46:09","guid":{"rendered":"https:\/\/www.europesays.com\/fr\/128433\/"},"modified":"2025-05-26T04:46:09","modified_gmt":"2025-05-26T04:46:09","slug":"%f0%9f%94%b4-lue-et-les-droits-de-douane-nippon-steel-lessentiel-de-lactualite-ce-lundi-26-mai","status":"publish","type":"post","link":"https:\/\/www.europesays.com\/fr\/128433\/","title":{"rendered":"\ud83d\udd34 L&rsquo;UE et les droits de douane, Nippon Steel&#8230; L\u2019essentiel de l\u2019actualit\u00e9 ce lundi 26 mai"},"content":{"rendered":"<p>Droits de douane : Trump prolonge jusqu&rsquo;au 9 juillet la pause avec l&rsquo;UE<\/p>\n<p>Soulagement temporaire pour le Vieux Continent. Donald Trump et la pr\u00e9sidente de la Commission europ\u00e9enne Ursula von\u00a0der\u00a0Leyen ont tous les deux annonc\u00e9 dimanche une prolongation de la pause dans les droits de douane de 50 % impos\u00e9s par les \u00c9tats-Unis \u00e0 l&rsquo;Union europ\u00e9enne, jusqu&rsquo;au 9 juillet. Initialement suspendus jusqu&rsquo;au 1er juin; l&rsquo;UE avait menac\u00e9 de r\u00e9pliquer par des taxes sur certaines importations am\u00e9ricaines. \u00ab\u00a0Nous avons eu une tr\u00e8s bonne conversation et j&rsquo;ai accept\u00e9 de d\u00e9placer la date au 9 juillet. (&#8230;) J&rsquo;ai accept\u00e9, et elle m&rsquo;a dit que nous allions rapidement nous rencontrer et voir si nous pouvions trouver une solution \u00bb, a notamment d\u00e9clar\u00e9 Donald Trump.<\/p>\n<p>Bourse : forte hausse du titre de Nippon Steel \u00e0 Tokyo<\/p>\n<p>Le titre du g\u00e9ant japonais de la sid\u00e9rurgie Nippon Steel est \u00e0 la hausse ce lundi \u00e0 la Bourse de Tokyo. Une cons\u00e9quence directe de l&rsquo;annonce par le pr\u00e9sident am\u00e9ricain Donald Trump d&rsquo;un \u00ab partenariat \u00bb\u00a0avec son concurrent am\u00e9ricain U.S Steel.\u00a0\u00c0 00h15 GMT (2h15 \u00e0 Paris), l&rsquo;action Nippon Steel prenait 4,67 %, \u00e0 3 003 yens.\u00a0L&rsquo;accord, dont le pr\u00e9sident am\u00e9ricain n&rsquo;a pas pr\u00e9cis\u00e9 les contours exacts, permettra \u00e0 \u00ab\u00a0U.S. Steel de rester am\u00e9ricain et de conserver son si\u00e8ge dans la grande ville de Pittsburgh \u00bb , en Pennsylvanie (est), avait annonc\u00e9 Donald Trump sur son compte Truth Social.<\/p>\n<p>Les droits de douane am\u00e9ricains au menu du sommet de l&rsquo;Asean<\/p>\n<p>Les dirigeants du bloc d&rsquo;Asie du Sud-Est (Asean) se r\u00e9unissent lundi \u00e0 Kuala Lumpur.\u00a0Une premi\u00e8re r\u00e9union depuis la mise en place des droits de douane\u00a0du pr\u00e9sident am\u00e9ricain, qui affectent leurs \u00e9conomies d\u00e9pendantes des exportations. L&rsquo;Asean avait cependant d\u00e9clar\u00e9 plus t\u00f4t dans l&rsquo;ann\u00e9e qu&rsquo;elle n&rsquo;imposerait pas de droits de douane en repr\u00e9sailles contre les \u00c9tats-Unis. Mais une lettre demandant \u00e0 Washington un sommet sp\u00e9cial Asean-\u00c9tats-Unis cette ann\u00e9e est encore sans r\u00e9ponse, a d\u00e9clar\u00e9 le ministre malaisien des Affaires \u00e9trang\u00e8res Mohamad Hasan dimanche.<\/p>\n<p>Bayrou \u00e0 Saint-Nazaire\u00a0pour\u00a0la d\u00e9fense des oc\u00e9ans<\/p>\n<p>Pollutions, p\u00eache ill\u00e9gale, changement climatique&#8230; Fran\u00e7ois Bayrou met le cap lundi sur la d\u00e9fense des oc\u00e9ans, confront\u00e9s \u00e0 de multiples d\u00e9fis environnementaux, \u00e9conomiques et g\u00e9opolitiques, lors d&rsquo;un comit\u00e9 interminist\u00e9riel de la mer (CIMer) \u00e0 Saint-Nazaire (Loire-Atlantique). Ce rendez-vous a lieu deux semaines avant l&rsquo;accueil par la France, le 9 juin \u00e0 Nice, de la troisi\u00e8me conf\u00e9rence des Nations unies sur l&rsquo;oc\u00e9an (Unoc 3), autour de laquelle le gouvernement a lanc\u00e9 une \u00ab Ann\u00e9e de la mer \u00bb. Pour rappel, la France, m\u00e9tropolitaine et ultramarine, dispose de la deuxi\u00e8me plus grande surface maritime du monde avec 11 millions de kilom\u00e8tres carr\u00e9s de mers et d&rsquo;oc\u00e9ans et 20\u00a0000\u00a0kilom\u00e8tres de c\u00f4tes.<\/p>\n<p>Ports strat\u00e9giques chinois : la Chine fustige un projet de l&rsquo;Australie<\/p>\n<p>L&rsquo;ambassadeur de Chine en Australie a condamn\u00e9 dimanche un projet du gouvernement australien d&#8217;emp\u00eacher une entreprise chinoise de g\u00e9rer un port strat\u00e9gique, selon le site officiels de l&rsquo;ambassade. En 2015, le groupe chinois Landbridge s&rsquo;est vu accorder un bail de 99 ans sur le port de Darwin, dans le nord de l&rsquo;Australie, une d\u00e9cision largement critiqu\u00e9e qui a conduit \u00e0 un examen plus strict des ventes d&rsquo;infrastructures majeures. En avril, le Premier ministre Anthony Albanese a d\u00e9clar\u00e9 que le port devrait \u00eatre \u00ab entre les mains des Australiens \u00bb, s&rsquo;engageant \u00e0 reprendre le contr\u00f4le de cet \u00ab actif strat\u00e9gique\u00a0\u00bb.<\/p>\n<p><strong>L&rsquo;AGENDA ECO<\/strong><\/p>\n<p><strong>7 heures 30 |<\/strong>\u00a0BRUNSWICK (Allemagne) &#8211; Dieselgate : jugement concernant quatre anciens dirigeants de Volkswagen suspect\u00e9s d&rsquo;escroquerie en bande organis\u00e9e<\/p>\n<p><strong>13 heures |\u00a0<\/strong>BERLIN (Allemagne) &#8211; Discours de la pr\u00e9sidente de la Banque centrale europ\u00e9enne, Christine Lagarde sur le r\u00f4le de l&rsquo;Europe dans un monde fragment\u00e9.<\/p>\n<p><strong>Toute la journ\u00e9e |<\/strong>\u00a0TURKU (Finlande) &#8211; R\u00e9union estivale des Premiers ministres nordiques avec la participation du Chancelier allemand<\/p>\n<p><strong>Toute la journ\u00e9e |<\/strong> ABIDJAN (C\u00f4te d&rsquo;Ivoire) &#8211; Assembl\u00e9es annuelles de la Banque Africaine de D\u00e9veloppement qui doit \u00e9lire son nouveau pr\u00e9sident<\/p>\n<p><strong>Toute la journ\u00e9e |<\/strong> KUALA LUMPUR (Malaisie) &#8211; 46e sommet de l&rsquo;Asean<\/p>\n","protected":false},"excerpt":{"rendered":"Droits de douane : Trump prolonge jusqu&rsquo;au 9 juillet la pause avec l&rsquo;UE Soulagement temporaire pour le Vieux&hellip;\n","protected":false},"author":2,"featured_media":76313,"comment_status":"","ping_status":"","sticky":false,"template":"","format":"standard","meta":{"footnotes":""},"categories":[1586],"tags":[17,11,981,2483,33,1777,674,1779,1011,27,15468,1861,151,12,25242,25,8666,1778,364],"class_list":{"0":"post-128433","1":"post","2":"type-post","3":"status-publish","4":"format-standard","5":"has-post-thumbnail","7":"category-europe","8":"tag-17","9":"tag-actualites","10":"tag-douane","11":"tag-droits","12":"tag-economie","13":"tag-eu","14":"tag-europe","15":"tag-european-union","16":"tag-fr","17":"tag-france","18":"tag-lessentiel","19":"tag-lue","20":"tag-les","21":"tag-news","22":"tag-nippon","23":"tag-republique-francaise","24":"tag-steel","25":"tag-ue","26":"tag-union-europeenne"},"share_on_mastodon":{"url":"https:\/\/pubeurope.com\/@fr\/114572321376197699","error":""},"_links":{"self":[{"href":"https:\/\/www.europesays.com\/fr\/wp-json\/wp\/v2\/posts\/128433","targetHints":{"allow":["GET"]}}],"collection":[{"href":"https:\/\/www.europesays.com\/fr\/wp-json\/wp\/v2\/posts"}],"about":[{"href":"https:\/\/www.europesays.com\/fr\/wp-json\/wp\/v2\/types\/post"}],"author":[{"embeddable":true,"href":"https:\/\/www.europesays.com\/fr\/wp-json\/wp\/v2\/users\/2"}],"replies":[{"embeddable":true,"href":"https:\/\/www.europesays.com\/fr\/wp-json\/wp\/v2\/comments?post=128433"}],"version-history":[{"count":0,"href":"https:\/\/www.europesays.com\/fr\/wp-json\/wp\/v2\/posts\/128433\/revisions"}],"wp:featuredmedia":[{"embeddable":true,"href":"https:\/\/www.europesays.com\/fr\/wp-json\/wp\/v2\/media\/76313"}],"wp:attachment":[{"href":"https:\/\/www.europesays.com\/fr\/wp-json\/wp\/v2\/media?parent=128433"}],"wp:term":[{"taxonomy":"category","embeddable":true,"href":"https:\/\/www.europesays.com\/fr\/wp-json\/wp\/v2\/categories?post=128433"},{"taxonomy":"post_tag","embeddable":true,"href":"https:\/\/www.europesays.com\/fr\/wp-json\/wp\/v2\/tags?post=128433"}],"curies":[{"name":"wp","href":"https:\/\/api.w.org\/{rel}","templated":true}]}}