{"id":128443,"date":"2025-05-26T04:53:12","date_gmt":"2025-05-26T04:53:12","guid":{"rendered":"https:\/\/www.europesays.com\/fr\/128443\/"},"modified":"2025-05-26T04:53:12","modified_gmt":"2025-05-26T04:53:12","slug":"roland-garros-arthur-rinderknech-oppose-a-jannik-sinner-je-me-vois-deja-jouer-gasquet-au-deuxieme-tour","status":"publish","type":"post","link":"https:\/\/www.europesays.com\/fr\/128443\/","title":{"rendered":"Roland Garros > Arthur Rinderknech, oppos\u00e9 \u00e0 Jannik Sinner : \u00ab\u00a0Je me vois d\u00e9j\u00e0 jouer Gasquet au deuxi\u00e8me tour\u00a0\u00bb"},"content":{"rendered":"<p>Pour son entr\u00e9e en lice, Arthur Rinderknech aura fort \u00e0 faire. Il sera oppos\u00e9 \u00e0 Jannik Sinner, le num\u00e9ro un mondial. S\u2019il parve\u00adnait \u00e0 fran\u00adchir cet obstacle tita\u00adnesque, il pour\u00adrait retrouver Richard Gasquet au deuxi\u00e8me.<\/p>\n<p>Interrog\u00e9 en conf\u00e9\u00adrence de presse sur cette confron\u00adta\u00adtion possible, le 75e joueur mondial a donn\u00e9 une r\u00e9ponse \u00e9ton\u00adnante. Il explique d\u00e9j\u00e0 imager ce moment.<\/p>\n<p><strong>\u00ab\u202fOui, je m\u2019y vois d\u00e9j\u00e0\u202f! J\u2019ai vu \u00e7a. J\u2019ai d\u00e9j\u00e0 eu la chance de jouer Richard ici, \u00e0 Roland, il y a 2 ans, donc je sais ce que c\u2019est. Je connais le joueur et la personne, c\u2019est un gars en or. Je nous souhaite de nous jouer au deuxi\u00e8me tour. Ce sera avec grand plaisir.\u202f\u00bb<\/strong><\/p>\n<p class=\"post-published-date\" style=\"color: silver; font-size: 75%; text-align: left;\">Publi\u00e9 le dimanche 25 mai 2025 \u00e0 19:49<\/p>\n","protected":false},"excerpt":{"rendered":"Pour son entr\u00e9e en lice, Arthur Rinderknech aura fort \u00e0 faire. Il sera oppos\u00e9 \u00e0 Jannik Sinner, le&hellip;\n","protected":false},"author":2,"featured_media":128444,"comment_status":"","ping_status":"","sticky":false,"template":"","format":"standard","meta":{"footnotes":""},"categories":[1415],"tags":[1011,27,1753,2127,60,1467],"class_list":{"0":"post-128443","1":"post","2":"type-post","3":"status-publish","4":"format-standard","5":"has-post-thumbnail","7":"category-tennis","8":"tag-fr","9":"tag-france","10":"tag-gasquet","11":"tag-sinner","12":"tag-sports","13":"tag-tennis"},"share_on_mastodon":{"url":"https:\/\/pubeurope.com\/@fr\/114572348800707840","error":""},"_links":{"self":[{"href":"https:\/\/www.europesays.com\/fr\/wp-json\/wp\/v2\/posts\/128443","targetHints":{"allow":["GET"]}}],"collection":[{"href":"https:\/\/www.europesays.com\/fr\/wp-json\/wp\/v2\/posts"}],"about":[{"href":"https:\/\/www.europesays.com\/fr\/wp-json\/wp\/v2\/types\/post"}],"author":[{"embeddable":true,"href":"https:\/\/www.europesays.com\/fr\/wp-json\/wp\/v2\/users\/2"}],"replies":[{"embeddable":true,"href":"https:\/\/www.europesays.com\/fr\/wp-json\/wp\/v2\/comments?post=128443"}],"version-history":[{"count":0,"href":"https:\/\/www.europesays.com\/fr\/wp-json\/wp\/v2\/posts\/128443\/revisions"}],"wp:featuredmedia":[{"embeddable":true,"href":"https:\/\/www.europesays.com\/fr\/wp-json\/wp\/v2\/media\/128444"}],"wp:attachment":[{"href":"https:\/\/www.europesays.com\/fr\/wp-json\/wp\/v2\/media?parent=128443"}],"wp:term":[{"taxonomy":"category","embeddable":true,"href":"https:\/\/www.europesays.com\/fr\/wp-json\/wp\/v2\/categories?post=128443"},{"taxonomy":"post_tag","embeddable":true,"href":"https:\/\/www.europesays.com\/fr\/wp-json\/wp\/v2\/tags?post=128443"}],"curies":[{"name":"wp","href":"https:\/\/api.w.org\/{rel}","templated":true}]}}