{"id":128459,"date":"2025-05-26T05:03:10","date_gmt":"2025-05-26T05:03:10","guid":{"rendered":"https:\/\/www.europesays.com\/fr\/128459\/"},"modified":"2025-05-26T05:03:10","modified_gmt":"2025-05-26T05:03:10","slug":"2-chainz-raconte-la-fois-ou-il-sest-fait-interdire-de-fumer-de-la-weed-autour-deminem","status":"publish","type":"post","link":"https:\/\/www.europesays.com\/fr\/128459\/","title":{"rendered":"2 Chainz raconte la fois o\u00f9 il s&rsquo;est fait interdire de fumer de la weed autour d&rsquo;Eminem"},"content":{"rendered":"<p itemprop=\"description\"><strong>Une anecdote assez fumeuse et \u00e0 la fois tr\u00e8s dr\u00f4le de la part de 2Chainz, une de plus.<\/strong><\/p>\n<p><strong>Au Panth\u00e9on des fumeurs <\/strong>dans le rap game, on pense directement \u00e0 <strong>des noms comme <a href=\"https:\/\/generations.fr\/news\/coulisse\/79638\/wiz-khalifa-a-fait-decouvrir-la-beuh-aux-enfants-de-snoop-dogg\" target=\"_blank\" rel=\"noopener\">Snoop Dogg et Wiz Khalifa<\/a><\/strong>. Mais ce ne sont \u00e9videmment pas les seuls \u00e0 kiffer \u00ab\u00a0la verte\u00a0\u00bb : <strong>2 Chainz est lui aussi un pr\u00e9tendant tr\u00e8s s\u00e9rieux<\/strong>. Pendant des ann\u00e9es, il a d&rsquo;ailleurs pr\u00e9sent\u00e9 pour Vice tous les moyens les plus chers et les plus farfelus pour se d\u00e9monter \u00e0 la weed. <strong>Enorme fumeur<\/strong>, il y a cependant <strong>un jour pendant lequel il a failli se faire interdire de blunt : lorsqu&rsquo;il travaillait avec Eminem.<\/strong><\/p>\n<p>Ce n&rsquo;est un secret pour personne : <strong>Eminem voit le rap de mani\u00e8re tr\u00e8s professionnel<\/strong>. Un vrai passionn\u00e9 qui pratique son art de mani\u00e8re minutieuse et tr\u00e8s s\u00e9rieuse. Lors d&rsquo;une interview pour Club Shay Shay, <a href=\"https:\/\/generations.fr\/video\/clip\/44250\/2chainz-en-feat-avec-sa-mere-dans-proud\" target=\"_blank\" rel=\"noopener\">2 Chainz<\/a> a livr\u00e9 une anecdote concernant <strong>les coulisses de sa collaboration avec Eminem, sur des morceaux comme \u00ab\u00a0Kyrie &amp; Luka\u00a0\u00bb, et \u00ab\u00a0Chloraseptic\u00a0\u00bb<\/strong> :<\/p>\n<\/p>\n<blockquote><p>&#13;<\/p>\n<p>Quand j&rsquo;ai boss\u00e9 avec Eminem, je ne pouvais pas fumer l\u00e0-bas. C&rsquo;\u00e9tait plut\u00f4t dr\u00f4le. <strong>C&rsquo;\u00e9tait son \u00e9quipe qui voulait \u00e7a, pas Eminem. Em&rsquo; \u00e9tait quelque part en train d&rsquo;\u00e9crire quelque part mais ses gars \u00e9taient tellement aux petits soins avec lui, ils ont mis les enceintes dehors pour que je puisse \u00e9couter le beat.<\/strong><\/p>\n<p>&#13;<\/p>\n<p>C&rsquo;\u00e9tait un jour magnifique \u00e0 Malibu, j&rsquo;\u00e9tais juste en train de fumer. Je suis rentr\u00e9 dans le studio pour faire mon couplet, les portes ferm\u00e9es, et <strong>j&rsquo;\u00e9tais dans le stud&rsquo; en train de fumer et je vois Em&rsquo; dehors et je me dis &lsquo;le gars est bloqu\u00e9 dehors pendant que j&rsquo;enregistre, c&rsquo;est chaud&rsquo;<\/strong>. Il est sur le point de rentrer et de me dire un truc, mais <strong>ses gars se pr\u00e9cipitent en mode : &lsquo;Non, rentre pas, il est en train de fumer&rsquo;<\/strong>.<\/p>\n<p>&#13;<\/p>\n<p>Et lui il les regarde, genre : <strong>&lsquo;assis toi bordel. Et moi, qu&rsquo;est-ce que tu crois que j&rsquo;allais faire ?&rsquo;<\/strong> Ca les fait tous rire, mais lui, il \u00e9tait tr\u00e8s s\u00e9rieux.<\/p>\n<p>&#13;\n<\/p><\/blockquote>\n<p>Une belle anecdote qui r\u00e9v\u00e8le bien <strong>comment Eminem est une vraie rockstar, avec toute son \u00e9quipe autour de lui<\/strong> qui fait attention \u00e0 que tout se passe bien. Mais \u00e7a a l&rsquo;air de le peser un peu d&rsquo;\u00eatre autant \u00ab\u00a0fliqu\u00e9\u00a0\u00bb. Apr\u00e8s, vu son passif avec les drogues, il est aussi normal de voir ses gars s&rsquo;inqui\u00e9ter pour lui. Ce qui est certain, c&rsquo;est que <strong>ce c\u00f4t\u00e9 \u00ab\u00a0professionnel\u00a0\u00bb et s\u00e9rieux, \u00e7a donne de tr\u00e8s bons morceaux, on vous les met juste en-dessous pour que vous jugiez par vous-m\u00eames.<\/strong><\/p><\/p>\n","protected":false},"excerpt":{"rendered":"Une anecdote assez fumeuse et \u00e0 la fois tr\u00e8s dr\u00f4le de la part de 2Chainz, une de plus.&hellip;\n","protected":false},"author":2,"featured_media":128460,"comment_status":"","ping_status":"","sticky":false,"template":"","format":"standard","meta":{"footnotes":""},"categories":[1355],"tags":[3627,3628,3626,3632,3631,3630,3629,3649,3634,3647,3663,3625,3623,3646,2163,3648,3645,58,59,3660,1011,27,3612,3620,3606,3607,3605,3608,3665,3657,3622,3613,3617,3615,3609,3614,3659,3654,3643,3653,3650,3641,3636,3642,3638,3651,3635,1361,873,12,3624,626,3639,2189,3658,1825,3618,3616,3661,3656,3619,3621,3662,3640,3664,3633,3644,3611,3610,3637,1863,2955,3655,3652],"class_list":{"0":"post-128459","1":"post","2":"type-post","3":"status-publish","4":"format-standard","5":"has-post-thumbnail","7":"category-musique","8":"tag-3627","9":"tag-3628","10":"tag-3626","11":"tag-3632","12":"tag-3631","13":"tag-3630","14":"tag-3629","15":"tag-al-peco","16":"tag-alibi","17":"tag-alpeco","18":"tag-b2o","19":"tag-banlieue","20":"tag-black","21":"tag-booba","22":"tag-chroniques","23":"tag-despo","24":"tag-diams","25":"tag-divertissement","26":"tag-entertainment","27":"tag-exclus","28":"tag-fr","29":"tag-france","30":"tag-freestyles","31":"tag-funk","32":"tag-generation","33":"tag-generation88-2","34":"tag-generations","35":"tag-generations88-2","36":"tag-generationslive","37":"tag-genratio","38":"tag-grime","39":"tag-hip","40":"tag-hip-hop","41":"tag-hiphop","42":"tag-hiphopsoul","43":"tag-hop","44":"tag-hotlist","45":"tag-james","46":"tag-k1fry","47":"tag-kerry","48":"tag-larsen","49":"tag-lim","50":"tag-lskadrille","51":"tag-mafia","52":"tag-mctyer","53":"tag-medine","54":"tag-montana","55":"tag-music","56":"tag-musique","57":"tag-news","58":"tag-noir","59":"tag-paris","60":"tag-parishiphop","61":"tag-photos","62":"tag-playlist","63":"tag-radio","64":"tag-ragga","65":"tag-rap","66":"tag-rap-francais","67":"tag-rapfr","68":"tag-reggae","69":"tag-rnb","70":"tag-roh2f","71":"tag-rue","72":"tag-ruskov-molotov","73":"tag-sefyu","74":"tag-sinik","75":"tag-sons","76":"tag-soul","77":"tag-tandem","78":"tag-us","79":"tag-videos","80":"tag-webradio","81":"tag-youssoupha"},"share_on_mastodon":{"url":"","error":"Validation failed: Text character limit of 500 exceeded"},"_links":{"self":[{"href":"https:\/\/www.europesays.com\/fr\/wp-json\/wp\/v2\/posts\/128459","targetHints":{"allow":["GET"]}}],"collection":[{"href":"https:\/\/www.europesays.com\/fr\/wp-json\/wp\/v2\/posts"}],"about":[{"href":"https:\/\/www.europesays.com\/fr\/wp-json\/wp\/v2\/types\/post"}],"author":[{"embeddable":true,"href":"https:\/\/www.europesays.com\/fr\/wp-json\/wp\/v2\/users\/2"}],"replies":[{"embeddable":true,"href":"https:\/\/www.europesays.com\/fr\/wp-json\/wp\/v2\/comments?post=128459"}],"version-history":[{"count":0,"href":"https:\/\/www.europesays.com\/fr\/wp-json\/wp\/v2\/posts\/128459\/revisions"}],"wp:featuredmedia":[{"embeddable":true,"href":"https:\/\/www.europesays.com\/fr\/wp-json\/wp\/v2\/media\/128460"}],"wp:attachment":[{"href":"https:\/\/www.europesays.com\/fr\/wp-json\/wp\/v2\/media?parent=128459"}],"wp:term":[{"taxonomy":"category","embeddable":true,"href":"https:\/\/www.europesays.com\/fr\/wp-json\/wp\/v2\/categories?post=128459"},{"taxonomy":"post_tag","embeddable":true,"href":"https:\/\/www.europesays.com\/fr\/wp-json\/wp\/v2\/tags?post=128459"}],"curies":[{"name":"wp","href":"https:\/\/api.w.org\/{rel}","templated":true}]}}