{"id":128475,"date":"2025-05-26T05:11:09","date_gmt":"2025-05-26T05:11:09","guid":{"rendered":"https:\/\/www.europesays.com\/fr\/128475\/"},"modified":"2025-05-26T05:11:09","modified_gmt":"2025-05-26T05:11:09","slug":"la-fnsea-fait-sa-loi-au-parlement-liberation","status":"publish","type":"post","link":"https:\/\/www.europesays.com\/fr\/128475\/","title":{"rendered":"la FNSEA fait sa loi au Parlement \u2013 Lib\u00e9ration"},"content":{"rendered":"<p class=\"sc-ksZaOG ehjQrN text-element\">\u00c7a chauffe dans tous les sens. Dans leur bo\u00eete mail et devant leur permanence. Les d\u00e9put\u00e9s, qui doivent commencer, ce lundi 26 mai, l\u2019examen de la proposition de loi du s\u00e9nateur LR Laurent Duplomb \u00abvisant \u00e0 lever les contraintes \u00e0 l\u2019exercice du m\u00e9tier d\u2019agriculteurs\u00bb, sont sous pression. Les ONG, qui alertent sur un recul environnemental sans pr\u00e9c\u00e9dent, inondent leurs messageries. <a href=\"https:\/\/shaketonpolitique.org\/interpellations\/loi-duplomd\/\" target=\"_blank\" rel=\"noreferrer noopener\" title=\"https:\/\/shaketonpolitique.org\/interpellations\/loi-duplomd\/\">Une plateforme<\/a>, cr\u00e9\u00e9e par l\u2019association G\u00e9n\u00e9rations futures, d\u00e9nombrait dimanche plus de 130 000 interpellations d\u2019\u00e9lus et de responsables politiques.<\/p>\n<p class=\"sc-ksZaOG ehjQrN text-element\">De l\u2019autre c\u00f4t\u00e9, des f\u00e9d\u00e9rations locales de la FNSEA, qui multiplient les \u00e9changes \u2013 parfois muscl\u00e9s \u2013 avec les d\u00e9put\u00e9s pour les inciter \u00e0 voter en faveur de la proposition de loi, s\u2019en sont pris \u00e0 plusieurs locaux de parlementaires, \u00e0 coup de permanences b\u00e2ch\u00e9es et de fumier d\u00e9vers\u00e9. Le Comit\u00e9 r\u00e9gional d\u2019action viticole, familier des actions violentes dans le Languedoc, s\u2019est quant \u00e0 lui fendu, le 16 mai, d\u2019un tag \u00abLoi Duplomb, sinon boum !\u00bb sur la permanence de l\u2019\u00e9lu LFI de l\u2019H\u00e9rault Sylvain Carri\u00e8re, qui a annonc\u00e9 porter plainte. La pr\u00e9sidente de l\u2019Assembl\u00e9e nationale, Ya\u00ebl Braun-Pivet, a \u00abcondamn\u00e9 fermement\u00bb ces \u00abtentatives d\u2019intimidations\u00bb. La FNSEA brandit pourtant la menace de ressortir les tracteurs d\u00e8s lundi et organisera un rassemblement devant<\/p>\n","protected":false},"excerpt":{"rendered":"\u00c7a chauffe dans tous les sens. Dans leur bo\u00eete mail et devant leur permanence. Les d\u00e9put\u00e9s, qui doivent&hellip;\n","protected":false},"author":2,"featured_media":128476,"comment_status":"","ping_status":"","sticky":false,"template":"","format":"standard","meta":{"footnotes":""},"categories":[4],"tags":[11,21427,416,5253,1011,27,12,25],"class_list":{"0":"post-128475","1":"post","2":"type-post","3":"status-publish","4":"format-standard","5":"has-post-thumbnail","7":"category-france","8":"tag-actualites","9":"tag-agriculteurs-en-colere","10":"tag-assemblee-nationale","11":"tag-biodiversite-cest-la-sante","12":"tag-fr","13":"tag-france","14":"tag-news","15":"tag-republique-francaise"},"share_on_mastodon":{"url":"https:\/\/pubeurope.com\/@fr\/114572419770166487","error":""},"_links":{"self":[{"href":"https:\/\/www.europesays.com\/fr\/wp-json\/wp\/v2\/posts\/128475","targetHints":{"allow":["GET"]}}],"collection":[{"href":"https:\/\/www.europesays.com\/fr\/wp-json\/wp\/v2\/posts"}],"about":[{"href":"https:\/\/www.europesays.com\/fr\/wp-json\/wp\/v2\/types\/post"}],"author":[{"embeddable":true,"href":"https:\/\/www.europesays.com\/fr\/wp-json\/wp\/v2\/users\/2"}],"replies":[{"embeddable":true,"href":"https:\/\/www.europesays.com\/fr\/wp-json\/wp\/v2\/comments?post=128475"}],"version-history":[{"count":0,"href":"https:\/\/www.europesays.com\/fr\/wp-json\/wp\/v2\/posts\/128475\/revisions"}],"wp:featuredmedia":[{"embeddable":true,"href":"https:\/\/www.europesays.com\/fr\/wp-json\/wp\/v2\/media\/128476"}],"wp:attachment":[{"href":"https:\/\/www.europesays.com\/fr\/wp-json\/wp\/v2\/media?parent=128475"}],"wp:term":[{"taxonomy":"category","embeddable":true,"href":"https:\/\/www.europesays.com\/fr\/wp-json\/wp\/v2\/categories?post=128475"},{"taxonomy":"post_tag","embeddable":true,"href":"https:\/\/www.europesays.com\/fr\/wp-json\/wp\/v2\/tags?post=128475"}],"curies":[{"name":"wp","href":"https:\/\/api.w.org\/{rel}","templated":true}]}}