{"id":128479,"date":"2025-05-26T05:13:09","date_gmt":"2025-05-26T05:13:09","guid":{"rendered":"https:\/\/www.europesays.com\/fr\/128479\/"},"modified":"2025-05-26T05:13:09","modified_gmt":"2025-05-26T05:13:09","slug":"firminy-avant-la-cite-des-aines-aesio-devrait-gerer-lhebergement-des-lan-prochain","status":"publish","type":"post","link":"https:\/\/www.europesays.com\/fr\/128479\/","title":{"rendered":"Firminy. Avant la Cit\u00e9 des a\u00een\u00e9s, A\u00e9sio devrait g\u00e9rer l\u2019h\u00e9bergement d\u00e8s l\u2019an prochain"},"content":{"rendered":"<p>La Cit\u00e9 des a\u00een\u00e9s revient sur la table du conseil municipal ce mardi 27\u00a0mai. Les \u00e9lus sont sollicit\u00e9s pour approuver le projet de convention op\u00e9rationnelle entre la Ville de Firminy, Saint-\u00c9tienne M\u00e9tropole et Epora, l\u2019\u00c9tablissement public foncier de l\u2019ouest Rh\u00f4ne-Alpes qui devrait g\u00e9rer la d\u00e9molition de l\u2019ex-supermarch\u00e9 ED. Ce point s\u2019inscrit dans le cadre du financement de cette op\u00e9ration, elle-m\u00eame au c\u0153ur d\u2019un \u00ab\u00a0vaste projet de requalification urbaine du quartier du Mas\u00a0\u00bb, rappelle la Ville aux \u00e9lus.<\/p>\n<p>A\u00e9sio gestionnaire des trois \u00e9tablissements en 2026<\/p>\n<p>Un autre pan de ce d\u00e9j\u00e0 volumineux dossier, <a href=\"https:\/\/www.leprogres.fr\/politique\/2025\/04\/17\/projet-cout-tarification-la-cite-des-aines-seme-deja-la-discorde\" target=\"_blank\" rel=\"nofollow noopener\">qui s\u00e8me la discorde<\/a> , aurait aussi pu \u00eatre \u00e9voqu\u00e9. A\u00e9sio, partenaire qui doit op\u00e9rer au sein de la future Cit\u00e9 des a\u00een\u00e9s, est amen\u00e9 \u00e0 reprendre la gestion des trois \u00e9tablissements appelous avant la livraison des nouveaux b\u00e2timents. Autrement dit, le foyer r\u00e9sidence du Mail et les Ehpad de la Verrerie et des Bruneaux passeraient tr\u00e8s rapidement dans le giron du groupe mutualiste.<\/p>\n<p>Propri\u00e9t\u00e9&#8230;<\/p>\n","protected":false},"excerpt":{"rendered":"La Cit\u00e9 des a\u00een\u00e9s revient sur la table du conseil municipal ce mardi 27\u00a0mai. Les \u00e9lus sont sollicit\u00e9s&hellip;\n","protected":false},"author":2,"featured_media":128480,"comment_status":"","ping_status":"","sticky":false,"template":"","format":"standard","meta":{"footnotes":""},"categories":[9653],"tags":[1111,11,2430,1984,7539,1777,674,10282,10283,1011,27,12,316,25,4001,71,801,104],"class_list":{"0":"post-128479","1":"post","2":"type-post","3":"status-publish","4":"format-standard","5":"has-post-thumbnail","7":"category-saint-etienne","8":"tag-actu","9":"tag-actualites","10":"tag-auvergne-rhone-alpes","11":"tag-conseil-municipal","12":"tag-edition-loire-sud","13":"tag-eu","14":"tag-europe","15":"tag-firminy","16":"tag-firminy-ville","17":"tag-fr","18":"tag-france","19":"tag-news","20":"tag-politique","21":"tag-republique-francaise","22":"tag-saint-etienne","23":"tag-sante","24":"tag-social","25":"tag-societe"},"share_on_mastodon":{"url":"https:\/\/pubeurope.com\/@fr\/114572427572971728","error":""},"_links":{"self":[{"href":"https:\/\/www.europesays.com\/fr\/wp-json\/wp\/v2\/posts\/128479","targetHints":{"allow":["GET"]}}],"collection":[{"href":"https:\/\/www.europesays.com\/fr\/wp-json\/wp\/v2\/posts"}],"about":[{"href":"https:\/\/www.europesays.com\/fr\/wp-json\/wp\/v2\/types\/post"}],"author":[{"embeddable":true,"href":"https:\/\/www.europesays.com\/fr\/wp-json\/wp\/v2\/users\/2"}],"replies":[{"embeddable":true,"href":"https:\/\/www.europesays.com\/fr\/wp-json\/wp\/v2\/comments?post=128479"}],"version-history":[{"count":0,"href":"https:\/\/www.europesays.com\/fr\/wp-json\/wp\/v2\/posts\/128479\/revisions"}],"wp:featuredmedia":[{"embeddable":true,"href":"https:\/\/www.europesays.com\/fr\/wp-json\/wp\/v2\/media\/128480"}],"wp:attachment":[{"href":"https:\/\/www.europesays.com\/fr\/wp-json\/wp\/v2\/media?parent=128479"}],"wp:term":[{"taxonomy":"category","embeddable":true,"href":"https:\/\/www.europesays.com\/fr\/wp-json\/wp\/v2\/categories?post=128479"},{"taxonomy":"post_tag","embeddable":true,"href":"https:\/\/www.europesays.com\/fr\/wp-json\/wp\/v2\/tags?post=128479"}],"curies":[{"name":"wp","href":"https:\/\/api.w.org\/{rel}","templated":true}]}}