{"id":128492,"date":"2025-05-26T05:21:13","date_gmt":"2025-05-26T05:21:13","guid":{"rendered":"https:\/\/www.europesays.com\/fr\/128492\/"},"modified":"2025-05-26T05:21:13","modified_gmt":"2025-05-26T05:21:13","slug":"a-maromme-pourquoi-cette-maison-instable-est-toujours-a-labandon","status":"publish","type":"post","link":"https:\/\/www.europesays.com\/fr\/128492\/","title":{"rendered":"\u00c0 Maromme, pourquoi cette maison instable est toujours \u00e0 l&rsquo;abandon"},"content":{"rendered":"<p>            Par<br \/>\n        <strong><br \/>\n            <a href=\"https:\/\/actu.fr\/auteur\/adrien-filoche\" title=\"Consulter tous les articles de Adrien Filoche\" rel=\"nofollow noopener\" target=\"_blank\">Adrien Filoche<\/a><br \/>\n        <\/strong><\/p>\n<p>        Publi\u00e9 le<\/p>\n<p>            26 mai 2025 \u00e0 7h04        <\/p>\n<p><strong>Les passants ont pris l\u2019habitude de la voir \u00e0 l\u2019abandon.<\/strong> Non loin de la station essence, <strong>sur la route de Dieppe<\/strong> \u00e0 <a href=\"https:\/\/actu.fr\/normandie\/maromme_76410\" rel=\"nofollow noopener\" target=\"_blank\">Maromme (Seine-Maritime),<\/a> pr\u00e8s de <a href=\"https:\/\/actu.fr\/normandie\/rouen_76540\" rel=\"nofollow noopener\" target=\"_blank\">Rouen<\/a>, la maison au num\u00e9ro 95 est d\u00e9sert\u00e9e depuis plusieurs mois. Sur le flanc de l\u2019habitation, une b\u00e2che couvre p\u00e9niblement le mur lat\u00e9ral, laissant visible une partie <strong>des cloisons endommag\u00e9es<\/strong>. Pour \u00e9viter de trop s\u2019approcher, <strong>des barri\u00e8res ont \u00e9t\u00e9 install\u00e9es<\/strong> au niveau du trottoir. Mais qu\u2019est-il arriv\u00e9 \u00e0 cet \u00e9difice\u2009?<\/p>\n<p>Une histoire de contentieux judiciaire<\/p>\n<p class=\" wall-content\">Fin 2024, les services sociaux de la Ville avaient relog\u00e9 en urgence les locataires lorsque l\u2019habitation, mena\u00e7ant de s\u2019\u00e9crouler, avait \u00e9t\u00e9 \u00e9vacu\u00e9e. Interrog\u00e9 par 76actu, le cabinet du maire de Maromme informe qu\u2019un <strong>contentieux judiciaire<\/strong> existe aujourd\u2019hui entre l\u2019actuel et les anciens propri\u00e9taires de l\u2019habitation.<\/p>\n<p>    <img   decoding=\"async\" loading=\"lazy\" src=\"https:\/\/www.europesays.com\/fr\/wp-content\/uploads\/2025\/05\/marrome-maison-abandon-960x640.jpg\" alt=\"Le mur est endommag\u00e9.\" width=\"960\" height=\"640\"\/><br \/>\n    Le mur de la maison est endommag\u00e9. (\u00a9AF\/76actu)<\/p>\n<p class=\" wall-content\">\u00ab\u2009Il y a une proc\u00e9dure judiciaire en cours. Les travaux de consolidation de l\u2019\u00e9difice sont en attente\u2009\u00bb, poursuit le cabinet. Les abords ont \u00e9t\u00e9 s\u00e9curis\u00e9s \u00e0 deux reprises par la municipalit\u00e9.<\/p>\n<blockquote class=\"ac-article-quote wall-content\">\n<p>Il y a environ deux mois, nous avons r\u00e9install\u00e9s des barri\u00e8res pour former un corridor fixe afin de mieux s\u00e9curiser les lieux.<\/p>\n<p>    <strong>Cabinet du maire de Maromme<\/strong>\n            <\/p><\/blockquote>\n<p class=\" wall-content\">\u00c0 l\u2019heure actuelle, aucun arr\u00eat\u00e9 de p\u00e9ril n\u2019a \u00e9t\u00e9 pris par la municipalit\u00e9, qui est dans l\u2019attente de la proc\u00e9dure judiciaire. \u00ab\u2009La maison n\u2019est pas louable ou habitable, mais il n\u2019y a <strong>pas de risques d\u2019effondrement dans l\u2019imm\u00e9diat\u2009<\/strong>\u00bb, d\u00e9taille le cabinet du maire.<\/p>\n<p>Suivez l\u2019actualit\u00e9 de Rouen sur <a href=\"https:\/\/www.whatsapp.com\/channel\/0029VaKfnf99hXF2ddApFB1D\" rel=\"nofollow noopener\" target=\"_blank\">notre cha\u00eene WhatsApp<\/a> et sur <a href=\"https:\/\/www.tiktok.com\/@76actu.fr?lang=fr\" rel=\"nofollow noopener\" target=\"_blank\">notre compte TikTok<\/a><\/p>\n<p class=\" wall-content\">Suivez toute l\u2019actualit\u00e9 de vos villes et m\u00e9dias favoris en vous inscrivant \u00e0 <a href=\"https:\/\/moncompte.actu.fr\" title=\"D\u00e9couvez Mon Actu\" rel=\"nofollow noopener\" data-trk=\"{&quot;cta&quot;:{&quot;action&quot;:&quot;https:\\\/\\\/moncompte.actu.fr&quot;,&quot;category&quot;:&quot;mon compte&quot;,&quot;from&quot;:&quot;article footer&quot;,&quot;name&quot;:&quot;Mon actu&quot;,&quot;type&quot;:&quot;cta&quot;}}\" target=\"_blank\">Mon Actu<\/a>.<\/p>\n<p>                    <script async src=\"\/\/www.tiktok.com\/embed.js\"><\/script><\/p>\n","protected":false},"excerpt":{"rendered":"Par Adrien Filoche Publi\u00e9 le 26 mai 2025 \u00e0 7h04 Les passants ont pris l\u2019habitude de la voir&hellip;\n","protected":false},"author":2,"featured_media":128493,"comment_status":"","ping_status":"","sticky":false,"template":"","format":"standard","meta":{"footnotes":""},"categories":[9587],"tags":[1111,11,1777,674,1011,27,1116,1908,12,5161,25,9590,104],"class_list":{"0":"post-128492","1":"post","2":"type-post","3":"status-publish","4":"format-standard","5":"has-post-thumbnail","7":"category-rouen","8":"tag-actu","9":"tag-actualites","10":"tag-eu","11":"tag-europe","12":"tag-fr","13":"tag-france","14":"tag-immobilier","15":"tag-logement","16":"tag-news","17":"tag-normandie","18":"tag-republique-francaise","19":"tag-rouen","20":"tag-societe"},"share_on_mastodon":{"url":"https:\/\/pubeurope.com\/@fr\/114572458915036058","error":""},"_links":{"self":[{"href":"https:\/\/www.europesays.com\/fr\/wp-json\/wp\/v2\/posts\/128492","targetHints":{"allow":["GET"]}}],"collection":[{"href":"https:\/\/www.europesays.com\/fr\/wp-json\/wp\/v2\/posts"}],"about":[{"href":"https:\/\/www.europesays.com\/fr\/wp-json\/wp\/v2\/types\/post"}],"author":[{"embeddable":true,"href":"https:\/\/www.europesays.com\/fr\/wp-json\/wp\/v2\/users\/2"}],"replies":[{"embeddable":true,"href":"https:\/\/www.europesays.com\/fr\/wp-json\/wp\/v2\/comments?post=128492"}],"version-history":[{"count":0,"href":"https:\/\/www.europesays.com\/fr\/wp-json\/wp\/v2\/posts\/128492\/revisions"}],"wp:featuredmedia":[{"embeddable":true,"href":"https:\/\/www.europesays.com\/fr\/wp-json\/wp\/v2\/media\/128493"}],"wp:attachment":[{"href":"https:\/\/www.europesays.com\/fr\/wp-json\/wp\/v2\/media?parent=128492"}],"wp:term":[{"taxonomy":"category","embeddable":true,"href":"https:\/\/www.europesays.com\/fr\/wp-json\/wp\/v2\/categories?post=128492"},{"taxonomy":"post_tag","embeddable":true,"href":"https:\/\/www.europesays.com\/fr\/wp-json\/wp\/v2\/tags?post=128492"}],"curies":[{"name":"wp","href":"https:\/\/api.w.org\/{rel}","templated":true}]}}