{"id":128511,"date":"2025-05-26T05:32:20","date_gmt":"2025-05-26T05:32:20","guid":{"rendered":"https:\/\/www.europesays.com\/fr\/128511\/"},"modified":"2025-05-26T05:32:20","modified_gmt":"2025-05-26T05:32:20","slug":"la-chapelle-sur-erdre-un-pas-de-cote-un-film-sur-le-dressage-des-chevaux","status":"publish","type":"post","link":"https:\/\/www.europesays.com\/fr\/128511\/","title":{"rendered":"La Chapelle-sur-Erdre. Un pas de c\u00f4t\u00e9, un film sur le dressage des chevaux"},"content":{"rendered":"<p>Dimanche, le cin\u00e9ma Grand \u00e9cran accueillera le r\u00e9alisateur Gr\u00e9gory Morin pour un \u00e9change apr\u00e8s la projection de son film-documentaire Un pas de c\u00f4t\u00e9.<\/p>\n<p>Christophe, dresseur de chevaux difficiles, r\u00eave de l\u2019Ouest et de ses cow-boys.\u00a0S\u00e9lectionn\u00e9 par un concours allemand prestigieux, son souhait se r\u00e9alise\u00a0: il ira dans un ranch am\u00e9ricain, choisir un mustang sauvage, Marley, et devra le dresser en un\u00a0temps record, pour un show final en Allemagne.\u00a0S\u2019engage alors une intense p\u00e9riode de dressage, durant laquelle Christophe et\u00a0Marley se rencontrent, se jaugent, se font confiance. D\u2019abord aux \u00c9tats-Unis, puis en\u00a0France dans son propre ranch, il poursuit le dressage, avec patience.\u00a0Et peu \u00e0 peu, le dresseur prend conscience des contradictions de son m\u00e9tier et\u00a0de ce rapport ambigu au vivant. Il en oublie la finalit\u00e9 du concours\u00a0: une vente aux ench\u00e8res.<\/p>\n<p><strong>Dimanch<strong class=\"date\">e 1er\u00a0juin,<\/strong><\/strong> \u00e0 16\u00a0h, au cin\u00e9ma Grand \u00e9cran, 20, avenue des Perri\u00e8res. 6,50\u00a0\u20ac. T\u00e9l.\u00a002\u00a040\u00a010\u00a046\u00a025\u00a0; www.grandecran.fr.<\/p>\n<p>\u00a0<\/p>\n","protected":false},"excerpt":{"rendered":"Dimanche, le cin\u00e9ma Grand \u00e9cran accueillera le r\u00e9alisateur Gr\u00e9gory Morin pour un \u00e9change apr\u00e8s la projection de son&hellip;\n","protected":false},"author":2,"featured_media":128512,"comment_status":"","ping_status":"","sticky":false,"template":"","format":"standard","meta":{"footnotes":""},"categories":[2818],"tags":[1111,11,10770,2621,3136,25248,1777,674,2081,1011,27,766,12,2636,25],"class_list":{"0":"post-128511","1":"post","2":"type-post","3":"status-publish","4":"format-standard","5":"has-post-thumbnail","7":"category-nantes","8":"tag-actu","9":"tag-actualites","10":"tag-chapelle-sur-erdre","11":"tag-chevaux","12":"tag-cote","13":"tag-dressage","14":"tag-eu","15":"tag-europe","16":"tag-film","17":"tag-fr","18":"tag-france","19":"tag-nantes","20":"tag-news","21":"tag-pays-de-la-loire","22":"tag-republique-francaise"},"share_on_mastodon":{"url":"https:\/\/pubeurope.com\/@fr\/114572502186288571","error":""},"_links":{"self":[{"href":"https:\/\/www.europesays.com\/fr\/wp-json\/wp\/v2\/posts\/128511","targetHints":{"allow":["GET"]}}],"collection":[{"href":"https:\/\/www.europesays.com\/fr\/wp-json\/wp\/v2\/posts"}],"about":[{"href":"https:\/\/www.europesays.com\/fr\/wp-json\/wp\/v2\/types\/post"}],"author":[{"embeddable":true,"href":"https:\/\/www.europesays.com\/fr\/wp-json\/wp\/v2\/users\/2"}],"replies":[{"embeddable":true,"href":"https:\/\/www.europesays.com\/fr\/wp-json\/wp\/v2\/comments?post=128511"}],"version-history":[{"count":0,"href":"https:\/\/www.europesays.com\/fr\/wp-json\/wp\/v2\/posts\/128511\/revisions"}],"wp:featuredmedia":[{"embeddable":true,"href":"https:\/\/www.europesays.com\/fr\/wp-json\/wp\/v2\/media\/128512"}],"wp:attachment":[{"href":"https:\/\/www.europesays.com\/fr\/wp-json\/wp\/v2\/media?parent=128511"}],"wp:term":[{"taxonomy":"category","embeddable":true,"href":"https:\/\/www.europesays.com\/fr\/wp-json\/wp\/v2\/categories?post=128511"},{"taxonomy":"post_tag","embeddable":true,"href":"https:\/\/www.europesays.com\/fr\/wp-json\/wp\/v2\/tags?post=128511"}],"curies":[{"name":"wp","href":"https:\/\/api.w.org\/{rel}","templated":true}]}}