{"id":128513,"date":"2025-05-26T05:33:08","date_gmt":"2025-05-26T05:33:08","guid":{"rendered":"https:\/\/www.europesays.com\/fr\/128513\/"},"modified":"2025-05-26T05:33:08","modified_gmt":"2025-05-26T05:33:08","slug":"un-job-dating-original-sinstalle-a-trois-arrets-de-tramway","status":"publish","type":"post","link":"https:\/\/www.europesays.com\/fr\/128513\/","title":{"rendered":"un job-dating original s&rsquo;installe \u00e0 trois arr\u00eats de tramway"},"content":{"rendered":"<p>            Par<br \/>\n        <strong><br \/>\n            <a href=\"https:\/\/actu.fr\/auteur\/thomas-bernard\" title=\"Consulter tous les articles de Thomas Bernard\" rel=\"nofollow noopener\" target=\"_blank\">Thomas Bernard<\/a><br \/>\n        <\/strong><\/p>\n<p>        Publi\u00e9 le<\/p>\n<p>            26 mai 2025 \u00e0 7h26        <\/p>\n<p>La Semitan et Les Entreprises s\u2019engagent- club de Loire-Atlantique, s\u2019associent pour organiser la deuxi\u00e8me \u00e9dition du <strong>job-dating<\/strong> \u00ab\u2009l\u2019emploi sans arr\u00eat\u2009\u00bb \u00e0 Nantes. Les deux entit\u00e9s optent \u00ab\u2009pour un format in\u00e9dit\u2009\u00bb au service du recrutement. Cet \u00e9v\u00e9nement se d\u00e9roulera <strong>le mercredi 4\u00a0juin de 14\u2009h \u00e0 18\u2009h<\/strong>.<\/p>\n<p>60 entreprises pr\u00e9sentes<\/p>\n<p class=\" wall-content\">Des offres d\u2019emploi, de stage et d\u2019alternance seront propos\u00e9es lors de cette journ\u00e9e d\u00e9di\u00e9e au recrutement. Trois villages emplois th\u00e9matiques seront install\u00e9s \u00e0 <strong>trois arr\u00eats de tramway\u2009<\/strong>:<\/p>\n<ul class=\" wall-content\">\n<li>Gare nord\u2009: transport urbain, a\u00e9ronautique et naval.<\/li>\n<li>Commerce\u2009: commerce, services \u00e0 la personne et aux entreprises.<\/li>\n<li>Bretagne\u2009: industrie et b\u00e2timent.<\/li>\n<\/ul>\n<p class=\" wall-content\">\u00ab\u2009Durant cette journ\u00e9e chacun pourra, en prenant le tramway, aller \u00e0 la rencontre de pr\u00e8s de 60 entreprises et organisations professionnelles qui vont proposer des offres d\u2019emploi\u2009\u00bb, explique <strong>Olivier Le Grontec,<\/strong> directeur g\u00e9n\u00e9ral de la Semitan, dans un communiqu\u00e9 transmis \u00e0 <a href=\"https:\/\/actu.fr\/nantes\/\" rel=\"nofollow noopener\" target=\"_blank\">actu Nantes<\/a>.<\/p>\n<p class=\" wall-content\">\u00ab\u2009Les principaux employeurs qui recrutent en Loire-Atlantique seront mobilis\u00e9s sur l\u2019\u00e9v\u00e9nement notamment la Semitan et la Groupe SNCF pour le transport, Airbus Atlantic, les Chantiers de l\u2019Atlantique et Naval Group pour l\u2019industrie ou bien encore l\u2019ADAR pour les services \u00e0 la personne\u2009\u00bb, pr\u00e9cise <strong>Yves-Olivier Lenormand<\/strong>, leader de \u00ab\u2009Les Entreprises s\u2019engagent \u2013 club de Loire-Atlantique\u2009\u00bb.<\/p>\n<p>Vid\u00e9os : en ce moment sur Actu<\/p>\n<p class=\" wall-content\">Suivez toute l\u2019actualit\u00e9 de vos villes et m\u00e9dias favoris en vous inscrivant \u00e0 <a href=\"https:\/\/moncompte.actu.fr\" title=\"D\u00e9couvez Mon Actu\" rel=\"nofollow noopener\" data-trk=\"{&quot;cta&quot;:{&quot;action&quot;:&quot;https:\\\/\\\/moncompte.actu.fr&quot;,&quot;category&quot;:&quot;mon compte&quot;,&quot;from&quot;:&quot;article footer&quot;,&quot;name&quot;:&quot;Mon actu&quot;,&quot;type&quot;:&quot;cta&quot;}}\" target=\"_blank\">Mon Actu<\/a>.<\/p>\n","protected":false},"excerpt":{"rendered":"Par Thomas Bernard Publi\u00e9 le 26 mai 2025 \u00e0 7h26 La Semitan et Les Entreprises s\u2019engagent- club de&hellip;\n","protected":false},"author":2,"featured_media":128514,"comment_status":"","ping_status":"","sticky":false,"template":"","format":"standard","meta":{"footnotes":""},"categories":[2818],"tags":[1111,11,33,341,1777,674,1011,27,5113,766,12,2636,25],"class_list":{"0":"post-128513","1":"post","2":"type-post","3":"status-publish","4":"format-standard","5":"has-post-thumbnail","7":"category-nantes","8":"tag-actu","9":"tag-actualites","10":"tag-economie","11":"tag-emploi","12":"tag-eu","13":"tag-europe","14":"tag-fr","15":"tag-france","16":"tag-job-dating","17":"tag-nantes","18":"tag-news","19":"tag-pays-de-la-loire","20":"tag-republique-francaise"},"share_on_mastodon":{"url":"https:\/\/pubeurope.com\/@fr\/114572506135343252","error":""},"_links":{"self":[{"href":"https:\/\/www.europesays.com\/fr\/wp-json\/wp\/v2\/posts\/128513","targetHints":{"allow":["GET"]}}],"collection":[{"href":"https:\/\/www.europesays.com\/fr\/wp-json\/wp\/v2\/posts"}],"about":[{"href":"https:\/\/www.europesays.com\/fr\/wp-json\/wp\/v2\/types\/post"}],"author":[{"embeddable":true,"href":"https:\/\/www.europesays.com\/fr\/wp-json\/wp\/v2\/users\/2"}],"replies":[{"embeddable":true,"href":"https:\/\/www.europesays.com\/fr\/wp-json\/wp\/v2\/comments?post=128513"}],"version-history":[{"count":0,"href":"https:\/\/www.europesays.com\/fr\/wp-json\/wp\/v2\/posts\/128513\/revisions"}],"wp:featuredmedia":[{"embeddable":true,"href":"https:\/\/www.europesays.com\/fr\/wp-json\/wp\/v2\/media\/128514"}],"wp:attachment":[{"href":"https:\/\/www.europesays.com\/fr\/wp-json\/wp\/v2\/media?parent=128513"}],"wp:term":[{"taxonomy":"category","embeddable":true,"href":"https:\/\/www.europesays.com\/fr\/wp-json\/wp\/v2\/categories?post=128513"},{"taxonomy":"post_tag","embeddable":true,"href":"https:\/\/www.europesays.com\/fr\/wp-json\/wp\/v2\/tags?post=128513"}],"curies":[{"name":"wp","href":"https:\/\/api.w.org\/{rel}","templated":true}]}}