{"id":128519,"date":"2025-05-26T05:36:11","date_gmt":"2025-05-26T05:36:11","guid":{"rendered":"https:\/\/www.europesays.com\/fr\/128519\/"},"modified":"2025-05-26T05:36:11","modified_gmt":"2025-05-26T05:36:11","slug":"en-images-parkings-supprimes-piste-cyclable-les-travaux-ont-commence-dans-cette-rue-de-toulouse","status":"publish","type":"post","link":"https:\/\/www.europesays.com\/fr\/128519\/","title":{"rendered":"EN IMAGES. Parkings supprim\u00e9s, piste cyclable&#8230; Les travaux ont commenc\u00e9 dans cette rue de Toulouse"},"content":{"rendered":"<p>            Par<br \/>\n        <strong><br \/>\n            <a href=\"https:\/\/actu.fr\/auteur\/lea-afonso\" title=\"Consulter tous les articles de L\u00e9a Afonso\" rel=\"nofollow noopener\" target=\"_blank\">L\u00e9a Afonso<\/a><br \/>\n        <\/strong><\/p>\n<p>        Publi\u00e9 le<\/p>\n<p>            26 mai 2025 \u00e0 7h12        <\/p>\n<p>Les travaux ont commenc\u00e9. En cette fin mai\u00a02025, le nouveau visage de la<strong> Rue de la Digue<\/strong> dans le quartier Croix de Pierre \u00e0 <a href=\"https:\/\/actu.fr\/toulouse\/\" rel=\"nofollow noopener\" target=\"_blank\">Toulouse<\/a> commence \u00e0 se dessiner. <strong>Piste cyclable, espace pi\u00e9ton, suppression de places de parking<\/strong>, on fait le point avec Jean-Paul Bouche, maire du quartier.<\/p>\n<p>    <a href=\"https:\/\/www.google.com\/maps\/embed?pb=!1m18!1m12!1m3!1d1215.1660782978697!2d1.4274923853910648!3d43.58221081458657!2m3!1f0!2f0!3f0!3m2!1i1024!2i768!4f13.1!3m3!1m2!1s0x12aebb99779c648f%3A0xe82254f4bd537d46!2sRue%20de%20la%20Digue%2C%2031300%20Toulouse!5e0!3m2!1sfr!2sfr!4v1747834037920!5m2!1sfr!2sfr\" title=\"Ouvrie le lien\" rel=\"nofollow noopener\" target=\"_blank\">Cliquez ici pour visualiser le contenu<\/a><\/p>\n<p>Un projet bien d\u00e9fini<\/p>\n<p class=\" wall-content\">Tractopelles pr\u00e9sents, marteau-piqueur dans le sol et ouvriers sur place\u2009: le chantier de la Rue de la Digue a bel et bien commenc\u00e9. \u00ab\u2009On est au tout<strong> d\u00e9but des travaux<\/strong> qui devraient s\u2019\u00e9tendre sur une dur\u00e9e de <strong>six mois<\/strong>. Le projet est clair\u2009: faire une grande <strong>piste<\/strong> <strong>cyclable<\/strong> qui s\u2019int\u00e9grera dans le<a href=\"https:\/\/actu.fr\/occitanie\/toulouse_31555\/toulouse-ce-reseau-en-pieuvre-va-etendre-ses-tentacules-dans-la-grande-agglo-et-changer-des-habitudes_55294281.html\" rel=\"nofollow noopener\" target=\"_blank\"><strong> REV 3 <\/strong>(r\u00e9seau express v\u00e9lo)<\/a> et qui passera donc par la rue de la digue. Cette piste permettra ensuite de rejoindre l\u2019Oncopole\u2009\u00bb, explique le maire de quartier.<\/p>\n<p class=\" wall-content\">\u00ab\u2009Le but \u00e9tant de faire quelque chose de tr\u00e8s correct pour les v\u00e9los, mais aussi de pr\u00e9voir une <strong>promenade pour les pi\u00e9tons<\/strong>, s\u00e9par\u00e9e des cyclistes, tr\u00e8s bien soign\u00e9e. C\u2019est un endroit o\u00f9 j\u2019aimerais bien habiter\u2009\u00bb, sourit Jean-Paul Bouche. La voirie \u00e0 double sens sera quant \u00e0 elle maintenue, permettant aux riverains de continuer \u00e0 se d\u00e9placer.<\/p>\n<p>    <img   decoding=\"async\" loading=\"lazy\" src=\"https:\/\/www.europesays.com\/fr\/wp-content\/uploads\/2025\/05\/img-2724-960x640.jpg\" alt=\"Tractopelles, marteau-piqueur et ouvriers, les travaux ont bel et bien d\u00e9but\u00e9 sur place\" width=\"960\" height=\"640\"\/><br \/>\n    Tractopelles, marteaux-piqueurs et ouvriers, les travaux ont bel et bien d\u00e9but\u00e9 sur place (\u00a9L\u00e9a Afonso \/ Actu Toulouse)Deux phases de travaux<\/p>\n<p class=\" wall-content\">Du point de vue du calendrier, la premi\u00e8re phase des travaux a \u00e9t\u00e9 lanc\u00e9e \u00e0 la mi-avril 2025. Elle pr\u00e9voit l<strong>a r\u00e9novation de l\u2019\u00e9clairage public<\/strong> de la rue \u00ab\u2009car ils \u00e9taient trop hauts par rapport aux arbres, qui bouchaient donc la lumi\u00e8re\u2009\u00bb, pr\u00e9cise Jean-Paul Bouche. L<strong>\u2019am\u00e9nagement de la voirie<\/strong> devrait quant \u00e0 lui \u00eatre r\u00e9alis\u00e9 dans un second temps, \u00e0 partir de juin\u00a02025, jusqu\u2019en octobre.<\/p>\n<p class=\" wall-content\">Des travaux qui entra\u00eenent l\u2019indisposition des places de parkings priv\u00e9es, le long de l\u2019immeuble qui donne sur la rue\u2009:<\/p>\n<ul class=\" wall-content\">\n<li>Places du n\u00b0\u00a030 au n\u00b0\u00a021\u2009: inaccessibles de mi-avril \u00e0 d\u00e9but mai et de d\u00e9but juin \u00e0 mi-juillet<\/li>\n<li>Place du n\u00b0\u00a021 au n\u00b0\u00a017\u2009: inaccessibles de d\u00e9but mai \u00e0 mi-mai et de mi-juillet \u00e0 fin ao\u00fbt<\/li>\n<\/ul>\n<p>Des places de parking supprim\u00e9es \u00e0 terme<\/p>\n<p class=\" wall-content\">Avec ce nouvel am\u00e9nagement de la rue, les <strong>places de parking publiques<\/strong> le long de la promenade pi\u00e9tonne actuelle seront en partie <strong>supprim\u00e9es<\/strong>. Une annonce mal accueillie par certains habitants, qui avaient lanc\u00e9 une p\u00e9tition au printemps dernier pour s\u2019opposer aux travaux. Cette derni\u00e8re avait r\u00e9colt\u00e9 quelque <a href=\"https:\/\/actu.fr\/occitanie\/toulouse_31555\/toulouse-trop-de-parkings-supprimes-dans-ce-quartier-le-nouveau-plan-des-riverains_61194930.html\" rel=\"nofollow noopener\" target=\"_blank\">600 signatures comme\u00a0Actu Toulouse le relatait.<\/a><\/p>\n<p class=\" wall-content\">Le maire de quartier tient \u00e0 rappeler\u2009: \u00ab\u2009il y a <strong>53 places de stationnements priv\u00e9s<\/strong> \u00e0 l\u2019heure actuelle. En parall\u00e8le, sur cette rue, nous en maintenons 18 et concernant la place de la Croix de Pierre \u2014 qui sera aussi refaite \u2014, 28 seront conserv\u00e9es. On entend que les riverains ne sont pas contents, mais on ne touche pas \u00e0 la propri\u00e9t\u00e9 priv\u00e9e. On s\u2019occupe uniquement de l\u2019espace public\u2009\u00bb.<\/p>\n<p>    <img   decoding=\"async\" loading=\"lazy\" src=\"https:\/\/www.europesays.com\/fr\/wp-content\/uploads\/2025\/05\/img-2728-960x640.jpg\" alt=\"Les places de parking, anciennement \u00e0 l'emplacement des barri\u00e8res sur la photo, vont \u00eatre supprim\u00e9es \u00e0 terme pour laisser place \u00e0 la piste cyclable du REV 3\" width=\"960\" height=\"640\"\/><br \/>\n    Les places de parking, anciennement \u00e0 l\u2019emplacement des barri\u00e8res sur la photo, vont \u00eatre supprim\u00e9es \u00e0 terme pour laisser place \u00e0 la piste cyclable du REV 3 (\u00a9L\u00e9a Afonso \/ Actu Toulouse)Cherche de nouvelles places\u2026 payantes<\/p>\n<p class=\" wall-content\">Pour contrer cette baisse de places de parking Rue de la Digue, la municipalit\u00e9 pr\u00e9voit \u00ab\u2009l\u2019<strong>am\u00e9nagement de nouveaux stationnements<\/strong> de l\u2019autre c\u00f4t\u00e9 de l\u2019avenue de Muret, dans le bloc d\u2019habitations entre le boulevard D\u00e9odat de S\u00e9verac et le rond-point du 21\u00a0septembre. Ce sera un stationnement de qualit\u00e9 pens\u00e9 dans la dynamique du quartier et non pas d\u2019une seule rue\u2009\u00bb, pr\u00e9cise le maire.<\/p>\n<p class=\" wall-content\">Rappelons qu\u2019\u00e0 l\u2019<strong>automne 2025<\/strong>, avec la fin des travaux de la Rue de la Digue, le <strong>stationnement<\/strong> doit passer <strong>payant<\/strong> <strong>dans le quartier<\/strong> tout entier, comme <a href=\"https:\/\/actu.fr\/occitanie\/toulouse_31555\/deux-nouveaux-quartiers-de-toulouse-doivent-basculer-dans-le-stationnement-payant-d-ici-fin-2025_62460501.html\" rel=\"nofollow noopener\" target=\"_blank\">Actu Toulouse vous en parlait il y a quelques semaines. <\/a>Un stationnement r\u00e9sident sera pr\u00e9vu.<\/p>\n<p class=\" wall-content\">Suivez toute l\u2019actualit\u00e9 de vos villes et m\u00e9dias favoris en vous inscrivant \u00e0 <a href=\"https:\/\/moncompte.actu.fr\" title=\"D\u00e9couvez Mon Actu\" rel=\"nofollow noopener\" data-trk=\"{&quot;cta&quot;:{&quot;action&quot;:&quot;https:\\\/\\\/moncompte.actu.fr&quot;,&quot;category&quot;:&quot;mon compte&quot;,&quot;from&quot;:&quot;article footer&quot;,&quot;name&quot;:&quot;Mon actu&quot;,&quot;type&quot;:&quot;cta&quot;}}\" target=\"_blank\">Mon Actu<\/a>.<\/p>\n","protected":false},"excerpt":{"rendered":"Par L\u00e9a Afonso Publi\u00e9 le 26 mai 2025 \u00e0 7h12 Les travaux ont commenc\u00e9. En cette fin mai\u00a02025,&hellip;\n","protected":false},"author":2,"featured_media":128520,"comment_status":"","ping_status":"","sticky":false,"template":"","format":"standard","meta":{"footnotes":""},"categories":[2816],"tags":[1111,11,1777,674,1011,27,12,2680,25,104,6173,2312,2086,1352],"class_list":{"0":"post-128519","1":"post","2":"type-post","3":"status-publish","4":"format-standard","5":"has-post-thumbnail","7":"category-toulouse","8":"tag-actu","9":"tag-actualites","10":"tag-eu","11":"tag-europe","12":"tag-fr","13":"tag-france","14":"tag-news","15":"tag-occitanie","16":"tag-republique-francaise","17":"tag-societe","18":"tag-stationnement","19":"tag-toulouse","20":"tag-travaux","21":"tag-urbanisme"},"share_on_mastodon":{"url":"https:\/\/pubeurope.com\/@fr\/114572518131471033","error":""},"_links":{"self":[{"href":"https:\/\/www.europesays.com\/fr\/wp-json\/wp\/v2\/posts\/128519","targetHints":{"allow":["GET"]}}],"collection":[{"href":"https:\/\/www.europesays.com\/fr\/wp-json\/wp\/v2\/posts"}],"about":[{"href":"https:\/\/www.europesays.com\/fr\/wp-json\/wp\/v2\/types\/post"}],"author":[{"embeddable":true,"href":"https:\/\/www.europesays.com\/fr\/wp-json\/wp\/v2\/users\/2"}],"replies":[{"embeddable":true,"href":"https:\/\/www.europesays.com\/fr\/wp-json\/wp\/v2\/comments?post=128519"}],"version-history":[{"count":0,"href":"https:\/\/www.europesays.com\/fr\/wp-json\/wp\/v2\/posts\/128519\/revisions"}],"wp:featuredmedia":[{"embeddable":true,"href":"https:\/\/www.europesays.com\/fr\/wp-json\/wp\/v2\/media\/128520"}],"wp:attachment":[{"href":"https:\/\/www.europesays.com\/fr\/wp-json\/wp\/v2\/media?parent=128519"}],"wp:term":[{"taxonomy":"category","embeddable":true,"href":"https:\/\/www.europesays.com\/fr\/wp-json\/wp\/v2\/categories?post=128519"},{"taxonomy":"post_tag","embeddable":true,"href":"https:\/\/www.europesays.com\/fr\/wp-json\/wp\/v2\/tags?post=128519"}],"curies":[{"name":"wp","href":"https:\/\/api.w.org\/{rel}","templated":true}]}}