{"id":128525,"date":"2025-05-26T05:40:09","date_gmt":"2025-05-26T05:40:09","guid":{"rendered":"https:\/\/www.europesays.com\/fr\/128525\/"},"modified":"2025-05-26T05:40:09","modified_gmt":"2025-05-26T05:40:09","slug":"decarbonation-ia-avec-7-nouveaux-projets-la-region-reste-attractive-a-linternational","status":"publish","type":"post","link":"https:\/\/www.europesays.com\/fr\/128525\/","title":{"rendered":"D\u00e9carbonation, IA\u2026 avec 7 nouveaux projets, la R\u00e9gion reste attractive \u00e0 l\u2019international"},"content":{"rendered":"<p>Une porte d\u2019entr\u00e9e vers les march\u00e9s fran\u00e7ais et europ\u00e9ens \u00e0 p\u00e9renniser. En d\u00e9but de semaine, le pr\u00e9sident de la R\u00e9publique, d\u00e9voilait dans le cadre du Sommet Choose France, 53 nouveaux projets d\u2019investissement internationaux dans l\u2019Hexagone pour un montant de 37.3\u00a0milliards d\u2019euros. Une pole position sur le Vieux continent, \u00e0 laquelle <a href=\"https:\/\/www.laprovence.com\/article\/economie\/222444179129414\/investissements-etrangers-si-l-attractivite-de-la-france-ralentit-la-region-sud-fait-de-la-resistance\" target=\"_blank\" rel=\"noopener\">contribue activement la r\u00e9gion<\/a>\u00a0qui accueille 7 projets confirm\u00e9s et 8 pouvant g\u00e9n\u00e9rer des retomb\u00e9es directes ou indirectes.<\/p>\n<p>\u00ab\u00a0En\u00a02024, la R\u00e9gion Sud est top 3 europ\u00e9en dans les centres de R &amp; D, ce qui est assez in\u00e9dit et pour l\u2019ann\u00e9e\u00a02025, nous sommes \u00e0 pr\u00e9sent sur le podium en nombre de projets annonc\u00e9s\u00a0\u00bb, s\u2019enorgueillit <a href=\"https:\/\/www.laprovence.com\/article\/economie\/86516611238901\/audrey-brun-rabuel-directrice-de-lagence-risingsud-faire-un-peu-moins-mais-mieux-pour-lattractivite-du-territoire\" target=\"_blank\" rel=\"noopener\">Audrey Brun Rabuel<\/a>, directrice g\u00e9n\u00e9rale de RisingSUD, le bras arm\u00e9 du d\u00e9veloppement \u00e9conomique de la R\u00e9gion qui facilite l\u2019implantation d\u2019entreprises \u00e9trang\u00e8res.<\/p>\n","protected":false},"excerpt":{"rendered":"Une porte d\u2019entr\u00e9e vers les march\u00e9s fran\u00e7ais et europ\u00e9ens \u00e0 p\u00e9renniser. En d\u00e9but de semaine, le pr\u00e9sident de&hellip;\n","protected":false},"author":2,"featured_media":128526,"comment_status":"","ping_status":"","sticky":false,"template":"","format":"standard","meta":{"footnotes":""},"categories":[2814],"tags":[17,1111,11,3396,23776,33,1777,674,1011,27,861,884,12,2845,4916,882,16,25,3138],"class_list":{"0":"post-128525","1":"post","2":"type-post","3":"status-publish","4":"format-standard","5":"has-post-thumbnail","7":"category-marseille","8":"tag-17","9":"tag-actu","10":"tag-actualites","11":"tag-avec","12":"tag-decarbonation","13":"tag-economie","14":"tag-eu","15":"tag-europe","16":"tag-fr","17":"tag-france","18":"tag-ia","19":"tag-marseille","20":"tag-news","21":"tag-nouveaux","22":"tag-projets","23":"tag-provence-alpes-cote-dazur","24":"tag-region","25":"tag-republique-francaise","26":"tag-reste"},"share_on_mastodon":{"url":"https:\/\/pubeurope.com\/@fr\/114572533635067686","error":""},"_links":{"self":[{"href":"https:\/\/www.europesays.com\/fr\/wp-json\/wp\/v2\/posts\/128525","targetHints":{"allow":["GET"]}}],"collection":[{"href":"https:\/\/www.europesays.com\/fr\/wp-json\/wp\/v2\/posts"}],"about":[{"href":"https:\/\/www.europesays.com\/fr\/wp-json\/wp\/v2\/types\/post"}],"author":[{"embeddable":true,"href":"https:\/\/www.europesays.com\/fr\/wp-json\/wp\/v2\/users\/2"}],"replies":[{"embeddable":true,"href":"https:\/\/www.europesays.com\/fr\/wp-json\/wp\/v2\/comments?post=128525"}],"version-history":[{"count":0,"href":"https:\/\/www.europesays.com\/fr\/wp-json\/wp\/v2\/posts\/128525\/revisions"}],"wp:featuredmedia":[{"embeddable":true,"href":"https:\/\/www.europesays.com\/fr\/wp-json\/wp\/v2\/media\/128526"}],"wp:attachment":[{"href":"https:\/\/www.europesays.com\/fr\/wp-json\/wp\/v2\/media?parent=128525"}],"wp:term":[{"taxonomy":"category","embeddable":true,"href":"https:\/\/www.europesays.com\/fr\/wp-json\/wp\/v2\/categories?post=128525"},{"taxonomy":"post_tag","embeddable":true,"href":"https:\/\/www.europesays.com\/fr\/wp-json\/wp\/v2\/tags?post=128525"}],"curies":[{"name":"wp","href":"https:\/\/api.w.org\/{rel}","templated":true}]}}