{"id":128527,"date":"2025-05-26T05:41:08","date_gmt":"2025-05-26T05:41:08","guid":{"rendered":"https:\/\/www.europesays.com\/fr\/128527\/"},"modified":"2025-05-26T05:41:08","modified_gmt":"2025-05-26T05:41:08","slug":"marseille-confidentiels-de-la-securite-et-des-couleurs-aux-abords-des-ecoles","status":"publish","type":"post","link":"https:\/\/www.europesays.com\/fr\/128527\/","title":{"rendered":"Marseille confidentiels. De la s\u00e9curit\u00e9 et des couleurs aux abords des \u00e9coles"},"content":{"rendered":"<p>De la s\u00e9curit\u00e9 et des couleurs aux abords des \u00e9coles<\/p>\n<p>On connaissait le panneau signalant la pr\u00e9sence d\u2019enfants aux abords d\u2019une \u00e9cole. \u00c0 Marseille, il existe une touche plus color\u00e9e pour s\u00e9curiser ces zones\u00a0: des barri\u00e8res et plots bleus, verts, jaunes ou rouges. La M\u00e9tropole esp\u00e8re ainsi \u00ab\u00a0sensibiliser les automobilistes \u00e0 la pr\u00e9sence d\u2019\u00e9l\u00e8ves et cr\u00e9er une identit\u00e9 graphique facilement identifiable pour que chacun adapte son comportement\u00a0\u00bb.<\/p>\n<p>Une nouveaut\u00e9 remarqu\u00e9e et appr\u00e9ci\u00e9e par les parents d\u2019\u00e9l\u00e8ves <a href=\"https:\/\/www.laprovence.com\/article\/region\/3946673074987914\/cour-renovee-batiments-restaures-gymnase-terrain-de-foot-la-nouvelle-ecole-saint-louis-gare-fait-des-heureux-a-marseille\" target=\"_blank\" rel=\"noopener\">de l\u2019\u00e9cole Saint-Louis Gare<\/a>, samedi, dans le 15e arrondissement de Marseille, m\u00eame si \u00ab\u00a0il faudrait un dos-d\u2019\u00e2ne, parce que les gens roulent encore trop vite\u00a0\u00bb, estimait l\u2019une des mamans.<\/p>\n<p>M.LL.<br \/>\nUne belle affluence pour l\u2019inauguration de l\u2019\u00e9cole Saint-Louis Gare<\/p>\n<p>Quelque 1\u00a0700 Marseillais, des \u00e9l\u00e8ves ou futurs \u00e9coliers et leurs parents, ont pris part \u00e0 l\u2019inauguration du groupe scolaire Saint-Louis Gare, samedi.<\/p>\n<p>Apr\u00e8s deux ans de travaux, d\u00e9but\u00e9s en septembre\u00a02021, les \u00e9coles maternelle et \u00e9l\u00e9mentaire de ce quartier du 15e arrondissement ont officiellement ouvert leurs portes, m\u00eame si les enseignants et leurs \u00e9l\u00e8ves s\u2019y c\u00f4toyaient d\u00e9j\u00e0 tous les jours depuis la rentr\u00e9e\u00a02023.<\/p>\n<p>M.LL.<br \/>\nDes Marseillais citoyens et futurs \u00e9lecteurs<\/p>\n<p><a href=\"https:\/\/www.laprovence.com\/article\/region\/1676859463803714\/la-ville-de-marseille-vend-aux-encheres-ses-appartements-vacants\" target=\"_blank\" rel=\"noopener\">La Ville de Marseille<\/a> a organis\u00e9, samedi, une c\u00e9r\u00e9monie officielle de citoyennet\u00e9. L\u2019occasion pour Sophie Roques, adjointe en charge de l\u2019\u00e9tat civil et de l\u2019accueil des nouveaux Marseillais, de rappeler que \u00ab\u00a0la R\u00e9publique est un projet plus moderne que jamais\u00a0\u00bb\u00a0: \u00ab\u00a0Ch\u00e9rissez le droit de vote, la d\u00e9mocratie et prot\u00e9gez-les.\u00a0\u00bb Les Marseillais majeurs pr\u00e9sents ont donc re\u00e7u leur carte \u00e9lectorale.<\/p>\n","protected":false},"excerpt":{"rendered":"De la s\u00e9curit\u00e9 et des couleurs aux abords des \u00e9coles On connaissait le panneau signalant la pr\u00e9sence d\u2019enfants&hellip;\n","protected":false},"author":2,"featured_media":128528,"comment_status":"","ping_status":"","sticky":false,"template":"","format":"standard","meta":{"footnotes":""},"categories":[2814],"tags":[17,25249,1111,11,1007,2826,18493,154,1777,674,1011,27,884,12,882,16,25,656],"class_list":{"0":"post-128527","1":"post","2":"type-post","3":"status-publish","4":"format-standard","5":"has-post-thumbnail","7":"category-marseille","8":"tag-17","9":"tag-abords","10":"tag-actu","11":"tag-actualites","12":"tag-aux","13":"tag-confidentiels","14":"tag-couleurs","15":"tag-des","16":"tag-eu","17":"tag-europe","18":"tag-fr","19":"tag-france","20":"tag-marseille","21":"tag-news","22":"tag-provence-alpes-cote-dazur","23":"tag-region","24":"tag-republique-francaise","25":"tag-securite"},"share_on_mastodon":{"url":"https:\/\/pubeurope.com\/@fr\/114572537588105528","error":""},"_links":{"self":[{"href":"https:\/\/www.europesays.com\/fr\/wp-json\/wp\/v2\/posts\/128527","targetHints":{"allow":["GET"]}}],"collection":[{"href":"https:\/\/www.europesays.com\/fr\/wp-json\/wp\/v2\/posts"}],"about":[{"href":"https:\/\/www.europesays.com\/fr\/wp-json\/wp\/v2\/types\/post"}],"author":[{"embeddable":true,"href":"https:\/\/www.europesays.com\/fr\/wp-json\/wp\/v2\/users\/2"}],"replies":[{"embeddable":true,"href":"https:\/\/www.europesays.com\/fr\/wp-json\/wp\/v2\/comments?post=128527"}],"version-history":[{"count":0,"href":"https:\/\/www.europesays.com\/fr\/wp-json\/wp\/v2\/posts\/128527\/revisions"}],"wp:featuredmedia":[{"embeddable":true,"href":"https:\/\/www.europesays.com\/fr\/wp-json\/wp\/v2\/media\/128528"}],"wp:attachment":[{"href":"https:\/\/www.europesays.com\/fr\/wp-json\/wp\/v2\/media?parent=128527"}],"wp:term":[{"taxonomy":"category","embeddable":true,"href":"https:\/\/www.europesays.com\/fr\/wp-json\/wp\/v2\/categories?post=128527"},{"taxonomy":"post_tag","embeddable":true,"href":"https:\/\/www.europesays.com\/fr\/wp-json\/wp\/v2\/tags?post=128527"}],"curies":[{"name":"wp","href":"https:\/\/api.w.org\/{rel}","templated":true}]}}