{"id":128550,"date":"2025-05-26T05:54:21","date_gmt":"2025-05-26T05:54:21","guid":{"rendered":"https:\/\/www.europesays.com\/fr\/128550\/"},"modified":"2025-05-26T05:54:21","modified_gmt":"2025-05-26T05:54:21","slug":"la-plupart-des-demandeurs-dasile-seront-refoules-aux-frontieres-liberation","status":"publish","type":"post","link":"https:\/\/www.europesays.com\/fr\/128550\/","title":{"rendered":"la plupart des demandeurs d\u2019asile seront refoul\u00e9s aux fronti\u00e8res \u2013 Lib\u00e9ration"},"content":{"rendered":"<p class=\"sc-ksZaOG ehjQrN text-element\">Coup de vis sur la politique migratoire. <a href=\"https:\/\/www.liberation.fr\/international\/europe\/allemagne-le-conservateur-friedrich-merz-echoue-a-etre-elu-chancelier-au-premier-tour-un-revers-inedit-20250506_QHTUGITAERE6XGF7DY6YYRUGUE\/\" target=\"_blank\" rel=\"noreferrer nofollow noopener\" title=\"https:\/\/www.liberation.fr\/international\/europe\/allemagne-le-conservateur-friedrich-merz-echoue-a-etre-elu-chancelier-au-premier-tour-un-revers-inedit-20250506_QHTUGITAERE6XGF7DY6YYRUGUE\/\">A peine en place<\/a> et tandis que l\u2019extr\u00eame droite progresse dans les sondages, le nouveau gouvernement allemand annonce ce mercredi 7 mai que la plupart des demandeurs d\u2019asile seront refoul\u00e9s aux fronti\u00e8res. Imm\u00e9diatement, il s\u2019est attir\u00e9 une mise en garde de la Pologne voisine tandis que la Suisse a \u00abregrett\u00e9\u00bb la d\u00e9cision.<\/p>\n<p class=\"sc-ksZaOG ehjQrN text-element\">Quelques heures apr\u00e8s son entr\u00e9e en fonction, le ministre conservateur de l\u2019Int\u00e9rieur, Alexander Dobrindt, a annonc\u00e9 qu\u2019il annulait une directive d\u2019un de ses pr\u00e9d\u00e9cesseurs, datant de 2015 et \u00e9mise en pleine crise migratoire europ\u00e9enne, au cours de laquelle l\u2019Allemagne avait accueilli plus d\u2019un million de r\u00e9fugi\u00e9s en provenance de Syrie et d\u2019Afghanistan principalement.<\/p>\n<p class=\"sc-ksZaOG ehjQrN text-element\">A l\u2019\u00e9poque, le ministre de l\u2019Int\u00e9rieur, le conservateur Thomas de Maizi\u00e8re, avait demand\u00e9 \u00e0 la police f\u00e9d\u00e9rale \u00abd\u2019autoriser l\u2019entr\u00e9e de ressortissants de pays tiers sans documents l\u00e9gitimant leur s\u00e9jour et sans pr\u00e9sentation d\u2019une demande d\u2019asile\u00bb. Avec l\u2019annulation de cette directive, <a href=\"https:\/\/www.liberation.fr\/international\/europe\/friedrich-merz-elu-chancelier-allemand-leurope-au-coeur-20250506_5PTLUB7CHVA6VMZYVAUSABNB4Y\/\" target=\"_blank\" rel=\"noreferrer nofollow noopener\" title=\"https:\/\/www.liberation.fr\/international\/europe\/friedrich-merz-elu-chancelier-allemand-leurope-au-coeur-20250506_5PTLUB7CHVA6VMZYVAUSABNB4Y\/\">le nouveau gouvernement du conservateur Friedrich Merz<\/a> tourne d\u00e9finitivement la page de la politique d\u2019accueil longtemps g\u00e9n\u00e9reuse du pays, initi\u00e9e en son temps par Angela Merkel.<\/p>\n<p class=\"sc-ksZaOG ehjQrN text-element\">Concr\u00e8tement, Alexander Dobrindt a ordonn\u00e9 \u00e0 la police des fronti\u00e8res de refouler les demandeurs d\u2019asile sans papiers, \u00absauf les groupes vuln\u00e9rables, comme les enfants et les femmes enceintes\u00bb. \u00abL\u2019Allemagne doit pouvoir prendre des d\u00e9cisions pour r\u00e9duire les chiffres de l\u2019immigration ill\u00e9gale et des demandes d\u2019asile\u00bb, a-t-il ajout\u00e9 lors d\u2019une conf\u00e9rence de presse \u00e0 Berlin. La politique migratoire devrait donc retrouver \u00abclart\u00e9, coh\u00e9rence et contr\u00f4le\u00bb, a-t-il martel\u00e9.<\/p>\n<p class=\"sc-ksZaOG ehjQrN text-element\">\u00abNous ne le ferons pas sous la forme d\u2019une surcharge de nos voisins. Nous ne proc\u00e9derons pas non plus \u00e0 la fermeture des fronti\u00e8res mais il s\u2019agit de renforcer le contr\u00f4le des fronti\u00e8res et, gr\u00e2ce \u00e0 ce renforcement, d\u2019augmenter le nombre de refoulements\u00bb, a-t-il continu\u00e9. Alexander Dobrindt a tent\u00e9 ainsi de rassurer les voisins de l\u2019Allemagne, dont certains, comme la Pologne, sont d\u00e9j\u00e0 tr\u00e8s critiques des contr\u00f4les qui ralentissent consid\u00e9rablement la circulation des travailleurs frontaliers.<\/p>\n<p class=\"sc-ksZaOG ehjQrN text-element\">L\u2019annonce de ces mesures a toutefois imm\u00e9diatement fait r\u00e9agir le chef du gouvernement polonais Donald Tusk. Ce dernier a ainsi pri\u00e9 le chancelier Friedrich Merz \u00abde se concentrer sur les fronti\u00e8res ext\u00e9rieures de l\u2019UE\u00bb et pr\u00e9server la zone Schengen, lors d\u2019une conf\u00e9rence de presse commune \u00e0 Varsovie.<\/p>\n<p class=\"sc-ksZaOG ehjQrN text-element\">Dans un entretien mercredi \u00e0 la cha\u00eene de t\u00e9l\u00e9vision <a href=\"https:\/\/www.welt.de\/politik\/ausland\/plus256084254\/Friedrich-Merz-Das-ist-unsere-Sache-Darueber-entscheiden-wir-und-nicht-eine-amerikanische-Regierung.html\" target=\"_blank\" rel=\"noreferrer nofollow noopener\" title=\"https:\/\/www.welt.de\/politik\/ausland\/plus256084254\/Friedrich-Merz-Das-ist-unsere-Sache-Darueber-entscheiden-wir-und-nicht-eine-amerikanische-Regierung.html\">Die Welt<\/a>, <a href=\"https:\/\/www.liberation.fr\/international\/europe\/friedrich-merz-elu-au-second-tour-la-grosse-frayeur-des-allemands-20250506_ZJR4BOCBXJER5ISVBCYL4NRKFI\/\" target=\"_blank\" rel=\"noreferrer nofollow noopener\" title=\"https:\/\/www.liberation.fr\/international\/europe\/friedrich-merz-elu-au-second-tour-la-grosse-frayeur-des-allemands-20250506_ZJR4BOCBXJER5ISVBCYL4NRKFI\/\">Friedrich Merz <\/a>a dit avoir inform\u00e9 \u00e0 l\u2019avance les dirigeants fran\u00e7ais Emmanuel Macron et Donald Tusk de ses contr\u00f4les renforc\u00e9s. \u00abNous savons que les contr\u00f4les aux fronti\u00e8res int\u00e9rieures ne peuvent \u00eatre qu\u2019une transition. Mais ils sont tout simplement n\u00e9cessaires tant que nous avons une migration irr\u00e9guli\u00e8re aussi \u00e9lev\u00e9e dans l\u2019Union europ\u00e9enne\u00bb, a-t-il ajout\u00e9, soulignant que l\u2019Allemagne, pays situ\u00e9 au centre de l\u2019Europe, \u00e9tait l\u2019un des plus touch\u00e9s par ce ph\u00e9nom\u00e8ne.<\/p>\n<p class=\"sc-ksZaOG ehjQrN text-element\">Selon des chiffres du minist\u00e8re allemand l\u2019Int\u00e9rieur, le nombre de demandes d\u2019asile a augment\u00e9 de 2020 \u00e0 2023, puis diminu\u00e9 en 2024. Au total, 250 945 personnes ont demand\u00e9 l\u2019asile en Allemagne en 2024, soit une baisse 28,7 % par rapport \u00e0 l\u2019ann\u00e9e pr\u00e9c\u00e9dente. Selon des chiffres officiels publi\u00e9s d\u00e9but mai, plus de 53 000 personnes ont \u00e9t\u00e9 refoul\u00e9es aux fronti\u00e8res allemandes depuis octobre 2023.<\/p>\n<p class=\"sc-ksZaOG ehjQrN text-element\">Ce tour de vis sur l\u2019immigration, sujet qui a domin\u00e9 la campagne \u00e9lectorale des l\u00e9gislatives allemandes apr\u00e8s une s\u00e9rie d\u2019attaques commises par des \u00e9trangers, \u00e9tait attendu. D\u00e9j\u00e0 quelques semaines avant d\u2019entrer en fonction, le chancelier avait annonc\u00e9 qu\u2019il en ferait l\u2019un des dossiers prioritaires de son gouvernement, notamment pour regagner la confiance des \u00e9lecteurs partis \u00e0 l\u2019extr\u00eame droite.<\/p>\n<p class=\"sc-ksZaOG ehjQrN text-element\">Dans certains sondages r\u00e9cents, le parti Alternative pour l\u2019Allemagne (AfD), arriv\u00e9 deuxi\u00e8me aux l\u00e9gislatives, s\u2019est hiss\u00e9 en t\u00eate, d\u00e9passant les conservateurs. La popularit\u00e9 de cette formation anti-migrants, class\u00e9 vendredi \u00abextr\u00e9miste de droite\u00bb par les services du Renseignement int\u00e9rieur, inqui\u00e8te le nouveau gouvernement de Friedrich Merz. Selon un rapport du Renseignement, publi\u00e9 mercredi dans la presse, le mouvement pratique une \u00abagitation continue\u00bb contre les migrants, les r\u00e9fugi\u00e9s et les musulmans, les pr\u00e9sentant comme un \u00abcollectif mena\u00e7ant\u00bb.<\/p>\n","protected":false},"excerpt":{"rendered":"Coup de vis sur la politique migratoire. A peine en place et tandis que l\u2019extr\u00eame droite progresse dans&hellip;\n","protected":false},"author":2,"featured_media":128551,"comment_status":"","ping_status":"","sticky":false,"template":"","format":"standard","meta":{"footnotes":""},"categories":[1587],"tags":[11,672,1804,1805,1803,1777,674,4710,1801,12,1802],"class_list":{"0":"post-128550","1":"post","2":"type-post","3":"status-publish","4":"format-standard","5":"has-post-thumbnail","7":"category-allemagne","8":"tag-actualites","9":"tag-allemagne","10":"tag-bundesrepublik-deutschland","11":"tag-de","12":"tag-deutschland","13":"tag-eu","14":"tag-europe","15":"tag-friedrich-merz","16":"tag-germany","17":"tag-news","18":"tag-republique-federale-dallemagne"},"share_on_mastodon":{"url":"https:\/\/pubeurope.com\/@fr\/114572588671878960","error":""},"_links":{"self":[{"href":"https:\/\/www.europesays.com\/fr\/wp-json\/wp\/v2\/posts\/128550","targetHints":{"allow":["GET"]}}],"collection":[{"href":"https:\/\/www.europesays.com\/fr\/wp-json\/wp\/v2\/posts"}],"about":[{"href":"https:\/\/www.europesays.com\/fr\/wp-json\/wp\/v2\/types\/post"}],"author":[{"embeddable":true,"href":"https:\/\/www.europesays.com\/fr\/wp-json\/wp\/v2\/users\/2"}],"replies":[{"embeddable":true,"href":"https:\/\/www.europesays.com\/fr\/wp-json\/wp\/v2\/comments?post=128550"}],"version-history":[{"count":0,"href":"https:\/\/www.europesays.com\/fr\/wp-json\/wp\/v2\/posts\/128550\/revisions"}],"wp:featuredmedia":[{"embeddable":true,"href":"https:\/\/www.europesays.com\/fr\/wp-json\/wp\/v2\/media\/128551"}],"wp:attachment":[{"href":"https:\/\/www.europesays.com\/fr\/wp-json\/wp\/v2\/media?parent=128550"}],"wp:term":[{"taxonomy":"category","embeddable":true,"href":"https:\/\/www.europesays.com\/fr\/wp-json\/wp\/v2\/categories?post=128550"},{"taxonomy":"post_tag","embeddable":true,"href":"https:\/\/www.europesays.com\/fr\/wp-json\/wp\/v2\/tags?post=128550"}],"curies":[{"name":"wp","href":"https:\/\/api.w.org\/{rel}","templated":true}]}}