{"id":128572,"date":"2025-05-26T06:07:08","date_gmt":"2025-05-26T06:07:08","guid":{"rendered":"https:\/\/www.europesays.com\/fr\/128572\/"},"modified":"2025-05-26T06:07:08","modified_gmt":"2025-05-26T06:07:08","slug":"vc-rouen-76-ce-netait-pas-une-evidence-actualite","status":"publish","type":"post","link":"https:\/\/www.europesays.com\/fr\/128572\/","title":{"rendered":"VC Rouen 76 : \u00ab Ce n&rsquo;\u00e9tait pas une \u00e9vidence \u00bb &#8211; Actualit\u00e9"},"content":{"rendered":"<p style=\"text-align: justify;\"><strong>Le VC Rouen 76 qui gagne devient un maronnier, encore plus que les ann\u00e9es pr\u00e9c\u00e9dentes o\u00f9 les Normands avaient d\u00e9j\u00e0 de bonnes habitudes en mati\u00e8re de r\u00e9sultats. Mais ce week-end, la Conti F\u00e9d\u00e9rale a encore tap\u00e9 fort en d\u00e9crochant les deux courses \u00e0 \u00e9tapes au programme : l&rsquo;Essor Breton gr\u00e2ce \u00e0 Jean-Louis Le Ny, et le Tour de la Manche avec L\u00e9andre Huck. Sur la seconde cit\u00e9e, Jean-Philippe Yon, directeur sportif, a confi\u00e9 son bonheur \u00e0 DirectVelo, lui qui remporte pour la premi\u00e8re fois l&rsquo;\u00e9preuve de la r\u00e9gion en bonus.<\/strong><\/p>\n<p><strong>DirectVelo : Quelle semaine entre l&rsquo;Essor Breton et le Tour de la Manche !<\/strong><br \/>Jean-Philippe Yon : C&rsquo;est une semaine exceptionnelle, on a vu qu&rsquo;on avait deux fronts forts de chaque c\u00f4t\u00e9, mais de l\u00e0 \u00e0 r\u00e9aliser ce qu&rsquo;on vient de faire, ce n&rsquo;\u00e9tait pas une \u00e9vidence. Gagner sur le Tour de la Manche et sur l&rsquo;Essor Breton, \u00e7a d\u00e9montre quand m\u00eame un sacr\u00e9 niveau g\u00e9n\u00e9ral du groupe. C&rsquo;est un dr\u00f4le de week-end.<\/p>\n<p><strong>Y a-t-il une petite d\u00e9ception de ne pas gagner une \u00e9tape quand m\u00eame ?<\/strong><br \/>L\u00e9andre Huck a \u00e9t\u00e9 d\u00e9clar\u00e9 vainqueur quand m\u00eame. Florentin (Lecamus-Lambert) hier n&rsquo;\u00e9tait pas loin du compte, Cl\u00e9ment (Petit) aujourd&rsquo;hui n&rsquo;est pas loin du compte. Je crois qu&rsquo;on a quatre coureurs dans le Top 10 au g\u00e9n\u00e9ral. C&rsquo;est assez incroyable tout simplement. L&rsquo;objectif, une fois qu&rsquo;on a pris le maillot, ce n&rsquo;\u00e9tait pas les \u00e9tapes, mais de gagner des places au g\u00e9n\u00e9ral.<\/p>\n<p><strong>\u00ab UN GAR\u00c7ON QUI A UN MOTEUR DE MALADE \u00bb<\/strong><\/p>\n<p><strong>L\u00e9andre Huck est en pleine progression !<\/strong><br \/>On le sait, mais il confirme encore. Tout le monde dit que L\u00e9andre, c&rsquo;est le plus fort du peloton. Mais pas en r\u00e9sultats. L\u00e9andre, c&rsquo;est quelqu&rsquo;un qui est un peu brouillon, qui est tr\u00e8s g\u00e9n\u00e9reux dans l&rsquo;effort et qui souvent dilapide un peu ses forces. Maintenant, apr\u00e8s un week-end comme \u00e7a, avec le maillot jaune sur le dos, une victoire finale sur un Tour de la Manche, \u00e7a va peut-\u00eatre lui donner un d\u00e9clic pour avoir plus de confiance, \u00eatre plus serein en course et certainement gagner d&rsquo;autres grandes courses. C&rsquo;est un gar\u00e7on qui a un moteur de malade. Dans l&rsquo;\u00e9quipe, on est tous unanimes. J&rsquo;esp\u00e8re que \u00e7a va lui apporter beaucoup de choses pour l&rsquo;avenir.<\/p>\n<p><strong>C&rsquo;est aussi une premi\u00e8re pour le VC Rouen 76 en vainqueur de ce Tour de la Manche&#8230;<\/strong><br \/>C&rsquo;est la premi\u00e8re victoire du VC Rouen au Tour de la Manche avec moi en tant que directeur sportif. \u00c7a fait plus de quinze ans que je suis directeur sportif. Je n&rsquo;avais jamais gagn\u00e9, \u00e0 chaque fois deuxi\u00e8me, deuxi\u00e8me, deuxi\u00e8me&#8230; Il y a beaucoup de victoires d&rsquo;\u00e9tapes, mais jamais au g\u00e9n\u00e9ral. L\u00e0, c&rsquo;est le cas, \u00e7a fait plaisir.<\/p>\n<p><strong>Surtout en Normandie&#8230;<\/strong><br \/>C&rsquo;est un plus pour nos partenaires, effectivement. Mais avant tout, le Tour de la Manche, c&rsquo;est une belle \u00e9preuve, avec des beaux parcours, des parcours difficiles. Cette arriv\u00e9e \u00e0 Granville ressemble \u00e0 une arriv\u00e9e de course pro. Il y a \u00e9norm\u00e9ment de public, une ligne droite de 600 m\u00e8tres. C&rsquo;est une vraie arriv\u00e9e de course de v\u00e9lo.<\/p>\n<p><strong>\u00ab UN PERP\u00c9TUEL CASSE-T\u00caTE \u00bb<\/strong><\/p>\n<p><strong>Comment tu expliques cette ann\u00e9e la hausse du niveau de l&rsquo;\u00e9quipe encore ?<\/strong><br \/>Ce n&rsquo;est pas la premi\u00e8re ann\u00e9e qu&rsquo;on est performant. Cet hiver, on s&rsquo;est dit qu&rsquo;on aurait du mal \u00e0 faire mieux que l&rsquo;an pass\u00e9, tellement la saison avait \u00e9t\u00e9 incroyable l&rsquo;an pass\u00e9. L&rsquo;\u00e9tat d&rsquo;esprit, le collectif, c&rsquo;est notre ADN. Aujourd&rsquo;hui, on roule les uns pour les autres. On est l\u00e0 pour faire du haut niveau. On met nos coureurs dans les meilleures dispositions possibles. On a du super matos. On a des super staffs aussi, c&rsquo;est important. On a un super programme de courses qui fait qu&rsquo;on progresse aussi. On a eu beaucoup de courses. On a le bonheur d&rsquo;avoir aussi gagn\u00e9 une \u00e9tape au Tour de Bretagne, deux fois deuxi\u00e8me en Classe 2. C&rsquo;est une saison qui s&rsquo;annonce bien accomplie.<\/p>\n<p><strong>O\u00f9 s&rsquo;\u00e9crit la suite ?<\/strong><br \/>D\u00e9j\u00e0, d\u00e8s la semaine prochaine, d\u00e8s mardi, on part au Luxembourg pour la Fl\u00e8che du Sud. Une belle Classe 2 sur cinq jours. Et puis, on a des courses \u00e0 \u00e9tapes sur le mois de juin. L&rsquo;Eure-et-Loir, la Vend\u00e9e, le Nivernais. Toutes ces courses-l\u00e0 doivent nous amener sur un six majeur, qui risque d&rsquo;\u00eatre quand m\u00eame tr\u00e8s, tr\u00e8s fort, pour les Championnats de France. Je pense que la s\u00e9lection va \u00eatre tr\u00e8s, tr\u00e8s difficile. Il va falloir trouver le bon \u00e9quilibre. Pas forc\u00e9ment mettre les six meilleurs, mais trouver le meilleur \u00e9quilibre possible pour gagner.<\/p>\n<p><strong>C&rsquo;est un probl\u00e8me de riche de devoir composer avec tous ces \u00e9l\u00e9ments&#8230;<\/strong><br \/>Oui, c&rsquo;est un perp\u00e9tuel casse-t\u00eate. Mais apr\u00e8s, ce qu&rsquo;il faut, c&rsquo;est trouver le bon \u00e9quilibre pour tout le monde, que tout le monde puisse s&rsquo;exprimer et que personne ne se sente frustr\u00e9 dans tout \u00e7a. Et puis que tout le monde soit honn\u00eate. On est tr\u00e8s transparent chez nous. On ne cache rien \u00e0 nos coureurs. Il n&rsquo;y a pas de sous-entendu. Les choses sont claires, les choses sont dites. Maintenant \u00e7a ne va pas \u00eatre facile. Mais ce qui compte, c&rsquo;est qu&rsquo;on mette une \u00e9quipe pour gagner.<\/p>\n","protected":false},"excerpt":{"rendered":"Le VC Rouen 76 qui gagne devient un maronnier, encore plus que les ann\u00e9es pr\u00e9c\u00e9dentes o\u00f9 les Normands&hellip;\n","protected":false},"author":2,"featured_media":128573,"comment_status":"","ping_status":"","sticky":false,"template":"","format":"standard","meta":{"footnotes":""},"categories":[1411],"tags":[834,828,836,829,837,827,83,826,824,823,1154,207,814,817,815,816,822,821,832,211,839,1011,27,820,818,819,835,831,830,833,838,60,212,208,825],"class_list":{"0":"post-128572","1":"post","2":"type-post","3":"status-publish","4":"format-standard","5":"has-post-thumbnail","7":"category-cyclisme","8":"tag-attaque","9":"tag-belgique","10":"tag-braquet","11":"tag-bretagne","12":"tag-chute","13":"tag-competition","14":"tag-coupe-de-france","15":"tag-coureur","16":"tag-course-cyclisme","17":"tag-course-cycliste","18":"tag-cycling","19":"tag-cyclisme","20":"tag-direct","21":"tag-direct-velo","22":"tag-directvelo","23":"tag-directvelo-com","24":"tag-epreuve","25":"tag-epreuve-cycliste","26":"tag-federation-francaise-de-cyclisme","27":"tag-ffc","28":"tag-flandres","29":"tag-fr","30":"tag-france","31":"tag-live","32":"tag-live-course","33":"tag-live-epreuve","34":"tag-peloton","35":"tag-radio-peloton","36":"tag-radio-tour","37":"tag-ravitaillement","38":"tag-relance","39":"tag-sports","40":"tag-uci","41":"tag-velo","42":"tag-velos"},"share_on_mastodon":{"url":"https:\/\/pubeurope.com\/@fr\/114572639862082121","error":""},"_links":{"self":[{"href":"https:\/\/www.europesays.com\/fr\/wp-json\/wp\/v2\/posts\/128572","targetHints":{"allow":["GET"]}}],"collection":[{"href":"https:\/\/www.europesays.com\/fr\/wp-json\/wp\/v2\/posts"}],"about":[{"href":"https:\/\/www.europesays.com\/fr\/wp-json\/wp\/v2\/types\/post"}],"author":[{"embeddable":true,"href":"https:\/\/www.europesays.com\/fr\/wp-json\/wp\/v2\/users\/2"}],"replies":[{"embeddable":true,"href":"https:\/\/www.europesays.com\/fr\/wp-json\/wp\/v2\/comments?post=128572"}],"version-history":[{"count":0,"href":"https:\/\/www.europesays.com\/fr\/wp-json\/wp\/v2\/posts\/128572\/revisions"}],"wp:featuredmedia":[{"embeddable":true,"href":"https:\/\/www.europesays.com\/fr\/wp-json\/wp\/v2\/media\/128573"}],"wp:attachment":[{"href":"https:\/\/www.europesays.com\/fr\/wp-json\/wp\/v2\/media?parent=128572"}],"wp:term":[{"taxonomy":"category","embeddable":true,"href":"https:\/\/www.europesays.com\/fr\/wp-json\/wp\/v2\/categories?post=128572"},{"taxonomy":"post_tag","embeddable":true,"href":"https:\/\/www.europesays.com\/fr\/wp-json\/wp\/v2\/tags?post=128572"}],"curies":[{"name":"wp","href":"https:\/\/api.w.org\/{rel}","templated":true}]}}