{"id":128576,"date":"2025-05-26T06:09:11","date_gmt":"2025-05-26T06:09:11","guid":{"rendered":"https:\/\/www.europesays.com\/fr\/128576\/"},"modified":"2025-05-26T06:09:11","modified_gmt":"2025-05-26T06:09:11","slug":"jessaye-de-faire-profiter-les-gens-qui-mentourent-emilien-grand-gagnant-des-12-coups-de-midi-se-confie-dans-sept-a-huit","status":"publish","type":"post","link":"https:\/\/www.europesays.com\/fr\/128576\/","title":{"rendered":"\u00ab\u00a0J&rsquo;essaye de faire profiter les gens qui m&rsquo;entourent\u00a0\u00bb : \u00c9milien, grand gagnant des 12 coups de midi, se confie dans Sept \u00e0 Huit"},"content":{"rendered":"<p>Invaincu depuis le 25 septembre 2023 aux 12 coups de midi, \u00c9milien a amass\u00e9 plus de deux millions d&rsquo;euros de gains et de cadeaux.Dans le portrait de la semaine de Sept \u00e0 Huit, le jeune homme revient sur cette formidable aventure et son amour du jeu.<a href=\"https:\/\/www.tf1info.fr\/emissions\/tf1\/sept-a-huit-10825\/\" rel=\"noopener\" class=\"jsx-3118104007 Link jsx-1428418400 jsx-640816507\" target=\"_blank\"><\/p>\n<p style=\"font-weight:400\" class=\"jsx-1837267516\">Suivez la couverture compl\u00e8te<\/p>\n<p style=\"font-weight:800\" class=\"jsx-1837267516\">Sept \u00e0 huit<\/p>\n<p><\/a><\/p>\n<p data-module=\"article-paragraph\" class=\"jsx-362436225 Paragraph Paragraph__End\">Tout a commenc\u00e9 un jour de septembre 2023. Apr\u00e8s une premi\u00e8re participation infructueuse aux castings, \u00c9milien prend sa revanche et participe pour la premi\u00e8re fois <a href=\"https:\/\/www.tf1info.fr\/culture\/bonjour-la-matinale-tf1-bruno-hourcade-le-millionnaire-ancien-candidat-des-12-coups-de-midi-2298066.html\" target=\"_blank\" rel=\"noopener\">aux 12 coups de midi<\/a>, le jeu t\u00e9l\u00e9vis\u00e9 de TF1. Ce qu&rsquo;il ne savait pas, en revanche, c&rsquo;est qu&rsquo;il serait toujours invaincu un an et demi plus tard. \u00ab\u00a0Aujourd&rsquo;hui, j&rsquo;en suis \u00e0 605 participations pour plus de 2,3 millions d&rsquo;euros, gains et cadeaux r\u00e9unis. Ce qui est vraiment vertigineux\u00a0\u00bb, souligne le jeune homme, dans le portrait de la semaine de Sept \u00e0 Huit, sur TF1. Il a pulv\u00e9ris\u00e9 le record historique dans un jeu t\u00e9l\u00e9vis\u00e9 en France.\u00a0<\/p>\n<p>Un passionn\u00e9 du jeu et des jeux<\/p>\n<p data-module=\"article-paragraph\" class=\"jsx-362436225 Paragraph Paragraph__End\">Le prodige de 22 ans, au sourire timide et \u00e0 la m\u00e9moire impressionnante a toujours aim\u00e9 jouer, encore plus \u00e0 cette \u00e9mission dont il est fan depuis qu&rsquo;il est enfant. \u00ab\u00a0L&rsquo;\u00e9mission existe depuis juin 2010, j&rsquo;avais 7 ans ou 7 ans et demi. Je la regardais avec mes parents, et m\u00eame souvent chez mes grands-parents lorsque j&rsquo;allais chez eux en vacances\u00a0\u00bb, se souvient l&rsquo;int\u00e9ress\u00e9, qui raffole \u00ab\u00a0d&rsquo;apprendre des choses\u00a0\u00bb. \u00ab\u00a0Jouer, \u00e7a a toujours \u00e9t\u00e9 mon moteur, apprendre des choses aussi. Je me suis int\u00e9ress\u00e9, par le biais du jeu, \u00e0 des domaines que je ne ma\u00eetrisais absolument pas, auxquels j&rsquo;\u00e9tais compl\u00e8tement herm\u00e9tique\u00a0\u00bb, assure-t-il. Alors, forc\u00e9ment, \u00ab\u00a0c&rsquo;\u00e9tait la suite logique que d&rsquo;essayer de participer\u00a0\u00bb, reconna\u00eet le champion, qui \u00ab\u00a0ne s&rsquo;attendait absolument pas \u00e0 rester autant de temps\u00a0\u00bb. \u00ab\u00a0C&rsquo;est vraiment une surprise totale\u00a0\u00bb, l\u00e2che-t-il.\u00a0<\/p>\n<ul class=\"jsx-3657663356 ReadMoreArticle__List flex flex-column\">\n<li class=\"jsx-3657663356\"><a href=\"https:\/\/www.tf1info.fr\/culture\/programme-tv-tf1-ca-ne-s-est-jamais-vu-emilien-des-12-coups-de-midi-s-offre-une-cagnotte-record-de-2-millions-d-euros-2348302.html\" rel=\"noopener\" class=\"jsx-4233824444 Link flex\" target=\"_blank\"><img decoding=\"async\" src=\"https:\/\/www.europesays.com\/fr\/wp-content\/uploads\/2025\/05\/12-coups-de-midi-tf1-emilien-1er-fevrier-2025-5eddd8-0@1x.jpeg\" alt=\"Lire aussi\" loading=\"lazy\" importance=\"low\" fetchpriority=\"low\" class=\"\"\/>\n<p class=\"jsx-3657663356 ReadMoreArticle__Title\">Lire aussi<\/p>\n<p class=\"jsx-3657663356\">\u00ab\u00a0\u00c7a ne s\u2019est jamais vu !\u00a0\u00bb : \u00c9milien des \u00ab\u00a012 coups de midi\u00a0\u00bb s&rsquo;offre une cagnotte record de 2 millions d\u2019euros<\/p>\n<p><\/a><\/li>\n<\/ul>\n<p data-module=\"article-paragraph\" class=\"jsx-362436225 Paragraph\">Issu d&rsquo;un milieu modeste &#8211; la maman est aide-soignante, le papa dans le BTP -, \u00c9milien essaye de s&rsquo;adapter \u00e0 son nouveau quotidien sans oublier d&rsquo;o\u00f9 il vient. \u00ab\u00a0Je crois qu&rsquo;en moyenne, \u00e7a doit faire presque 120.000 euros par mois nets d&rsquo;imp\u00f4ts. C&rsquo;est compl\u00e8tement d\u00e9mesur\u00e9, c&rsquo;est tr\u00e8s compliqu\u00e9 de se rendre compte. C&rsquo;est loin de tout\u00a0\u00bb, reconna\u00eet le jeune adulte, qui souhaite toujours devenir professeur d&rsquo;histoire-g\u00e9ographie.\u00a0<\/p>\n<p data-module=\"article-paragraph\" class=\"jsx-362436225 Paragraph\">Parmi les gains figure notamment la bagatelle de \u00ab\u00a021 voitures\u00a0\u00bb, de \u00ab\u00a0l&rsquo;\u00e9lectrom\u00e9nager\u00a0\u00bb, de \u00ab\u00a0l&rsquo;informatique\u00a0\u00bb, et de nombreux voyages en \u00ab\u00a0Laponie, \u00e0 Berlin, \u00e0 Dublin\u00a0\u00bb. \u00ab\u00a0J&rsquo;essaye d&rsquo;en faire profiter les gens qui m&rsquo;entourent [&#8230;], d&rsquo;\u00eatre conscient de cette chance et d&rsquo;en profiter au maximum\u00a0\u00bb, lance le ph\u00e9nom\u00e8ne. \u00ab\u00a0Et quand \u00e7a s&rsquo;arr\u00eatera, \u00e7a s&rsquo;arr\u00eatera\u00a0\u00bb, souffle-t-il.\u00a0<\/p>\n<p data-module=\"article-paragraph\" class=\"jsx-362436225 Paragraph Paragraph__End\"><strong>Retrouvez son entretien en int\u00e9gralit\u00e9 dans le portrait de Sept \u00e0 Huit, r\u00e9alis\u00e9 par Audrey Crespo-mara et S\u00e9bastien Alcaraz, dans la vid\u00e9o ci-dessus.<\/strong><\/p>\n<p>La r\u00e9daction de TF1info | Reportage TF1, Sept \u00e0 Huit : Audrey Crespo-Mara, S\u00e9bastien Alcaraz<\/p>\n","protected":false},"excerpt":{"rendered":"Invaincu depuis le 25 septembre 2023 aux 12 coups de midi, \u00c9milien a amass\u00e9 plus de deux millions&hellip;\n","protected":false},"author":2,"featured_media":128577,"comment_status":"","ping_status":"","sticky":false,"template":"","format":"standard","meta":{"footnotes":""},"categories":[1359],"tags":[1111,11,1921,17979,58,59,1011,27,1922,2041,973,17978,199,133,2040],"class_list":{"0":"post-128576","1":"post","2":"type-post","3":"status-publish","4":"format-standard","5":"has-post-thumbnail","7":"category-people","8":"tag-actu","9":"tag-actualites","10":"tag-article-video","11":"tag-audrey-crespo-mara","12":"tag-divertissement","13":"tag-entertainment","14":"tag-fr","15":"tag-france","16":"tag-info","17":"tag-medias-et-divertissement","18":"tag-people","19":"tag-sept-a-huit","20":"tag-tf1","21":"tag-video","22":"tag-video-culture"},"share_on_mastodon":{"url":"https:\/\/pubeurope.com\/@fr\/114572647689163149","error":""},"_links":{"self":[{"href":"https:\/\/www.europesays.com\/fr\/wp-json\/wp\/v2\/posts\/128576","targetHints":{"allow":["GET"]}}],"collection":[{"href":"https:\/\/www.europesays.com\/fr\/wp-json\/wp\/v2\/posts"}],"about":[{"href":"https:\/\/www.europesays.com\/fr\/wp-json\/wp\/v2\/types\/post"}],"author":[{"embeddable":true,"href":"https:\/\/www.europesays.com\/fr\/wp-json\/wp\/v2\/users\/2"}],"replies":[{"embeddable":true,"href":"https:\/\/www.europesays.com\/fr\/wp-json\/wp\/v2\/comments?post=128576"}],"version-history":[{"count":0,"href":"https:\/\/www.europesays.com\/fr\/wp-json\/wp\/v2\/posts\/128576\/revisions"}],"wp:featuredmedia":[{"embeddable":true,"href":"https:\/\/www.europesays.com\/fr\/wp-json\/wp\/v2\/media\/128577"}],"wp:attachment":[{"href":"https:\/\/www.europesays.com\/fr\/wp-json\/wp\/v2\/media?parent=128576"}],"wp:term":[{"taxonomy":"category","embeddable":true,"href":"https:\/\/www.europesays.com\/fr\/wp-json\/wp\/v2\/categories?post=128576"},{"taxonomy":"post_tag","embeddable":true,"href":"https:\/\/www.europesays.com\/fr\/wp-json\/wp\/v2\/tags?post=128576"}],"curies":[{"name":"wp","href":"https:\/\/api.w.org\/{rel}","templated":true}]}}