{"id":128578,"date":"2025-05-26T06:11:09","date_gmt":"2025-05-26T06:11:09","guid":{"rendered":"https:\/\/www.europesays.com\/fr\/128578\/"},"modified":"2025-05-26T06:11:09","modified_gmt":"2025-05-26T06:11:09","slug":"entre-les-lignes-avec-franck-thilliez","status":"publish","type":"post","link":"https:\/\/www.europesays.com\/fr\/128578\/","title":{"rendered":"Entre les lignes avec Franck Thilliez"},"content":{"rendered":"<p>Il s\u2019agira d\u2019\u00e9crire le d\u00e9but d\u2019une histoire dans le genre du thriller dont la premi\u00e8re phrase est : <strong>\u00ab C\u2019\u00e9tait le coup de fil de sa vie mais il ne pouvait pas tomber au pire moment \u00bb. <\/strong><\/p>\n<p><strong>\u00c0 gagner<\/strong> : une liseuse Kobo Libra Color avec Stylus, sa sleep cover sign\u00e9e par Franck Thilliez et \u00c0 retardement, son dernier roman au format eBook. Vous pouvez participer du\u00a0<strong>26 mai jusqu\u2019au 9 juin<\/strong> (inclus).<\/p>\n<p><img decoding=\"async\" class=\"center bloc\" style=\"width: 660px; height: 110px;\" src=\"https:\/\/www.europesays.com\/fr\/wp-content\/uploads\/2025\/05\/2462977.jpg\" alt=\"100005_12_DIVERS_MAI_2025_CO-BRANDING_PROMOTION PROJET KWL 41500x250px (2)\"\/><\/p>\n<p><strong>Votre intrigue est-elle planifi\u00e9e d\u00e8s le d\u00e9part\u00a0ou se construit-elle au fil de l\u2019\u00e9criture ? <\/strong><\/p>\n<p><strong>Franck Thilliez<\/strong>\u00a0: \u00ab\u00a0J\u2019essaie de pr\u00e9parer au maximum l\u2019histoire que je vais raconter donc je connais les gros \u00e9v\u00e9nements, les gros rebondissements. En g\u00e9n\u00e9ral, j\u2019identifie tr\u00e8s bien le d\u00e9but parce que \u00e7a commence assez fort, puis apr\u00e8s j\u2019ai des projections, des \u00e9v\u00e9nements qui vont se passer et qui s\u2019espacent au fur et \u00e0 mesure. Plus je me rapproche de la fin et plus c\u2019est flou mais quand m\u00eame j\u2019ai une id\u00e9e de la trajectoire, donc j\u2019essaie d\u2019aller le plus loin possible comme \u00e7a.<\/p>\n<p>Quand c\u2019est un <a href=\"https:\/\/www.fnac.com\/s26\/Roman-Policier-et-Thriller\" target=\"_blank\" rel=\"noopener\">roman policier<\/a> dans lequel il y a un crime, il y a forc\u00e9ment un tueur. Je sais pourquoi ce tueur existe, pourquoi il a tu\u00e9, et je me dis qu\u2019\u00e0 la fin, on va l\u2019attraper. Le but du roman, c\u2019est de r\u00e9v\u00e9ler tout cela. Alors je ne sais pas exactement comment \u00e7a va se terminer, s\u2019ils vont l\u2019arr\u00eater, \u00e0 quel moment, \u00e0 quel endroit mais en tout cas je sais que j\u2019aurais \u00e0 r\u00e9v\u00e9ler ce qui fait que le livre existe.<\/p>\n<p><strong>Comment maintenir le plaisir de lecture face \u00e0 des th\u00e8mes sombres\u00a0?<\/strong><\/p>\n<p>C\u2019est un peu comme un alpiniste qui grimpe le Mont-Blanc\u00a0: la premi\u00e8re fois, il a plein de sensations, c\u2019est g\u00e9nial. Il redescend, puis \u00e0 peine arriv\u00e9 en bas, il se dit \u00ab\u00a0Allez, j\u2019y retourne, c\u2019\u00e9tait tellement bien\u00a0!\u00a0\u00bb.\u00a0 En fait, c\u2019est un peu \u00e7a l\u2019\u00e9criture, on escalade une montagne mais on y retourne parce qu\u2019il y a toute l\u2019adr\u00e9naline au moment o\u00f9 on cr\u00e9e, o\u00f9 on invente et on fait vivre les personnages.<\/p>\n<p><strong>Que ressentez-vous en posant le point final d\u2019un roman\u00a0? <\/strong><\/p>\n<p>Un immense plaisir\u00a0! C\u2019est quand m\u00eame un travail tr\u00e8s cons\u00e9quent et surtout, c\u2019est de se dire qu\u2019on est all\u00e9 au bout, parce que dans le polar, dans le <a href=\"https:\/\/www.fnac.com\/n2869\/Roman-Policier-et-Thriller\/Le-thriller\" target=\"_blank\" rel=\"noopener\">thriller<\/a>, la fin est tr\u00e8s importante. Les gens qui lisent attendent cette fin avec grande impatience. Lorsqu\u2019ils d\u00e9butent le livre, ils voudraient d\u00e9j\u00e0 conna\u00eetre le d\u00e9nouement. Donc il faut que cette fin soit \u00e0 la hauteur.<\/p>\n<p><strong>Combien de temps avant que l\u2019id\u00e9e de l\u2019eBook suivant n\u2019apparaisse\u00a0? <\/strong><\/p>\n<p>\u00c7a d\u00e9pend mais en g\u00e9n\u00e9ral, c\u2019est deux ou trois mois. Quand je termine un livre, je n\u2019ai plus rien \u00e0 faire concr\u00e8tement. Le lendemain, je me l\u00e8ve, je vais \u00e0 mon bureau et je me dis que je n\u2019ai plus rien \u00e0 faire, j\u2019ai termin\u00e9. L\u2019arriv\u00e9e d\u2019une id\u00e9e, c\u2019est quelque chose qu\u2019on ne contr\u00f4le pas. Il n\u2019y a pas de r\u00e8gle, pas de secret. J\u2019effectue des recherches, mais j\u2019ignore ce que je recherche, je vais au hasard et si un sujet me semble int\u00e9ressant, je vais creuser un peu si \u00e7a me parle. Mais je peux aussi renoncer et changer d\u2019id\u00e9e. C\u2019est une phase importante car il s\u2019agit des fondations du futur roman.<\/p>\n<p><strong>Vos conditions id\u00e9ales pour \u00e9crire\u00a0? <\/strong><\/p>\n<p>J\u2019aime bien \u00eatre au calme, dans mon bureau, avec un environnement rassurant. J\u2019ai besoin de me concentrer, j\u2019aime les rites de la journ\u00e9e car il est important, quand on \u00e9crit un roman, de rester connecter avec son histoire, de ne jamais la l\u00e2cher.<\/p>\n<p><strong>Pourquoi avoir choisi d\u2019ancrer \u00c0 retardement dans l\u2019univers psychiatrique\u00a0?<\/strong><\/p>\n<p>Lorsqu\u2019on \u00e9crit des romans policiers, il y a un crime au d\u00e9but, un passage \u00e0 l\u2019acte. J\u2019ai toujours \u00e9t\u00e9 int\u00e9ress\u00e9 d\u2019essayer de comprendre ce qu\u2019il pouvait se passer dans la t\u00eate de quelqu\u2019un qui, \u00e0 un moment de sa vie, va commettre un crime. J\u2019avais envie de m\u2019emparer du sujet de fond, et parler de la psychiatrie et de la folie dans <a href=\"https:\/\/www.fnac.com\/o11482084\/A-retardement\/w-4\" target=\"_blank\" rel=\"noopener\"><strong>\u00c0 retardement<\/strong><\/a>.<\/p>\n<p><strong class=\"small\">En stock<\/strong><\/p>\n<p>        Acheter sur Fnac.com<\/p>\n<p><strong>Comment avez-vous cr\u00e9\u00e9 l\u2019atmosph\u00e8re angoissante de l\u2019h\u00f4pital\u00a0? <\/strong><\/p>\n<p>J\u2019ai eu l\u2019opportunit\u00e9 d\u2019aller dans une UMD, Unit\u00e9 pour Malades Difficiles. C\u2019est le lieu le plus ferm\u00e9 de la psychiatrie, il n\u2019y en a que 11 en France, avec tr\u00e8s peu de patients. J\u2019avais une image tr\u00e8s noire de ce lieu apr\u00e8s avoir vu quelques reportages assez sensationnels, avec des gens qui hurlent, par qui on craint d\u2019\u00eatre tu\u00e9 si on entre \u00e0 l\u2019int\u00e9rieur\u2026 Ce n\u2019\u00e9tait que des clich\u00e9s car la r\u00e9alit\u00e9 est tr\u00e8s diff\u00e9rente de l\u2019image que l\u2019on peut avoir de ces endroits, de la folie ou de la maladie mentale, de la mani\u00e8re dont on la soigne aujourd\u2019hui. C\u2019est ce que j\u2019essaie de retranscrire au plus pr\u00e8s dans le roman.<\/p>\n<p><strong>Que vous ont appris les ateliers d\u2019\u00e9criture de l\u2019UMD\u00a0? <\/strong><\/p>\n<p>Ces ateliers \u00e9taient incroyables\u00a0: j\u2019avais quelques patients, avec du monde autour. L\u2019expression \u00e9tait tr\u00e8s peu verbale mais quand ils se sont mis \u00e0 \u00e9crire, des choses incroyables sont apparues. Ce qui montre bien le pouvoir de l\u2019\u00e9criture. Au-del\u00e0 des ateliers, j\u2019ai pu \u00e9changer avec quelques patients car je voulais mieux comprendre ce que l\u2019on peut ressentir lorsqu\u2019on est prisonnier de sa maladie, d\u2019un lieu ferm\u00e9 en \u00e9tant le plus r\u00e9aliste possible.<\/p>\n<p><strong>Qu\u2019est-ce qui vous fascine dans la maladie mentale\u00a0? <\/strong><\/p>\n<p>Le cerveau est son propre ennemi\u00a0! Par exemple, un schizophr\u00e8ne a la moiti\u00e9 du cerveau qui veut lui faire commettre des actes abominables pendant que l\u2019autre moiti\u00e9 lui indique qu\u2019il ne faut surtout pas le faire. C\u2019est un combat permanent, ce qui permet de cr\u00e9er des personnages de roman complexes. Au moment des crises, des actes sont commis, il peut y avoir meurtre. \u00c7a peut cr\u00e9er le n\u0153ud d\u2019une intrigue polici\u00e8re, tout en se demandant si la personne l\u2019a fait intentionnellement ou bien si c\u2019est la maladie qui a pris le dessus, ce qui d\u00e9termine la responsabilit\u00e9 ou non du criminel.<\/p>\n<p><strong>La pile \u00e0 lire de Franck Thilliez <\/strong><\/p>\n<p><strong>Deux eBook \u00e0 retenir dans votre pile \u00e0 lire <\/strong><\/p>\n<p><strong>Misery<\/strong> de Stephen King. C\u2019est l\u2019auteur de mon adolescence, gr\u00e2ce \u00e0 qui je me suis plong\u00e9 dans les thrillers et les histoires d\u2019horreur. C\u2019est l\u2019histoire d\u2019un \u00e9crivain qui se retrouve enferm\u00e9 dans une chambre par une infirmi\u00e8re un peu effrayante et qui va le forcer \u00e0 r\u00e9\u00e9crire un livre car elle est compl\u00e8tement fan. C\u2019est une histoire d\u2019enfermement, un huis clos par excellence qui m\u2019a beaucoup marqu\u00e9 et m\u00eame trente ans plus tard, j\u2019ai encore des images tr\u00e8s fortes de ce livre. Un vrai coup de c\u0153ur pour ceux qui aiment se faire peur\u00a0!<\/p>\n<p><strong class=\"small\">En stock<\/strong><\/p>\n<p>        Acheter sur Fnac.com<\/p>\n<p><strong>La Route<\/strong> de Cormac McCarthy. C\u2019est un roman qui m\u2019a marqu\u00e9 par son style d\u2019\u00e9criture tr\u00e8s po\u00e9tique. Un p\u00e8re et son fils vont cheminer le long d\u2019une route afin d\u2019aller vers un endroit plus s\u00e9curisant. Il faut savoir que le monde a \u00e9t\u00e9 d\u00e9vast\u00e9, r\u00e9duit \u00e0 n\u00e9ant. Les dangers sont nombreux, c\u2019est un monde de pr\u00e9dateurs\u2026 Il s\u2019en d\u00e9gage des \u00e9motions incroyables. C\u2019est un grand livre, avec une tension tr\u00e8s forte.<\/p>\n<p><strong class=\"small\">En stock<\/strong><\/p>\n<p>        Acheter sur Fnac.com<\/p>\n<p><strong>Vos 3 ingr\u00e9dients pour un bon thriller\u00a0? <\/strong><\/p>\n<p>Il faut un d\u00e9but super accrocheur. Un personnage qui va g\u00e9n\u00e9rer de l\u2019empathie, que l\u2019on va avoir envie de suivre imm\u00e9diatement. Et une bonne histoire\u00a0!<\/p>\n<p><strong>Pour ou contre\u00a0? <\/strong><\/p>\n<p><strong>Lire la fin avant de commencer<\/strong>\u00a0: je suis contre car je n\u2019aime pas qu\u2019on le fasse sur mes livres en tant qu\u2019auteur<\/p>\n<p><strong>Abandonner une lecture<\/strong>\u00a0: pour, il y a beaucoup de livres \u00e0 lire donc si \u00e7a ne pla\u00eet pas, on change<\/p>\n<p><strong>Les fins ouvertes\u00a0<\/strong>: pour, il m\u2019est arriv\u00e9 d\u2019en faire<\/p>\n<p><strong>Plut\u00f4t\u00a0? <\/strong><\/p>\n<p><strong>Agathe Christie ou Georges Simenon ?<\/strong> La reine du crime, c\u2019est Agatha Christie<\/p>\n<p><strong>Poe ou Lovecraft\u00a0?<\/strong> Poe<\/p>\n<p><strong>Grang\u00e9 ou Vargas\u00a0?<\/strong> Grang\u00e9<\/p>\n<p><strong>Millenium ou Gone Girl\u00a0?<\/strong> Gone Girl<\/p>\n<p><strong>Seven ou Le Silence des agneaux\u00a0?<\/strong> Impossible de choisir\u00a0! Bon, Seven\u2026<\/p>\n<p><strong>Ne plus jamais lire ou \u00e9crire\u00a0?<\/strong> Non, je ne peux pas r\u00e9pondre \u00e0 \u00e7a\u2026 Ne plus jamais lire parce que je peux continuer \u00e0 \u00e9crire et je pourrais lire mes propres livres\u00a0! Je peux faire les deux en fait\u2026\u00a0\u00bb<\/p>\n","protected":false},"excerpt":{"rendered":"Il s\u2019agira d\u2019\u00e9crire le d\u00e9but d\u2019une histoire dans le genre du thriller dont la premi\u00e8re phrase est :&hellip;\n","protected":false},"author":2,"featured_media":128579,"comment_status":"","ping_status":"","sticky":false,"template":"","format":"standard","meta":{"footnotes":""},"categories":[1357],"tags":[1379,58,25251,59,1011,27,17053,25252,1380,5883,8752],"class_list":{"0":"post-128578","1":"post","2":"type-post","3":"status-publish","4":"format-standard","5":"has-post-thumbnail","7":"category-livres","8":"tag-books","9":"tag-divertissement","10":"tag-ebook","11":"tag-entertainment","12":"tag-fr","13":"tag-france","14":"tag-franck-thilliez","15":"tag-kobo","16":"tag-livres","17":"tag-thriller","18":"tag-thriller-psychologique"},"share_on_mastodon":{"url":"https:\/\/pubeurope.com\/@fr\/114572655570699888","error":""},"_links":{"self":[{"href":"https:\/\/www.europesays.com\/fr\/wp-json\/wp\/v2\/posts\/128578","targetHints":{"allow":["GET"]}}],"collection":[{"href":"https:\/\/www.europesays.com\/fr\/wp-json\/wp\/v2\/posts"}],"about":[{"href":"https:\/\/www.europesays.com\/fr\/wp-json\/wp\/v2\/types\/post"}],"author":[{"embeddable":true,"href":"https:\/\/www.europesays.com\/fr\/wp-json\/wp\/v2\/users\/2"}],"replies":[{"embeddable":true,"href":"https:\/\/www.europesays.com\/fr\/wp-json\/wp\/v2\/comments?post=128578"}],"version-history":[{"count":0,"href":"https:\/\/www.europesays.com\/fr\/wp-json\/wp\/v2\/posts\/128578\/revisions"}],"wp:featuredmedia":[{"embeddable":true,"href":"https:\/\/www.europesays.com\/fr\/wp-json\/wp\/v2\/media\/128579"}],"wp:attachment":[{"href":"https:\/\/www.europesays.com\/fr\/wp-json\/wp\/v2\/media?parent=128578"}],"wp:term":[{"taxonomy":"category","embeddable":true,"href":"https:\/\/www.europesays.com\/fr\/wp-json\/wp\/v2\/categories?post=128578"},{"taxonomy":"post_tag","embeddable":true,"href":"https:\/\/www.europesays.com\/fr\/wp-json\/wp\/v2\/tags?post=128578"}],"curies":[{"name":"wp","href":"https:\/\/api.w.org\/{rel}","templated":true}]}}