{"id":128605,"date":"2025-05-26T06:28:11","date_gmt":"2025-05-26T06:28:11","guid":{"rendered":"https:\/\/www.europesays.com\/fr\/128605\/"},"modified":"2025-05-26T06:28:11","modified_gmt":"2025-05-26T06:28:11","slug":"toulon-fa-renverse-uscafoot-elgeco-wagner-reporte","status":"publish","type":"post","link":"https:\/\/www.europesays.com\/fr\/128605\/","title":{"rendered":"Toulon FA renverse Uscafoot, Elgeco-Wagner report\u00e9"},"content":{"rendered":"<p><img loading=\"lazy\" decoding=\"async\" width=\"1024\" height=\"683\" src=\"https:\/\/www.europesays.com\/fr\/wp-content\/uploads\/2025\/05\/Football-3-1024x683.jpg\" alt=\"\"  \/><\/p>\n<p>L\u2019As Sainte Anne s\u2019impose face \u00e0 Mama Fc au tirs au but.<\/p>\n<p>Les huiti\u00e8mes de finale de la Coupe de Madagascar se sont d\u00e9roul\u00e9es ce week-end, avec sept matchs disput\u00e9s et une rencontre report\u00e9e. Le choc le plus retentissant a vu Toulon FA (D1 Analamanga) cr\u00e9er l\u2019exploit face \u00e0 Uscafoot (Pro League). Menant 3-0 gr\u00e2ce \u00e0 une performance offensive impressionnante, Toulon FA a trembl\u00e9 en fin de match lorsque Uscafoot a r\u00e9duit l\u2019\u00e9cart \u00e0 3-2. Dans les autres rencontres, AS Fanalamanga s\u2019est impos\u00e9e 1-0 face \u00e0 AS Faji dans un duel serr\u00e9, tandis que Ajesaia n\u2019a laiss\u00e9 aucune chance \u00e0 Net Foot Mada, s\u2019imposant sur le score fleuve de 7-2. De son c\u00f4t\u00e9, CFFA a domin\u00e9 Uscafoot Espoir 5-1, et Cosfa a facilement dispos\u00e9 de Cosfa Espoir sur le score de 3-0. FC Rouge a \u00e9galement assur\u00e9 une victoire nette 2-0 contre Requin Bleu.<\/p>\n<p>Un match particuli\u00e8rement disput\u00e9 a oppos\u00e9 Mama FC \u00e0 AS Sainte Anne. Les deux \u00e9quipes se sont neutralis\u00e9es (1-1) \u00e0 l\u2019issue du temps r\u00e9glementaire, prolongeant le suspense jusqu\u2019aux tirs au but. C\u2019est finalement l\u2019AS Sainte Anne qui l\u2019a emport\u00e9 4-3 dans cette s\u00e9ance d\u00e9cisive. Enfin, le match entre Elgeco Plus et FC Wagner n\u2019a pas pu aller \u00e0 son terme. Arr\u00eat\u00e9 \u00e0 la 55e minute par l\u2019arbitre en raison d\u2019un manque d\u2019\u00e9clairage et d\u2019un retard caus\u00e9 par le pr\u00e9c\u00e9dent match (Mama FC \u2013 AS Sainte Anne, d\u00e9marr\u00e9 \u00e0 16h15 apr\u00e8s prolongations), cette rencontre sera reprogramm\u00e9e \u00e0 une date ult\u00e9rieure.<\/p>\n<p><strong>Heriniaina Samson<\/strong><\/p>\n","protected":false},"excerpt":{"rendered":"L\u2019As Sainte Anne s\u2019impose face \u00e0 Mama Fc au tirs au but. Les huiti\u00e8mes de finale de la&hellip;\n","protected":false},"author":2,"featured_media":128606,"comment_status":"","ping_status":"","sticky":false,"template":"","format":"standard","meta":{"footnotes":""},"categories":[9619],"tags":[1111,11,25253,1777,674,1011,27,8459,12,882,25,2310],"class_list":{"0":"post-128605","1":"post","2":"type-post","3":"status-publish","4":"format-standard","5":"has-post-thumbnail","7":"category-toulon","8":"tag-actu","9":"tag-actualites","10":"tag-coupe-de-madagascar","11":"tag-eu","12":"tag-europe","13":"tag-fr","14":"tag-france","15":"tag-madagascar","16":"tag-news","17":"tag-provence-alpes-cote-dazur","18":"tag-republique-francaise","19":"tag-toulon"},"share_on_mastodon":{"url":"https:\/\/pubeurope.com\/@fr\/114572722389406824","error":""},"_links":{"self":[{"href":"https:\/\/www.europesays.com\/fr\/wp-json\/wp\/v2\/posts\/128605","targetHints":{"allow":["GET"]}}],"collection":[{"href":"https:\/\/www.europesays.com\/fr\/wp-json\/wp\/v2\/posts"}],"about":[{"href":"https:\/\/www.europesays.com\/fr\/wp-json\/wp\/v2\/types\/post"}],"author":[{"embeddable":true,"href":"https:\/\/www.europesays.com\/fr\/wp-json\/wp\/v2\/users\/2"}],"replies":[{"embeddable":true,"href":"https:\/\/www.europesays.com\/fr\/wp-json\/wp\/v2\/comments?post=128605"}],"version-history":[{"count":0,"href":"https:\/\/www.europesays.com\/fr\/wp-json\/wp\/v2\/posts\/128605\/revisions"}],"wp:featuredmedia":[{"embeddable":true,"href":"https:\/\/www.europesays.com\/fr\/wp-json\/wp\/v2\/media\/128606"}],"wp:attachment":[{"href":"https:\/\/www.europesays.com\/fr\/wp-json\/wp\/v2\/media?parent=128605"}],"wp:term":[{"taxonomy":"category","embeddable":true,"href":"https:\/\/www.europesays.com\/fr\/wp-json\/wp\/v2\/categories?post=128605"},{"taxonomy":"post_tag","embeddable":true,"href":"https:\/\/www.europesays.com\/fr\/wp-json\/wp\/v2\/tags?post=128605"}],"curies":[{"name":"wp","href":"https:\/\/api.w.org\/{rel}","templated":true}]}}