{"id":128611,"date":"2025-05-26T06:31:09","date_gmt":"2025-05-26T06:31:09","guid":{"rendered":"https:\/\/www.europesays.com\/fr\/128611\/"},"modified":"2025-05-26T06:31:09","modified_gmt":"2025-05-26T06:31:09","slug":"pres-de-rouen-une-superette-entierement-detruite-dans-un-incendie","status":"publish","type":"post","link":"https:\/\/www.europesays.com\/fr\/128611\/","title":{"rendered":"Pr\u00e8s de Rouen, une sup\u00e9rette enti\u00e8rement d\u00e9truite dans un incendie"},"content":{"rendered":"<p>            Par<br \/>\n        <strong><br \/>\n            <a href=\"https:\/\/actu.fr\/auteur\/vanessa-leroy\" title=\"Consulter tous les articles de Vanessa Leroy\" rel=\"nofollow noopener\" target=\"_blank\">Vanessa Leroy<\/a><br \/>\n        <\/strong><\/p>\n<p>        Publi\u00e9 le<\/p>\n<p>            26 mai 2025 \u00e0 6h19        <\/p>\n<p>Il est 2 heures du matin ce <strong>lundi 26 mai 2025<\/strong> quand les pompiers sont appel\u00e9s pour un incendie rue de la R\u00e9publique au <a href=\"https:\/\/actu.fr\/normandie\/le-grand-quevilly_76322\" rel=\"nofollow noopener\" target=\"_blank\">Grand-Quevilly<\/a>.<\/p>\n<p class=\" wall-content\"><strong>Une sup\u00e9rette situ\u00e9e au rez-de-chauss\u00e9e<\/strong> d\u2019un immeuble regroupant des logements et des commerces est en feu. L\u2019incendie s\u2019est propag\u00e9 \u00e0 une voiture stationn\u00e9e \u00e0 proximit\u00e9 ainsi qu\u2019\u00e0 la cave du magasin. La sup\u00e9rette et la cave sont enti\u00e8rement d\u00e9truites.<\/p>\n<p>Six habitants \u00e9vacu\u00e9s<\/p>\n<p class=\" wall-content\"><strong>Six personnes ont d\u00fb \u00eatre \u00e9vacu\u00e9es<\/strong> le temps que les sapeurs-pompiers \u00e9teignent le feu \u00e0 l\u2019aide de deux lances, indique le Sdis 76 (Service d\u00e9partemental d\u2019incendie et de secours). Les habitants ont pu rejoindre leur logement \u00e0 l\u2019issue de l\u2019intervention.<\/p>\n<p class=\" wall-content\"><strong>Aucun bless\u00e9 n\u2019est \u00e0 d\u00e9plorer<\/strong>. Le propri\u00e9taire \u00e9tant injoignable, la mairie a pris en charge la s\u00e9curisation de la zone. 33 pompiers ont \u00e9t\u00e9 mobilis\u00e9s sur l\u2019incendie.\u00a0<\/p>\n<p>Suivez l\u2019actualit\u00e9 de Rouen <a href=\"https:\/\/www.whatsapp.com\/channel\/0029VaKfnf99hXF2ddApFB1D\" rel=\"nofollow noopener\" target=\"_blank\">sur notre cha\u00eene WhatsApp<\/a> et <a href=\"https:\/\/www.tiktok.com\/@76actu.fr?lang=fr\" rel=\"nofollow noopener\" target=\"_blank\">sur notre compte TikTok<\/a>Vid\u00e9os : en ce moment sur Actu<\/p>\n<p class=\" wall-content\">Suivez toute l\u2019actualit\u00e9 de vos villes et m\u00e9dias favoris en vous inscrivant \u00e0 <a href=\"https:\/\/moncompte.actu.fr\" title=\"D\u00e9couvez Mon Actu\" rel=\"nofollow noopener\" data-trk=\"{&quot;cta&quot;:{&quot;action&quot;:&quot;https:\\\/\\\/moncompte.actu.fr&quot;,&quot;category&quot;:&quot;mon compte&quot;,&quot;from&quot;:&quot;article footer&quot;,&quot;name&quot;:&quot;Mon actu&quot;,&quot;type&quot;:&quot;cta&quot;}}\" target=\"_blank\">Mon Actu<\/a>.<\/p>\n<p>                    <script async src=\"\/\/www.tiktok.com\/embed.js\"><\/script><\/p>\n","protected":false},"excerpt":{"rendered":"Par Vanessa Leroy Publi\u00e9 le 26 mai 2025 \u00e0 6h19 Il est 2 heures du matin ce lundi&hellip;\n","protected":false},"author":2,"featured_media":128612,"comment_status":"","ping_status":"","sticky":false,"template":"","format":"standard","meta":{"footnotes":""},"categories":[9587],"tags":[1111,11,1777,674,118,1011,27,1310,12,5161,1311,25,9590],"class_list":{"0":"post-128611","1":"post","2":"type-post","3":"status-publish","4":"format-standard","5":"has-post-thumbnail","7":"category-rouen","8":"tag-actu","9":"tag-actualites","10":"tag-eu","11":"tag-europe","12":"tag-faits-divers","13":"tag-fr","14":"tag-france","15":"tag-incendie","16":"tag-news","17":"tag-normandie","18":"tag-pompiers","19":"tag-republique-francaise","20":"tag-rouen"},"share_on_mastodon":{"url":"https:\/\/pubeurope.com\/@fr\/114572734258585588","error":""},"_links":{"self":[{"href":"https:\/\/www.europesays.com\/fr\/wp-json\/wp\/v2\/posts\/128611","targetHints":{"allow":["GET"]}}],"collection":[{"href":"https:\/\/www.europesays.com\/fr\/wp-json\/wp\/v2\/posts"}],"about":[{"href":"https:\/\/www.europesays.com\/fr\/wp-json\/wp\/v2\/types\/post"}],"author":[{"embeddable":true,"href":"https:\/\/www.europesays.com\/fr\/wp-json\/wp\/v2\/users\/2"}],"replies":[{"embeddable":true,"href":"https:\/\/www.europesays.com\/fr\/wp-json\/wp\/v2\/comments?post=128611"}],"version-history":[{"count":0,"href":"https:\/\/www.europesays.com\/fr\/wp-json\/wp\/v2\/posts\/128611\/revisions"}],"wp:featuredmedia":[{"embeddable":true,"href":"https:\/\/www.europesays.com\/fr\/wp-json\/wp\/v2\/media\/128612"}],"wp:attachment":[{"href":"https:\/\/www.europesays.com\/fr\/wp-json\/wp\/v2\/media?parent=128611"}],"wp:term":[{"taxonomy":"category","embeddable":true,"href":"https:\/\/www.europesays.com\/fr\/wp-json\/wp\/v2\/categories?post=128611"},{"taxonomy":"post_tag","embeddable":true,"href":"https:\/\/www.europesays.com\/fr\/wp-json\/wp\/v2\/tags?post=128611"}],"curies":[{"name":"wp","href":"https:\/\/api.w.org\/{rel}","templated":true}]}}