{"id":128615,"date":"2025-05-26T06:35:08","date_gmt":"2025-05-26T06:35:08","guid":{"rendered":"https:\/\/www.europesays.com\/fr\/128615\/"},"modified":"2025-05-26T06:35:08","modified_gmt":"2025-05-26T06:35:08","slug":"lancien-collaborateur-deric-piolle-veut-que-la-justice-entende-marine-tondelier","status":"publish","type":"post","link":"https:\/\/www.europesays.com\/fr\/128615\/","title":{"rendered":"l&rsquo;ancien collaborateur d&rsquo;Eric Piolle veut que la justice entende Marine Tondelier"},"content":{"rendered":"<p>\t\t\t\t\t\t\t\t\t\t\t<img loading=\"lazy\" decoding=\"async\" width=\"1110\" title=\"Reversements illicites pr\u00e9sum\u00e9s \u00e0 la Ville de Grenoble : l'ancien collaborateur d'Eric Piolle veut que la justice entende Marine Tondelier\" class=\"img-fluid not_lzld mb-3\" src=\"https:\/\/www.europesays.com\/fr\/wp-content\/uploads\/2025\/05\/1110x624_reversements-illicites-presumes-a-la-ville-de-grenoble-l-ancien-collaborateur-d-eric-piolle\" alt=\"Reversements illicites pr\u00e9sum\u00e9s \u00e0 la Ville de Grenoble : l'ancien collaborateur d'Eric Piolle veut que la justice entende Marine Tondelier\" itemprop=\"image\" height=\"624\"\/>\t\t\t\t\t\t\t\t\t\t\t\t<\/p>\n<p>Reversements illicites pr\u00e9sum\u00e9s \u00e0 la Ville de Grenoble : l&rsquo;ancien collaborateur d&rsquo;Eric Piolle veut que la justice entende Marine Tondelier &#8211; DR<\/p>\n<p itemprop=\"description\"><strong>O\u00f9 en est l&rsquo;enqu\u00eate sur les reversements illicites pr\u00e9sum\u00e9s \u00e0 la Ville de Grenoble ?<\/strong><\/p>\n<p>Le parquet de Grenoble garde le silence et avance sur ces soup\u00e7ons de scandale qui plane au-dessus de la t\u00eate d&rsquo;Eric Piolle et Elisa Martin.<\/p>\n<p>Selon <a href=\"https:\/\/c.ledauphine.com\/faits-divers-justice\/2025\/05\/26\/isere-grenoble-affaire-eric-piolle-elisa-martin-et-si-marine-tondelier-et-david-cormand-etaient-entendus\" target=\"_blank\" rel=\"noopener nofollow\">le Dauphin\u00e9 Lib\u00e9r\u00e9<\/a>, l&rsquo;avocat d&rsquo;Enzo Lesourt, l&rsquo;ancien collaborateur du maire \u00e9cologiste de Grenoble qui avait d\u00e9nonc\u00e9 les faits, a sollicit\u00e9 des auditions compl\u00e9mentaires dans le cadre de cette affaire.<\/p>\n<p>Car \u00e0 la lecture d&rsquo;un article du Nouvel Obs dans lequel on apprend que Marine Tondelier, secr\u00e9taire nationale des Ecologistes, et David Cormand, ancien patron d&rsquo;EELV, ont eu des entretiens avec Eric Piolle \u00e0 ce sujet, afin d&rsquo;entendre sa version des faits.<\/p>\n<p>\u201cAutant, j\u2019avais bien aim\u00e9 sa ligne de d\u00e9fense dans l\u2019affaire des Tuiles, lorsqu\u2019il avait dit &lsquo;je suis un justiciable comme les autres&rsquo;. Autant l\u00e0, je n\u2019ai rien compris \u00e0 ses explications. C\u2019est une erreur d\u2019une autre nature. Il est dans une forme de d\u00e9ni\u00a0\u00bb, aurait d\u00e9clar\u00e9 par la suite Marine Tondelier selon l&rsquo;hebdomadaire.<\/p>\n<p>Pour Enzo Lesourt et son avocat, il est important que le secret de ces conversations soit bris\u00e9 et que les enqu\u00eateurs auditionnent Marine Tondelier et David Cormand pour savoir si Eric Piolle leur a r\u00e9v\u00e9l\u00e9 de nouveaux points, ou si sa version a chang\u00e9 depuis son audition.<\/p>\n<p>Pour rappel, Enzo Lesourt accuse Eric Piolle de l&rsquo;avoir augment\u00e9 de 600 euros mensuels en 2016, mais de l&rsquo;avoir oblig\u00e9 \u00e0 retirer 400 euros en liquide chaque mois pour les remettre \u00e0 Elisa Martin. L&rsquo;actuelle d\u00e9put\u00e9e LFI de l&rsquo;Is\u00e8re \u00e9tait alors 1\u00e8re adjointe au maire de Grenoble. Selon le Canard Encha\u00een\u00e9 qui avait r\u00e9v\u00e9l\u00e9 les faits il y a un an, cela permettait de sceller une alliance pour les municipales 2020. Au total, ce sont 16 800 euros d&rsquo;argent public qui auraient \u00e9t\u00e9 d\u00e9tourn\u00e9s et non d\u00e9clar\u00e9s au fisc par Elisa Martin.<\/p>\n<p>Le parquet de Grenoble avait ouvert une enqu\u00eate pour concussion et recel de concussion. La concussion est punie de 5 ans de prison et 500 000 euros d&rsquo;amende. Eric Piolle, Elisa Martin et l&rsquo;ancien collaborateur sont vis\u00e9s par cette enqu\u00eate.<\/p>\n","protected":false},"excerpt":{"rendered":"Reversements illicites pr\u00e9sum\u00e9s \u00e0 la Ville de Grenoble : l&rsquo;ancien collaborateur d&rsquo;Eric Piolle veut que la justice entende&hellip;\n","protected":false},"author":2,"featured_media":128616,"comment_status":"","ping_status":"","sticky":false,"template":"","format":"standard","meta":{"footnotes":""},"categories":[9566],"tags":[1111,11,7733,8279,2430,7736,650,7734,2889,2263,1777,674,1011,27,2731,8280,6417,1114,108,4662,12,3725,1825,25,7737],"class_list":{"0":"post-128615","1":"post","2":"type-post","3":"status-publish","4":"format-standard","5":"has-post-thumbnail","7":"category-grenoble","8":"tag-actu","9":"tag-actualites","10":"tag-alpes","11":"tag-alpes1","12":"tag-auvergne-rhone-alpes","13":"tag-cds","14":"tag-cinema","15":"tag-ecoute","16":"tag-emission","17":"tag-equipe","18":"tag-eu","19":"tag-europe","20":"tag-fr","21":"tag-france","22":"tag-grenoble","23":"tag-haute","24":"tag-information","25":"tag-infos","26":"tag-isere","27":"tag-journal","28":"tag-news","29":"tag-podcast","30":"tag-radio","31":"tag-republique-francaise","32":"tag-winamp"},"share_on_mastodon":{"url":"https:\/\/pubeurope.com\/@fr\/114572749948041173","error":""},"_links":{"self":[{"href":"https:\/\/www.europesays.com\/fr\/wp-json\/wp\/v2\/posts\/128615","targetHints":{"allow":["GET"]}}],"collection":[{"href":"https:\/\/www.europesays.com\/fr\/wp-json\/wp\/v2\/posts"}],"about":[{"href":"https:\/\/www.europesays.com\/fr\/wp-json\/wp\/v2\/types\/post"}],"author":[{"embeddable":true,"href":"https:\/\/www.europesays.com\/fr\/wp-json\/wp\/v2\/users\/2"}],"replies":[{"embeddable":true,"href":"https:\/\/www.europesays.com\/fr\/wp-json\/wp\/v2\/comments?post=128615"}],"version-history":[{"count":0,"href":"https:\/\/www.europesays.com\/fr\/wp-json\/wp\/v2\/posts\/128615\/revisions"}],"wp:featuredmedia":[{"embeddable":true,"href":"https:\/\/www.europesays.com\/fr\/wp-json\/wp\/v2\/media\/128616"}],"wp:attachment":[{"href":"https:\/\/www.europesays.com\/fr\/wp-json\/wp\/v2\/media?parent=128615"}],"wp:term":[{"taxonomy":"category","embeddable":true,"href":"https:\/\/www.europesays.com\/fr\/wp-json\/wp\/v2\/categories?post=128615"},{"taxonomy":"post_tag","embeddable":true,"href":"https:\/\/www.europesays.com\/fr\/wp-json\/wp\/v2\/tags?post=128615"}],"curies":[{"name":"wp","href":"https:\/\/api.w.org\/{rel}","templated":true}]}}