{"id":128621,"date":"2025-05-26T06:38:10","date_gmt":"2025-05-26T06:38:10","guid":{"rendered":"https:\/\/www.europesays.com\/fr\/128621\/"},"modified":"2025-05-26T06:38:10","modified_gmt":"2025-05-26T06:38:10","slug":"strasbourg-caesaria-du-rock-anglais-made-in-alsace-au-molodoi","status":"publish","type":"post","link":"https:\/\/www.europesays.com\/fr\/128621\/","title":{"rendered":"Strasbourg. Caesaria, du rock anglais made in Alsace au Molodo\u00ef"},"content":{"rendered":"<p>Caesaria c\u2019est, comme souvent dans les groupes de rock, une histoire d\u2019amiti\u00e9. C\u2019est sur un terrain de foot de Belfort que Th\u00e9o Chaumard (chant et guitare) et Thomas Fariney (basse et synth\u00e9) se rencontrent \u00e0 l\u2019\u00e2ge de 9 ans. Scolaris\u00e9s au sein du m\u00eame coll\u00e8ge, les deux amis y font la connaissance de Louis Arcens (guitare et synth\u00e9). Comme tout bon  garage band , les trois amis font de la musique sous les ombres planantes de leurs inspirations diverses &#8211; Metallica, Arctic Monkeys, The Strokes, ACDC, Led Zeppelin, Trust, The Klaxons ou The Doors.<\/p>\n<p>Nourri de ces multiples horizons, le groupe prend la direction de Strasbourg o\u00f9 il affiche clairement son ambition de m\u00ealer la danse au rock, dans le plus pur esprit des clubs d\u2019outre Manche. Une brit pop cisel\u00e9e par quelques vir\u00e9es dans les studios londoniens tout en revendiquant par moments un style Manchester. So british\u00a0!  Des influences d\u2019outre-Manche qui devraient amplifier leur prestation strasbourgeoise. Amiti\u00e9, rock et vie nocturne seront \u00e0 l\u2019affiche du Molodo\u00ef.<\/p>\n<p class=\"note\"><a href=\"https:\/\/www.molodoi.net\/\" target=\"_blank\" rel=\"nofollow noopener\">Le Molodo\u00ef<\/a> , 19 rue du Ban de la Roche \u00e0 Strasbourg, mercredi 28\u00a0mai \u00e0 partir de 19\u00a0h\u00a030, dans le cadre de Strasbourg Music Week. Tarifs\u00a0: \u00e0\u00a0partir de 5\u00a0\u20ac.<\/p>\n","protected":false},"excerpt":{"rendered":"Caesaria c\u2019est, comme souvent dans les groupes de rock, une histoire d\u2019amiti\u00e9. C\u2019est sur un terrain de foot&hellip;\n","protected":false},"author":2,"featured_media":128622,"comment_status":"","ping_status":"","sticky":false,"template":"","format":"standard","meta":{"footnotes":""},"categories":[2820],"tags":[1111,11,2389,1687,2880,1777,674,107,1011,27,775,873,12,25,640,2879],"class_list":{"0":"post-128621","1":"post","2":"type-post","3":"status-publish","4":"format-standard","5":"has-post-thumbnail","7":"category-strasbourg","8":"tag-actu","9":"tag-actualites","10":"tag-alsace","11":"tag-culture-loisirs","12":"tag-edition-strasbourg","13":"tag-eu","14":"tag-europe","15":"tag-fil-info","16":"tag-fr","17":"tag-france","18":"tag-grand-est","19":"tag-musique","20":"tag-news","21":"tag-republique-francaise","22":"tag-strasbourg","23":"tag-strasbourg-ville"},"share_on_mastodon":{"url":"https:\/\/pubeurope.com\/@fr\/114572761836920083","error":""},"_links":{"self":[{"href":"https:\/\/www.europesays.com\/fr\/wp-json\/wp\/v2\/posts\/128621","targetHints":{"allow":["GET"]}}],"collection":[{"href":"https:\/\/www.europesays.com\/fr\/wp-json\/wp\/v2\/posts"}],"about":[{"href":"https:\/\/www.europesays.com\/fr\/wp-json\/wp\/v2\/types\/post"}],"author":[{"embeddable":true,"href":"https:\/\/www.europesays.com\/fr\/wp-json\/wp\/v2\/users\/2"}],"replies":[{"embeddable":true,"href":"https:\/\/www.europesays.com\/fr\/wp-json\/wp\/v2\/comments?post=128621"}],"version-history":[{"count":0,"href":"https:\/\/www.europesays.com\/fr\/wp-json\/wp\/v2\/posts\/128621\/revisions"}],"wp:featuredmedia":[{"embeddable":true,"href":"https:\/\/www.europesays.com\/fr\/wp-json\/wp\/v2\/media\/128622"}],"wp:attachment":[{"href":"https:\/\/www.europesays.com\/fr\/wp-json\/wp\/v2\/media?parent=128621"}],"wp:term":[{"taxonomy":"category","embeddable":true,"href":"https:\/\/www.europesays.com\/fr\/wp-json\/wp\/v2\/categories?post=128621"},{"taxonomy":"post_tag","embeddable":true,"href":"https:\/\/www.europesays.com\/fr\/wp-json\/wp\/v2\/tags?post=128621"}],"curies":[{"name":"wp","href":"https:\/\/api.w.org\/{rel}","templated":true}]}}