{"id":128623,"date":"2025-05-26T06:39:23","date_gmt":"2025-05-26T06:39:23","guid":{"rendered":"https:\/\/www.europesays.com\/fr\/128623\/"},"modified":"2025-05-26T06:39:23","modified_gmt":"2025-05-26T06:39:23","slug":"au-nord-de-strasbourg-pas-encore-de-nouveau-front-populaire-pour-les-municipales","status":"publish","type":"post","link":"https:\/\/www.europesays.com\/fr\/128623\/","title":{"rendered":"Au nord de Strasbourg, pas encore de Nouveau Front populaire pour les municipales"},"content":{"rendered":"<p class=\"wp-block-post-excerpt__excerpt\">Devenus rares dans l\u2019espace public, les militants du Nouveau Front populaire s\u2019interrogent sur leur strat\u00e9gie commune pour les les \u00e9lections municipales de mars 2026. Lors d\u2019une assembl\u00e9e g\u00e9n\u00e9rale du comit\u00e9 de base de la 3e circonscription du Bas-Rhin, certains membres doutent de sa capacit\u00e9 \u00e0 f\u00e9d\u00e9rer \u00e0 nouveau les forces de gauche. <\/p>\n<p><a href=\"https:\/\/www.rue89strasbourg.com\/category\/compte-rendu\" rel=\"tag noopener\" target=\"_blank\">Compte-rendu<\/a>, <a href=\"https:\/\/www.rue89strasbourg.com\/category\/premium\" rel=\"tag noopener\" target=\"_blank\">\u00c9dition abonn\u00e9s<\/a><\/p>\n<p>Lucile Vitrac<\/p>\n<p>Publi\u00e9 le 26 mai 2025\u00a0\u00a0\u00b7\u00a0\u00a0<\/p>\n<p>Imprim\u00e9 le 26 mai 2025 \u00e0 08h39\u00a0\u00a0\u00b7\u00a0\u00a0<\/p>\n<p>\t\t\t\t\t4\u00a0minutes\n<\/p>\n<p>\u00ab\u00a0Pendant les l\u00e9gislatives de 2024, on a \u00e9t\u00e9 jusqu\u2019\u00e0 70 dans cette salle.\u00a0\u00bb se rem\u00e9more Alex\u00a0Quiniou, membre du comit\u00e9 de base du Nouveau Front populaire pour la troisi\u00e8me circonscription du Bas-Rhin. Jeudi 22 mai, alors qu\u2019il \u00e9num\u00e8re les diff\u00e9rents points \u00e0 l\u2019ordre jour, seulement 23 membres lui font face du caf\u00e9 Divanoo \u00e0 Bischheim. Certains si\u00e8ges sont vides dans la grande salle du caf\u00e9, heureusement, la grande biblioth\u00e8que du fond de la pi\u00e8ce habille l\u2019espace.<\/p>\n<p>Le Nouveau Front populaire (NFP) est le nom de cette union \u00e9clair de la gauche pour les \u00e9lections l\u00e9gislatives anticip\u00e9es de juin 2024, tous les candidats des partis socialiste, communiste, de La France insoumise et des \u00c9cologistes s\u2019y sont ralli\u00e9s. Pour la premi\u00e8re fois depuis 1986, les trois circonscriptions urbaines de Strasbourg ont \u00e9t\u00e9 remport\u00e9es par la gauche.  <\/p>\n<p><a href=\"https:\/\/www.rue89strasbourg.com\/abonnement\/paiement?sub=3&amp;discount=soutien2025\" target=\"_blank\" rel=\"noopener\"><img loading=\"lazy\" decoding=\"async\" width=\"970\" height=\"250\" src=\"https:\/\/www.europesays.com\/fr\/wp-content\/uploads\/2025\/05\/copie-de-copie-de-copie-de-bannie\u0300re-autopromo-2025-desktop.gif\" alt=\"\" class=\"wp-image-344621\" style=\"width:792px\"\/><\/a><\/p>\n<p><a href=\"https:\/\/www.rue89strasbourg.com\/abonnement\/paiement?sub=3&amp;discount=soutien2025\" target=\"_blank\" rel=\"noopener\"><img loading=\"lazy\" decoding=\"async\" width=\"300\" height=\"300\" src=\"https:\/\/www.europesays.com\/fr\/wp-content\/uploads\/2025\/05\/01-1.png\" alt=\"\" class=\"wp-image-344638\"  \/><\/a><\/p>\n<p>Le NFP a disparu de l\u2019espace public<\/p>\n<p>Lisez la suite pour 1\u20ac seulement<\/p>\n<ul class=\"wp-block-list\">\n<li class=\"align-start flex list-none mb-2 has-medium-font-size\">Jouez un r\u00f4le actif dans la pr\u00e9servation de la pluralit\u00e9 m\u00e9diatique<\/li>\n<li class=\"align-start flex list-none mb-2 has-medium-font-size\">Plongez en illimit\u00e9 dans nos articles et enqu\u00eates exclusives<\/li>\n<li class=\"align-start flex list-none mb-2 has-medium-font-size\">Participez librement \u00e0 la discussion gr\u00e2ce aux \u00ab\u00a0identit\u00e9s multiples\u00a0\u00bb<\/li>\n<\/ul>\n<p class=\"has-text-align-right\"><strong><a href=\"https:\/\/www.rue89strasbourg.com\/abonnement\" data-type=\"page\" data-id=\"0\" target=\"_blank\" rel=\"noopener\">Je m\u2019abonne\u00a0 <\/a><\/strong><\/p>\n<p>\t\t\t<a href=\"https:\/\/www.rue89strasbourg.com\/\" class=\"custom-logo-link\" rel=\"home noopener\" target=\"_blank\"><img loading=\"lazy\" decoding=\"async\" width=\"290\" height=\"62\" src=\"https:\/\/www.europesays.com\/fr\/wp-content\/uploads\/2025\/04\/1743975279_388_logo.png\" class=\"custom-logo\" alt=\"Rue89 Strasbourg Enqu\u00eates et informations locales\"  \/><\/a><\/p>\n<p>\n\t\t\t\tAbonnez-vous maintenant pour suivre l\u2019actualit\u00e9 locale.\t\t\t<\/p>\n<p class=\"font-bold font-serif-heading mb-2 text-4xl\">\n\t\t\t\t\t\tL\u2019investigation locale \u00e0 port\u00e9e de main.\n\t\t\t\t\t<\/p>\n<p>\n\t\t\t\t\t\tAbonnez-vous et profitez d\u2019un acc\u00e8s illimit\u00e9 \u00e0 Rue89 Strasbourg. Annulez quand vous voulez.\n\t\t\t\t\t<\/p>\n<p class=\"xl:text-sm\">\n\t\t\t\t\tD\u00e9j\u00e0 abonn\u00e9\u00a0?<br \/>\n\t\t\t\t\t<a class=\"border border-transparent text-center transition-colors duration-instant focus:border-info focus:rounded focus:shadow-focus cursor-pointer text-black hover:text-gray-700 active:bg-black-700 font-semibold inline-block\" href=\"https:\/\/www.rue89strasbourg.com\/user\/connexion?redirect=\/nfp-67-3-municipales-344685\" target=\"_blank\" rel=\"noopener\">Connectez-vous<\/a>\t\t\t\t<\/p>\n<p>\n\t\t\t\tChoisissez votre formule\u00a0:\n\t\t\t<\/p>\n<p>\t\t\t\tFermer<\/p>\n","protected":false},"excerpt":{"rendered":"Devenus rares dans l\u2019espace public, les militants du Nouveau Front populaire s\u2019interrogent sur leur strat\u00e9gie commune pour les&hellip;\n","protected":false},"author":2,"featured_media":128624,"comment_status":"","ping_status":"","sticky":false,"template":"","format":"standard","meta":{"footnotes":""},"categories":[2820],"tags":[1111,11,25254,2761,1777,674,1011,27,775,12,12017,25,640],"class_list":{"0":"post-128623","1":"post","2":"type-post","3":"status-publish","4":"format-standard","5":"has-post-thumbnail","7":"category-strasbourg","8":"tag-actu","9":"tag-actualites","10":"tag-circonscription-67-3","11":"tag-elections-municipales-2026","12":"tag-eu","13":"tag-europe","14":"tag-fr","15":"tag-france","16":"tag-grand-est","17":"tag-news","18":"tag-nouveau-front-populaire","19":"tag-republique-francaise","20":"tag-strasbourg"},"share_on_mastodon":{"url":"https:\/\/pubeurope.com\/@fr\/114572765656424097","error":""},"_links":{"self":[{"href":"https:\/\/www.europesays.com\/fr\/wp-json\/wp\/v2\/posts\/128623","targetHints":{"allow":["GET"]}}],"collection":[{"href":"https:\/\/www.europesays.com\/fr\/wp-json\/wp\/v2\/posts"}],"about":[{"href":"https:\/\/www.europesays.com\/fr\/wp-json\/wp\/v2\/types\/post"}],"author":[{"embeddable":true,"href":"https:\/\/www.europesays.com\/fr\/wp-json\/wp\/v2\/users\/2"}],"replies":[{"embeddable":true,"href":"https:\/\/www.europesays.com\/fr\/wp-json\/wp\/v2\/comments?post=128623"}],"version-history":[{"count":0,"href":"https:\/\/www.europesays.com\/fr\/wp-json\/wp\/v2\/posts\/128623\/revisions"}],"wp:featuredmedia":[{"embeddable":true,"href":"https:\/\/www.europesays.com\/fr\/wp-json\/wp\/v2\/media\/128624"}],"wp:attachment":[{"href":"https:\/\/www.europesays.com\/fr\/wp-json\/wp\/v2\/media?parent=128623"}],"wp:term":[{"taxonomy":"category","embeddable":true,"href":"https:\/\/www.europesays.com\/fr\/wp-json\/wp\/v2\/categories?post=128623"},{"taxonomy":"post_tag","embeddable":true,"href":"https:\/\/www.europesays.com\/fr\/wp-json\/wp\/v2\/tags?post=128623"}],"curies":[{"name":"wp","href":"https:\/\/api.w.org\/{rel}","templated":true}]}}