{"id":128627,"date":"2025-05-26T06:41:13","date_gmt":"2025-05-26T06:41:13","guid":{"rendered":"https:\/\/www.europesays.com\/fr\/128627\/"},"modified":"2025-05-26T06:41:13","modified_gmt":"2025-05-26T06:41:13","slug":"nice-desormais-encore-plus-proche-de-washington-dc","status":"publish","type":"post","link":"https:\/\/www.europesays.com\/fr\/128627\/","title":{"rendered":"Nice d\u00e9sormais encore plus proche de Washington DC"},"content":{"rendered":"<p>\t\t\t\t\t\t\t\t\t\tNice d\u00e9sormais encore plus proche de Washington DC<\/p>\n<p><\/p>\n<p>\t\t\t\t\t\t\t\t\t\t\t\t<a href=\"https:\/\/www.europesays.com\/fr\/wp-content\/uploads\/2025\/05\/United-Airlines-Nice-Wahington-DC.jpg\" class=\"lightbox-photo\" title=\"\"><img decoding=\"async\" src=\"https:\/\/www.europesays.com\/fr\/wp-content\/uploads\/2025\/05\/United-Airlines-Nice-Wahington-DC.jpg\" alt=\"\" width=\"865\" style=\"width:865px;box-shadow: 0px 0px 10px 1px rgba(0,0,0,1);\"\/><\/a><\/p>\n<p>\t\t\t\t\t\t\t\t\t\t&#13;<br \/>\n\t\t\t\t\t\t\t\t\t\t&#13;<br \/>\n\t\t\t\t\t\t\t\t\t\t\t26 mai 2025\u00a0\u00a0&#13;<br \/>\n\t\t\t\t\t\t\t\t\t\t\t&#13;<br \/>\n\t\t\t\t\t\t\t\t\t\t\t<a href=\"https:\/\/www.laquotidienne.fr\/author\/preibec\/\" title=\"Articles par R\u00e9daction\" rel=\"author noopener\" target=\"_blank\">R\u00e9daction<\/a>\u00a0\u00a0&#13;<br \/>\n\t\t\t\t\t\t\t\t\t\t\t&#13;<br \/>\n\t\t\t\t\t\t\t\t\t\t\t&#13;<br \/>\n\t\t\t\t\t\t\t\t\t\t\t<a href=\"#comments\" class=\"scrollTo item-meta-i\"><\/a><a href=\"https:\/\/www.laquotidienne.fr\/nice-desormais-encore-plus-proche-de-washington-dc\/#respond\" target=\"_blank\" rel=\"noopener\">Aucun commentaire<\/a>\u00a0\u00a0&#13;<br \/>\n\t\t\t\t\t\t\t\t\t\t\t&#13;<br \/>\n\t\t\t\t\t\t\t\t\t\t\t<a href=\"https:\/\/www.laquotidienne.fr\/rubrique\/france\/\" rel=\"category tag noopener\" target=\"_blank\">France<\/a>\u00a0\u00a0&#13;<br \/>\n\t\t\t\t\t\t\t\t\t\t\t&#13;<br \/>\n\t\t\t\t\t\t\t\t\t\t\t\u00a0<a href=\"https:\/\/www.laquotidienne.fr\/tag\/gregoire-dutoit\/\" rel=\"tag noopener\" target=\"_blank\">Gr\u00e9goire Dutoit<\/a>, <a href=\"https:\/\/www.laquotidienne.fr\/tag\/nice\/\" rel=\"tag noopener\" target=\"_blank\">Nice<\/a>, <a href=\"https:\/\/www.laquotidienne.fr\/tag\/provence\/\" rel=\"tag noopener\" target=\"_blank\">Provence<\/a>, <a href=\"https:\/\/www.laquotidienne.fr\/tag\/united-airlines\/\" rel=\"tag noopener\" target=\"_blank\">United airlines<\/a>, <a href=\"https:\/\/www.laquotidienne.fr\/tag\/washington-dc\/\" rel=\"tag noopener\" target=\"_blank\">Washington DC<\/a>\u00a0\u00a0&#13;<br \/>\n\t\t\t\t\t\t\t\t\t\t\t&#13;<br \/>\n\t\t\t\t\t\t\t\t\t\t\t&#13;<br \/>\n\t\t\t\t\t\t\t\t\t\t\t&#13;<\/p>\n<p><strong>United Airlines a lanc\u00e9 sa nouvelle liaison saisonni\u00e8re sans escale entre l\u2019a\u00e9roport Nice C\u00f4te d\u2019Azur et son hub de Washington D.C., op\u00e9r\u00e9e quatre fois par semaine. Le vol inaugural a \u00e9t\u00e9 accueilli\u00a0 \u00e0 Nice vendredi dernier.<\/strong><\/p>\n<p>Avec cette nouvelle desserte, United augmente de plus de 30 % le nombre de si\u00e8ges propos\u00e9s au d\u00e9part de Nice vers les Etats-Unis pour l\u2019\u00e9t\u00e9 2025.<\/p>\n<p><img decoding=\"async\" loading=\"lazy\" class=\"size-full wp-image-163001 alignleft\" src=\"https:\/\/www.europesays.com\/fr\/wp-content\/uploads\/2025\/05\/United-Airlines-Nice-Wahington-DC-gregoire-dutoit-Franck-Goldnadel.jpg\" alt=\"\" width=\"640\" height=\"448\"  \/>Cette nouvelle liaison compl\u00e8te l\u2019offre saisonni\u00e8re d\u00e9j\u00e0 existante entre Nice et New York\/Newark, les vols quotidiens op\u00e9r\u00e9s toute l\u2019ann\u00e9e entre Paris-Charles de Gaulle 1 et ses hubs de New York\/Newark, Washington\/Dulles et Chicago O\u2019Hare, ainsi que la desserte quasi annuelle entre Paris-Charles de Gaulle 1 et San Francisco.<\/p>\n<p>\u00ab Nous sommes ravis de renforcer notre r\u00e9seau entre la France et les \u00c9tats-Unis avec ce nouveau vol, qui marque \u00e9galement le lancement de notre premi\u00e8re liaison entre Nice et Washington D.C. \u00bb, a d\u00e9clar\u00e9 Gr\u00e9goire Dutoit, directeur commercial France de United Airlines.<\/p>\n<p>\u00ab Ce vol sans escale offre encore plus de possibilit\u00e9s de voyage \u00e0 nos clients de Nice, de Monaco et de toute la C\u00f4te d\u2019Azur, qui peuvent d\u00e9sormais rejoindre directement Washington D.C. et New York\/Newark, et b\u00e9n\u00e9ficier de correspondances fluides vers plus de 130 destinations sur le continent am\u00e9ricain gr\u00e2ce \u00e0 nos hubs. \u00bb<\/p>\n<p>\t\t\t\t\t\t\t\t\t\t\t<br clear=\"all\"\/><\/p>\n<p>\t\t\t\t\t\t\t\t\t\t\t&#13;<br \/>\n\t\t\t\t\t\t\t\t\t\t\t\t\t\t\t\t\t\t\t\t\t\t<a href=\"https:\/\/www.facebook.com\/sharer.php?u=https:\/\/www.laquotidienne.fr\/nice-desormais-encore-plus-proche-de-washington-dc\/&amp;t=Nice d\u00e9sormais encore plus proche de Washington DC\" target=\"_blank\" class=\"item\" title=\"Partagez sur Facebook\" rel=\"noopener\"><img decoding=\"async\" src=\"https:\/\/www.europesays.com\/fr\/wp-content\/uploads\/2025\/04\/fb.jpg\" style=\"box-shadow:0px 0px 10px black;\"\/><\/a><br \/>&#13;<br \/>\n\t\t\t\t\t\t\t\t\t\t\t<a href=\"https:\/\/www.facebook.com\/sharer.php?u=https:\/\/www.laquotidienne.fr\/nice-desormais-encore-plus-proche-de-washington-dc\/&amp;t=Nice d\u00e9sormais encore plus proche de Washington DC\" target=\"_blank\" class=\"item\" title=\"Partagez sur Facebook\" rel=\"noopener\"><img decoding=\"async\" src=\"https:\/\/www.europesays.com\/fr\/wp-content\/uploads\/2025\/05\/United-Airlines-Nice-Wahington-DC-resizedFile55.jpg\" style=\"width:300px;\"\/><\/a>&#13;<\/p>\n<p>&#13;\n\t\t\t\t\t\t\t\t\t\t<\/p>\n","protected":false},"excerpt":{"rendered":"Nice d\u00e9sormais encore plus proche de Washington DC &#13; &#13; 26 mai 2025\u00a0\u00a0&#13; &#13; R\u00e9daction\u00a0\u00a0&#13; &#13; &#13; Aucun&hellip;\n","protected":false},"author":2,"featured_media":128628,"comment_status":"","ping_status":"","sticky":false,"template":"","format":"standard","meta":{"footnotes":""},"categories":[2819],"tags":[1111,11,1777,674,1011,27,1031,4052,12,2401,4048,4050,882,1404,4049,25,4053,4051,602],"class_list":{"0":"post-128627","1":"post","2":"type-post","3":"status-publish","4":"format-standard","5":"has-post-thumbnail","7":"category-nice","8":"tag-actu","9":"tag-actualites","10":"tag-eu","11":"tag-europe","12":"tag-fr","13":"tag-france","14":"tag-magazine","15":"tag-magazine-touristique","16":"tag-news","17":"tag-nice","18":"tag-presse","19":"tag-presse-professionnelle","20":"tag-provence-alpes-cote-dazur","21":"tag-quotidien","22":"tag-quotidienne","23":"tag-republique-francaise","24":"tag-revue","25":"tag-revue-tourisme","26":"tag-tourisme"},"share_on_mastodon":{"url":"https:\/\/pubeurope.com\/@fr\/114572773654965392","error":""},"_links":{"self":[{"href":"https:\/\/www.europesays.com\/fr\/wp-json\/wp\/v2\/posts\/128627","targetHints":{"allow":["GET"]}}],"collection":[{"href":"https:\/\/www.europesays.com\/fr\/wp-json\/wp\/v2\/posts"}],"about":[{"href":"https:\/\/www.europesays.com\/fr\/wp-json\/wp\/v2\/types\/post"}],"author":[{"embeddable":true,"href":"https:\/\/www.europesays.com\/fr\/wp-json\/wp\/v2\/users\/2"}],"replies":[{"embeddable":true,"href":"https:\/\/www.europesays.com\/fr\/wp-json\/wp\/v2\/comments?post=128627"}],"version-history":[{"count":0,"href":"https:\/\/www.europesays.com\/fr\/wp-json\/wp\/v2\/posts\/128627\/revisions"}],"wp:featuredmedia":[{"embeddable":true,"href":"https:\/\/www.europesays.com\/fr\/wp-json\/wp\/v2\/media\/128628"}],"wp:attachment":[{"href":"https:\/\/www.europesays.com\/fr\/wp-json\/wp\/v2\/media?parent=128627"}],"wp:term":[{"taxonomy":"category","embeddable":true,"href":"https:\/\/www.europesays.com\/fr\/wp-json\/wp\/v2\/categories?post=128627"},{"taxonomy":"post_tag","embeddable":true,"href":"https:\/\/www.europesays.com\/fr\/wp-json\/wp\/v2\/tags?post=128627"}],"curies":[{"name":"wp","href":"https:\/\/api.w.org\/{rel}","templated":true}]}}