{"id":128637,"date":"2025-05-26T06:46:07","date_gmt":"2025-05-26T06:46:07","guid":{"rendered":"https:\/\/www.europesays.com\/fr\/128637\/"},"modified":"2025-05-26T06:46:07","modified_gmt":"2025-05-26T06:46:07","slug":"les-bouchons-saccumulent-les-pompiers-sur-place","status":"publish","type":"post","link":"https:\/\/www.europesays.com\/fr\/128637\/","title":{"rendered":"les bouchons s&rsquo;accumulent, les pompiers sur place"},"content":{"rendered":"<p>            Par<br \/>\n        <strong><br \/>\n            <a href=\"https:\/\/actu.fr\/auteur\/mareva-laville-actu-fr\" title=\"Consulter tous les articles de Mar\u00e9va Laville\" target=\"_blank\" rel=\"noopener\">Mar\u00e9va Laville<\/a><br \/>\n        <\/strong><\/p>\n<p>        Publi\u00e9 le<\/p>\n<p>            26 mai 2025 \u00e0 8h40        <\/p>\n<p>Pas moins de <strong>5,5\u00a0km de bouchons<\/strong> continuent de s\u2019accumuler ce lundi 26\u00a0mai 2025 depuis 8\u00a0heures, au<strong> nord de Toulouse<\/strong>, depuis Aucamville et jusqu\u2019\u00e0 la Ville rose. Un accident s\u2019est produit entre une voiture et un deux-roues t\u00f4t ce matin sur le <a href=\"https:\/\/actu.fr\/tag\/peripherique-de-toulouse\" target=\"_blank\" rel=\"noopener\">p\u00e9riph\u00e9rique int\u00e9rieur de Toulouse<\/a> et son entr\u00e9e, l\u2019A62 en direction de Toulouse.<\/p>\n<p>Accident apr\u00e8s la sortie de Croix-Daurade<\/p>\n<p class=\" wall-content\">Le choc a eu lieu sur la voie la plus \u00e0 gauche, apr\u00e8s la sortie num\u00e9ro\u00a014, juste <strong>apr\u00e8s Croix-Daurade<\/strong>, \u00ab\u2009\u00e0 la <a href=\"https:\/\/actu.fr\/occitanie\/toulouse_31555\/toulouse-une-bifurcation-fermee-la-circulation-fortement-perturbee-sur-le-periph_60029209.html\" target=\"_blank\" rel=\"noopener\">bifurcation de Montblanc <\/a>qui permet d\u2019aller soit vers Albi, soit de rester sur le <strong>p\u00e9riph\u00e9rique<\/strong>\u2009\u00bb, pr\u00e9cise Radio Vinci Autoroutes.<\/p>\n<p>Les pompiers bloquent une voie<\/p>\n<p class=\" wall-content\">Selon nos derni\u00e8res informations, <strong>les pompiers sont sur <\/strong>place. Ils se trouvent donc sur la <strong>voie de gauche, neutralis\u00e9e<\/strong> par cette collision, en direction de Montpellier-Barcelone. \u00ab\u2009\u00c7a passe d\u00e9licatement sur la voie du milieu, mais la circulation se fait sur les voies de droite\u2009\u00bb, souligne Radio Vinci Autoroutes.<\/p>\n<p class=\" wall-content\">Patience pour les automobilistes\u2026 Sur Toulouse P\u00e9riph, il faut compter une bonne vingtaine de minutes pour traverser cet obstacle.<\/p>\n<p class=\" wall-content\">\n<p class=\" wall-content\">Suivez toute l\u2019actualit\u00e9 de vos villes et m\u00e9dias favoris en vous inscrivant \u00e0 <a href=\"https:\/\/moncompte.actu.fr\" title=\"D\u00e9couvez Mon Actu\" rel=\"nofollow noopener\" data-trk=\"{&quot;cta&quot;:{&quot;action&quot;:&quot;https:\\\/\\\/moncompte.actu.fr&quot;,&quot;category&quot;:&quot;mon compte&quot;,&quot;from&quot;:&quot;article footer&quot;,&quot;name&quot;:&quot;Mon actu&quot;,&quot;type&quot;:&quot;cta&quot;}}\" target=\"_blank\">Mon Actu<\/a>.<\/p>\n<ul class=\"ac-article-tag wall-content\">\n<li><a href=\"https:\/\/actu.fr\/tag\/accident\" data-trk=\"{&quot;cta&quot;:{&quot;action&quot;:&quot;Accident&quot;,&quot;category&quot;:&quot;tag&quot;,&quot;from&quot;:&quot;article footer&quot;,&quot;name&quot;:&quot;Accident&quot;,&quot;type&quot;:&quot;cta&quot;}}\" target=\"_blank\" rel=\"noopener\">#Accident<\/a><\/li>\n<li><a href=\"https:\/\/actu.fr\/tag\/peripherique-de-toulouse\" data-trk=\"{&quot;cta&quot;:{&quot;action&quot;:&quot;P\\u00e9riph\\u00e9rique de Toulouse&quot;,&quot;category&quot;:&quot;tag&quot;,&quot;from&quot;:&quot;article footer&quot;,&quot;name&quot;:&quot;P\\u00e9riph\\u00e9rique de Toulouse&quot;,&quot;type&quot;:&quot;cta&quot;}}\" target=\"_blank\" rel=\"noopener\">#P\u00e9riph\u00e9rique de Toulouse<\/a><\/li>\n<\/ul>\n","protected":false},"excerpt":{"rendered":"Par Mar\u00e9va Laville Publi\u00e9 le 26 mai 2025 \u00e0 8h40 Pas moins de 5,5\u00a0km de bouchons continuent de&hellip;\n","protected":false},"author":2,"featured_media":9615,"comment_status":"","ping_status":"","sticky":false,"template":"","format":"standard","meta":{"footnotes":""},"categories":[2816],"tags":[119,1111,11,1777,674,118,1011,27,12,2680,4800,25,2312],"class_list":{"0":"post-128637","1":"post","2":"type-post","3":"status-publish","4":"format-standard","5":"has-post-thumbnail","7":"category-toulouse","8":"tag-accident","9":"tag-actu","10":"tag-actualites","11":"tag-eu","12":"tag-europe","13":"tag-faits-divers","14":"tag-fr","15":"tag-france","16":"tag-news","17":"tag-occitanie","18":"tag-peripherique-de-toulouse","19":"tag-republique-francaise","20":"tag-toulouse"},"share_on_mastodon":{"url":"https:\/\/pubeurope.com\/@fr\/114572793271561729","error":""},"_links":{"self":[{"href":"https:\/\/www.europesays.com\/fr\/wp-json\/wp\/v2\/posts\/128637","targetHints":{"allow":["GET"]}}],"collection":[{"href":"https:\/\/www.europesays.com\/fr\/wp-json\/wp\/v2\/posts"}],"about":[{"href":"https:\/\/www.europesays.com\/fr\/wp-json\/wp\/v2\/types\/post"}],"author":[{"embeddable":true,"href":"https:\/\/www.europesays.com\/fr\/wp-json\/wp\/v2\/users\/2"}],"replies":[{"embeddable":true,"href":"https:\/\/www.europesays.com\/fr\/wp-json\/wp\/v2\/comments?post=128637"}],"version-history":[{"count":0,"href":"https:\/\/www.europesays.com\/fr\/wp-json\/wp\/v2\/posts\/128637\/revisions"}],"wp:featuredmedia":[{"embeddable":true,"href":"https:\/\/www.europesays.com\/fr\/wp-json\/wp\/v2\/media\/9615"}],"wp:attachment":[{"href":"https:\/\/www.europesays.com\/fr\/wp-json\/wp\/v2\/media?parent=128637"}],"wp:term":[{"taxonomy":"category","embeddable":true,"href":"https:\/\/www.europesays.com\/fr\/wp-json\/wp\/v2\/categories?post=128637"},{"taxonomy":"post_tag","embeddable":true,"href":"https:\/\/www.europesays.com\/fr\/wp-json\/wp\/v2\/tags?post=128637"}],"curies":[{"name":"wp","href":"https:\/\/api.w.org\/{rel}","templated":true}]}}