{"id":12864,"date":"2025-04-09T14:43:28","date_gmt":"2025-04-09T14:43:28","guid":{"rendered":"https:\/\/www.europesays.com\/fr\/12864\/"},"modified":"2025-04-09T14:43:28","modified_gmt":"2025-04-09T14:43:28","slug":"rose-immobile-lart-de-la-metamorphose-fantastique-selon-karin-serres-rts-ch","status":"publish","type":"post","link":"https:\/\/www.europesays.com\/fr\/12864\/","title":{"rendered":"\u00ab\u00a0Rose immobile\u00a0\u00bb, l&rsquo;art de la m\u00e9tamorphose fantastique selon Karin Serres &#8211; rts.ch"},"content":{"rendered":"<p>Dans \u00ab\u00a0Rose immobile\u00a0\u00bb, Karin Serres imagine une narratrice se retrouvant soudain clou\u00e9e sur une chaise de la cuisine familiale. Avec ce nouveau roman, l&rsquo;autrice fran\u00e7aise ouvre les portes de l\u2019\u00e9trange et du fantastique, faisant na\u00eetre d\u2019autres fa\u00e7ons d\u2019\u00eatre au monde.<\/p>\n<p>Un samedi matin ordinaire, juste apr\u00e8s le petit-d\u00e9jeuner, Rose, m\u00e8re de famille, constate alors qu\u2019elle est assise sur sa chaise, en chemise de nuit et les yeux ferm\u00e9s, qu\u2019elle est dans l\u2019incapacit\u00e9 de bouger. Sans le savoir, la narratrice a plong\u00e9 dans une immobilit\u00e9 durable o\u00f9 se dessinent les pr\u00e9mices d\u2019une mutation qu\u2019elle retranscrit.<\/p>\n<blockquote class=\"rts-quote quote\">\n<p class=\"q-text\">Je me sens mieux derri\u00e8re mes paupi\u00e8res ferm\u00e9es, fines comme des p\u00e9tales de fleur s\u00e9ch\u00e9s. Je respire \u00e0 nouveau r\u00e9guli\u00e8rement, comme sous un couvre-th\u00e9i\u00e8re qui me pr\u00e9serve du monde, provisoirement effac\u00e9.<\/p>\n<p>  Extrait de \u00ab\u00a0Rose immobile\u00a0\u00bb de Karin Serres <\/p><\/blockquote>\n<p>\u00ab\u00a0Rose immobile\u00a0\u00bb de Karin Serres nous invite \u00e0 explorer l\u2019int\u00e9riorit\u00e9 et les perceptions sensorielles de cette jeune m\u00e8re en train d\u2019exp\u00e9rimenter une condition inhabituelle.<\/p>\n<p>Autour d\u2019elle, il y a son \u00e9poux Will qui essaie de garder le cap, s\u2019occupe des enfants et cherche \u00e0 faire revenir Rose parmi eux. Tim et Tom de leur c\u00f4t\u00e9 ne s\u2019inqui\u00e8tent pas et s\u2019amusent parfois m\u00eame de la situation. Ce faisant, ils gardent un lien fort et bienveillant avec cette m\u00e8re qui semble avoir besoin de repos et qu\u2019ils laissent dormir.<\/p>\n<p>Une exploration sensorielle unique<\/p>\n<p>L\u2019autrice nous conte une histoire o\u00f9 les sens autres que la vue sont convoqu\u00e9s. Rose est \u00e0 l\u2019\u00e9coute de ce qu\u2019elle ressent int\u00e9rieurement, mais aussi de ce qui se passe autour d\u2019elle. Toujours pr\u00e9sente, en lien avec les siens, elle cherche \u00e0 deviner \u00e0 quoi correspondent les sons et les odeurs qu\u2019elle discerne.<\/p>\n<p>Pour l\u2019autrice Karin Serres, qui \u00e9crit aussi pour la jeunesse, le th\u00e9\u00e2tre, et la radio, l\u2019ou\u00efe est fondamentale.<\/p>\n<blockquote class=\"rts-quote quote\">\n<p class=\"q-text\">\u00a0J\u2019\u00e9cris avec mes oreilles, c\u2019est un peu \u00e9trange \u00e0 dire, mais je n\u2019ai aucune image quand j\u2019\u00e9cris, j\u2019entends les voix qui racontent, et j\u2019ai des sensations cin\u00e9tiques aussi.<\/p>\n<p>  Karin Serres, autrice de \u00ab\u00a0Rose immobile\u00a0\u00bb <\/p><\/blockquote>\n<p>\u00ab\u00a0Rose immobile\u00a0\u00bb est port\u00e9 par une \u00e9criture subtile et toujours plausible. L\u2019autrice nous invite \u00e0 faire partie de cette petite communaut\u00e9 que forme la famille de Rose. Des personnages \u00e0 qui l\u2019on s\u2019identifie tout au long du r\u00e9cit. C\u2019est avec elle et eux que l\u2019on part faire une balade dans le parc, lorsque Will a l\u2019id\u00e9e de placer des roulettes sous les pieds de la chaise de Rose pour pouvoir lui faire prendre l\u2019air. Mais bient\u00f4t, les enfants voient le teint de leur m\u00e8re changer: Rose verdit et un s\u00e9jour \u00e0 l\u2019h\u00f4pital devient in\u00e9vitable. La science la met en observation. Quelle issue l\u2019attend? Retournera-t-elle \u00e0 la maison aupr\u00e8s des siens? Et ensuite?<\/p>\n<p>Un fantastique subtil pour \u00ab\u00a0r\u00e9parer le r\u00e9el\u00a0\u00bb<\/p>\n<p>Jusqu\u2019au d\u00e9nouement, personne ne l\u00e2che cette Rose immobile, que ce soit le lectorat ou l\u2019entourage de la narratrice. On la suit avec amour vers cette fantastique et troublante m\u00e9tamorphose. Avec ce roman o\u00f9 le r\u00e9el r\u00e9siste, Karin Serres dessine des pistes de cr\u00e9ativit\u00e9, d\u2019autres mani\u00e8res, po\u00e9tiques, d\u2019\u00eatre au monde. L\u2019ensemble exhale un \u00e9trange parfum de subversion.<\/p>\n<p>\u00ab\u00a0Ce que j\u2019aime c\u2019est que le fantastique soit comme une porte qu\u2019on ouvre sur d\u2019autres possibilit\u00e9s dans le r\u00e9el. Je cherche le r\u00e9el qui s\u2019ouvre et qui se multiplie et de fa\u00e7on invitante (&#8230;), un fantastique qui permette de r\u00e9parer le r\u00e9el dans lequel on vit\u00a0\u00bb, conclut Karin Serres dans le podcast QWERTZ du 8 avril.<\/p>\n<p class=\"sources\">C\u00e9line O\u2019Clin\/sf<\/p>\n<p class=\"article-footnote\">Karin Serres, \u00ab\u00a0Rose immobile\u00a0\u00bb, \u00e9ditions Alma, mars 2025.<\/p>\n<p class=\"article-footnote\">Vous aimez lire?\u00a0<a href=\"https:\/\/www.rts.ch\/info\/culture\/livres\/10829254-vous-aimez-les-livres-voici-qwertz.html\" data-item-id=\"richtext_link\" rel=\"nofollow noopener\" target=\"_blank\">Abonnez-vous \u00e0 QWERTZ<\/a>\u00a0et recevez chaque vendredi cette newsletter consacr\u00e9e \u00e0 l&rsquo;actualit\u00e9 du livre pr\u00e9par\u00e9e par RTS Culture.<\/p>\n","protected":false},"excerpt":{"rendered":"Dans \u00ab\u00a0Rose immobile\u00a0\u00bb, Karin Serres imagine une narratrice se retrouvant soudain clou\u00e9e sur une chaise de la cuisine&hellip;\n","protected":false},"author":2,"featured_media":12865,"comment_status":"","ping_status":"","sticky":false,"template":"","format":"standard","meta":{"footnotes":""},"categories":[1357],"tags":[3734,1693,1379,5873,58,847,59,1011,27,5874,1351,1380,5875,2004,5876,71],"class_list":{"0":"post-12864","1":"post","2":"type-post","3":"status-publish","4":"format-standard","5":"has-post-thumbnail","7":"category-livres","8":"tag-art","9":"tag-arts-et-divertissement","10":"tag-books","11":"tag-centre-de-soins","12":"tag-divertissement","13":"tag-enfant","14":"tag-entertainment","15":"tag-fr","16":"tag-france","17":"tag-hopitaux-et-cliniques","18":"tag-litterature","19":"tag-livres","20":"tag-mere","21":"tag-roman","22":"tag-rosa","23":"tag-sante"},"share_on_mastodon":{"url":"https:\/\/pubeurope.com\/@fr\/114308540277821624","error":""},"_links":{"self":[{"href":"https:\/\/www.europesays.com\/fr\/wp-json\/wp\/v2\/posts\/12864","targetHints":{"allow":["GET"]}}],"collection":[{"href":"https:\/\/www.europesays.com\/fr\/wp-json\/wp\/v2\/posts"}],"about":[{"href":"https:\/\/www.europesays.com\/fr\/wp-json\/wp\/v2\/types\/post"}],"author":[{"embeddable":true,"href":"https:\/\/www.europesays.com\/fr\/wp-json\/wp\/v2\/users\/2"}],"replies":[{"embeddable":true,"href":"https:\/\/www.europesays.com\/fr\/wp-json\/wp\/v2\/comments?post=12864"}],"version-history":[{"count":0,"href":"https:\/\/www.europesays.com\/fr\/wp-json\/wp\/v2\/posts\/12864\/revisions"}],"wp:featuredmedia":[{"embeddable":true,"href":"https:\/\/www.europesays.com\/fr\/wp-json\/wp\/v2\/media\/12865"}],"wp:attachment":[{"href":"https:\/\/www.europesays.com\/fr\/wp-json\/wp\/v2\/media?parent=12864"}],"wp:term":[{"taxonomy":"category","embeddable":true,"href":"https:\/\/www.europesays.com\/fr\/wp-json\/wp\/v2\/categories?post=12864"},{"taxonomy":"post_tag","embeddable":true,"href":"https:\/\/www.europesays.com\/fr\/wp-json\/wp\/v2\/tags?post=12864"}],"curies":[{"name":"wp","href":"https:\/\/api.w.org\/{rel}","templated":true}]}}