{"id":128650,"date":"2025-05-26T06:53:08","date_gmt":"2025-05-26T06:53:08","guid":{"rendered":"https:\/\/www.europesays.com\/fr\/128650\/"},"modified":"2025-05-26T06:53:08","modified_gmt":"2025-05-26T06:53:08","slug":"un-grand-casting-organise-a-lyon-par-cette-prestigieuse-agence-de-mannequins","status":"publish","type":"post","link":"https:\/\/www.europesays.com\/fr\/128650\/","title":{"rendered":"Un grand casting organis\u00e9 \u00e0 Lyon par cette prestigieuse agence de mannequins"},"content":{"rendered":"<p>Un grand casting organis\u00e9 \u00e0 Lyon par cette prestigieuse agence de mannequins &#8211; DR\/Elite Model Look<\/p>\n<p itemprop=\"description\"><strong>Cindy Crawford, Gis\u00e8le Bundchen ou encore Alessandra Ambrosio ont \u00e9t\u00e9 r\u00e9v\u00e9l\u00e9es par ce casting.<\/strong><\/p>\n<p>Elite Model Look, le concours de la prestigieuse agence de mod\u00e8les Elite, est de retour cette ann\u00e9e dans les magasins des Galeries Lafayette.\u00a0<\/p>\n<p>Ce sont en tout 15 boutiques en France qui accueillent les participants \u00e0 l\u2019occasion de l\u2019\u00e9dition 2025 du c\u00e9l\u00e8bre casting. Ce dernier a d\u00e9j\u00e0 \u00e9t\u00e9 eu lieu ces derni\u00e8res semaines \u00e0 Marseille, Montpellier ou encore Paris. \u00ab\u00a0Au cours de son histoire, Elite Model Look a permis de d\u00e9couvrir les plus grands tops de ces derni\u00e8res g\u00e9n\u00e9rations : Cindy Crawford, Gis\u00e8le Bundchen, Alessandra Ambrosio\u2026 les mannequins les plus iconiques ont ainsi fait leurs premiers pas au sein de l\u2019agence Elite, \u00e0 l\u2019instar, plus r\u00e9cemment de Vittoria Ceretti, Mona Tougaard, ou encore Matthew Bell, talents qui continuent \u00e0 faire la renomm\u00e9e de l\u2019agence\u00a0\u00bb, indique Elite.<\/p>\n<p>A Lyon, le rendez-vous le samedi 21 juin aux Galeries Lafayette du centre commercial de la Part-Dieu. Le casting est ouvert \u00e0 tous \u00e0 partir de 14 ans (avec une autorisation parentale requise pour les mineurs), sans crit\u00e8re de taille. Un formulaire est \u00e0 remplir au pr\u00e9alable <a href=\"https:\/\/www.elitemodellook.com\/int\/en\/participate\/index.htm\" target=\"_blank\" rel=\"noopener\">ici<\/a><\/p>\n<p>A l&rsquo;issue du concours, deux candidats auront la chance de signer un contrat avec Elite et au bout peut-\u00eatre fouler les podiums du monde entier&#8230;<\/p>\n","protected":false},"excerpt":{"rendered":"Un grand casting organis\u00e9 \u00e0 Lyon par cette prestigieuse agence de mannequins &#8211; DR\/Elite Model Look Cindy Crawford,&hellip;\n","protected":false},"author":2,"featured_media":128651,"comment_status":"","ping_status":"","sticky":false,"template":"","format":"standard","meta":{"footnotes":""},"categories":[1889],"tags":[1111,11,2813,2190,2430,1109,251,1112,2811,1777,674,118,1294,4651,1011,27,1922,1110,1114,2428,4903,4902,12,241,316,25,2812,517,800],"class_list":{"0":"post-128650","1":"post","2":"type-post","3":"status-publish","4":"format-standard","5":"has-post-thumbnail","7":"category-lyon","8":"tag-actu","9":"tag-actualites","10":"tag-article","11":"tag-asvel","12":"tag-auvergne-rhone-alpes","13":"tag-breves","14":"tag-culture","15":"tag-depeches","16":"tag-economique","17":"tag-eu","18":"tag-europe","19":"tag-faits-divers","20":"tag-femme","21":"tag-femmes","22":"tag-fr","23":"tag-france","24":"tag-info","25":"tag-informations","26":"tag-infos","27":"tag-lyon","28":"tag-lyonfemme","29":"tag-lyonfemmes","30":"tag-news","31":"tag-ol","32":"tag-politique","33":"tag-republique-francaise","34":"tag-sociale","35":"tag-sport","36":"tag-transports"},"share_on_mastodon":{"url":"https:\/\/pubeurope.com\/@fr\/114572820716761752","error":""},"_links":{"self":[{"href":"https:\/\/www.europesays.com\/fr\/wp-json\/wp\/v2\/posts\/128650","targetHints":{"allow":["GET"]}}],"collection":[{"href":"https:\/\/www.europesays.com\/fr\/wp-json\/wp\/v2\/posts"}],"about":[{"href":"https:\/\/www.europesays.com\/fr\/wp-json\/wp\/v2\/types\/post"}],"author":[{"embeddable":true,"href":"https:\/\/www.europesays.com\/fr\/wp-json\/wp\/v2\/users\/2"}],"replies":[{"embeddable":true,"href":"https:\/\/www.europesays.com\/fr\/wp-json\/wp\/v2\/comments?post=128650"}],"version-history":[{"count":0,"href":"https:\/\/www.europesays.com\/fr\/wp-json\/wp\/v2\/posts\/128650\/revisions"}],"wp:featuredmedia":[{"embeddable":true,"href":"https:\/\/www.europesays.com\/fr\/wp-json\/wp\/v2\/media\/128651"}],"wp:attachment":[{"href":"https:\/\/www.europesays.com\/fr\/wp-json\/wp\/v2\/media?parent=128650"}],"wp:term":[{"taxonomy":"category","embeddable":true,"href":"https:\/\/www.europesays.com\/fr\/wp-json\/wp\/v2\/categories?post=128650"},{"taxonomy":"post_tag","embeddable":true,"href":"https:\/\/www.europesays.com\/fr\/wp-json\/wp\/v2\/tags?post=128650"}],"curies":[{"name":"wp","href":"https:\/\/api.w.org\/{rel}","templated":true}]}}