{"id":128654,"date":"2025-05-26T06:56:08","date_gmt":"2025-05-26T06:56:08","guid":{"rendered":"https:\/\/www.europesays.com\/fr\/128654\/"},"modified":"2025-05-26T06:56:08","modified_gmt":"2025-05-26T06:56:08","slug":"plusieurs-routes-bloquees-la-circulation-tres-difficile-vers-paris","status":"publish","type":"post","link":"https:\/\/www.europesays.com\/fr\/128654\/","title":{"rendered":"plusieurs routes bloqu\u00e9es, la circulation tr\u00e8s difficile vers Paris"},"content":{"rendered":"<p>            Par<br \/>\n        <strong><br \/>\n            <a href=\"https:\/\/actu.fr\/auteur\/redaction-paris\" title=\"Consulter tous les articles de R\u00e9daction Paris\" rel=\"nofollow noopener\" target=\"_blank\">R\u00e9daction Paris<\/a><br \/>\n        <\/strong><\/p>\n<p>        Publi\u00e9 le<\/p>\n<p>            26 mai 2025 \u00e0 8h40        <\/p>\n<p>Plus de <strong>200 tracteurs<\/strong> sont attendus devant l\u2019<a href=\"https:\/\/actu.fr\/tag\/assemblee-nationale\" rel=\"nofollow noopener\" target=\"_blank\">Assembl\u00e9e nationale<\/a> \u00e0 Paris ce lundi 26\u00a0mai 2025, jour du d\u00e9but de la <a href=\"https:\/\/actu.fr\/ile-de-france\/paris_75056\/on-ne-veut-pas-de-derapages-200-agriculteurs-vont-manifester-a-paris-lundi-avec-quelques-tracteurs_62683481.html\" rel=\"nofollow noopener\" target=\"_blank\">mobilisation des agriculteurs<\/a>. Plusieurs op\u00e9rations escargots sont en cours sur les routes et autoroutes d\u2019\u00cele-de-France qui m\u00e8nent \u00e0 Paris.<\/p>\n<p class=\" wall-content\">Selon <a href=\"https:\/\/www.sytadin.fr\/sys\/alert_reseau.jsp.html#574881\" rel=\"nofollow noopener\" target=\"_blank\">Sytadin.fr<\/a>, \u00e0 8h15, les voies suivantes sont concern\u00e9es\u2009:<\/p>\n<p class=\" wall-content\">\u2013 Coupure de la N118 vers Paris au niveau de Saclay. Les <strong>trois voies de circulation sont neutralis\u00e9es<\/strong>. Pour rejoindre l\u2019A86 \u00e0 la hauteur de V\u00e9lizy-Villacoublay ou S\u00e8vres depuis les Ulis (A10) ou de Marcoussis (N104), il est conseill\u00e9 de \u00ab\u2009continuer ou prendre l\u2019A10 en direction de Paris, puis \u00e0 la hauteur de Wissous, prendre l\u2019A6B, puis \u00e0 la hauteur de Fresnes prendre l\u2019A86 sens int\u00e9rieur en direction de V\u00e9lizy (N118)\u2009\u00bb, recommand\u00e9 Sytadin.<\/p>\n<p>    <a href=\"https:\/\/www.facebook.com\/plugins\/post.php?href=https%3A%2F%2Fwww.facebook.com%2FFrseaIDF%2Fposts%2Fpfbid02ReUNqJkcqWzBRZQDVGpA4NpYewZd2aTZj3ByquBSTREB4WLXACCAieWJXRoYbRN6l&amp;show_text=true&amp;width=350\" title=\"Ouvrie le lien\" rel=\"nofollow noopener\" target=\"_blank\">Cliquez ici pour visualiser le contenu<\/a><\/p>\n<p class=\" wall-content\">\u2013 Manifestation en cours sur la N104 sens ext\u00e9rieur entre Attainville et Fr\u00e9pillon. Le cort\u00e8ge se d\u00e9place \u00e0 <strong>tr\u00e8s faible vitesse<\/strong> et occupe l\u2019int\u00e9gralit\u00e9 des voies de circulation pour une dur\u00e9e ind\u00e9termin\u00e9e.<\/p>\n<p>Vid\u00e9os : en ce moment sur Actu<\/p>\n<p class=\" wall-content\">\u2013 Manifestation en cours sur la N12 vers Paris au niveau de Maulette. Une des deux voies est bloqu\u00e9e.<\/p>\n<p class=\" wall-content\">Des mobilisations sont aussi pr\u00e9vues sur l\u2019A15, la N184 et la N104 \u00ab\u2009dans les deux sens de circulation, sous formes d\u2019<strong>\u00ab\u2009op\u00e9rations escargot\u2009\u00bb<\/strong>\u00bb. Sytadin conseille aux automobilistes de \u00ab\u2009rester prudent et d\u2019\u00e9viter le secteur en reportant vos d\u00e9placements dans la mesure du possible\u2009\u00bb.<\/p>\n<p class=\" wall-content\">Cette mobilisation co\u00efncide avec le <strong>d\u00e9but de l\u2019examen de la proposition de loi<\/strong> Duplomb visant \u00e0 \u00ab\u2009lever les contraintes\u2009\u00bb pour leur profession et \u00e0 favoriser l\u2019acc\u00e8s \u00e0 des pesticides. Les agriculteurs craignent que les d\u00e9put\u00e9s LFI et \u00c9cologistes, qui ont d\u00e9pos\u00e9 plusieurs amendements, fassent obstruction au texte.<\/p>\n<p class=\" wall-content\">Suivez toute l\u2019actualit\u00e9 de vos villes et m\u00e9dias favoris en vous inscrivant \u00e0 <a href=\"https:\/\/moncompte.actu.fr\" title=\"D\u00e9couvez Mon Actu\" rel=\"nofollow noopener\" data-trk=\"{&quot;cta&quot;:{&quot;action&quot;:&quot;https:\\\/\\\/moncompte.actu.fr&quot;,&quot;category&quot;:&quot;mon compte&quot;,&quot;from&quot;:&quot;article footer&quot;,&quot;name&quot;:&quot;Mon actu&quot;,&quot;type&quot;:&quot;cta&quot;}}\" target=\"_blank\">Mon Actu<\/a>.<\/p>\n","protected":false},"excerpt":{"rendered":"Par R\u00e9daction Paris Publi\u00e9 le 26 mai 2025 \u00e0 8h40 Plus de 200 tracteurs sont attendus devant l\u2019Assembl\u00e9e&hellip;\n","protected":false},"author":2,"featured_media":128655,"comment_status":"","ping_status":"","sticky":false,"template":"","format":"standard","meta":{"footnotes":""},"categories":[1888],"tags":[1111,1928,11,1927,327,3542,1777,674,1011,27,1272,12,1926,626,1925,25,104],"class_list":{"0":"post-128654","1":"post","2":"type-post","3":"status-publish","4":"format-standard","5":"has-post-thumbnail","7":"category-paris","8":"tag-actu","9":"tag-actu-paris","10":"tag-actualites","11":"tag-actualites-paris","12":"tag-agriculture","13":"tag-circulation","14":"tag-eu","15":"tag-europe","16":"tag-fr","17":"tag-france","18":"tag-manifestations","19":"tag-news","20":"tag-news-paris","21":"tag-paris","22":"tag-paris-news","23":"tag-republique-francaise","24":"tag-societe"},"share_on_mastodon":{"url":"https:\/\/pubeurope.com\/@fr\/114572832450438604","error":""},"_links":{"self":[{"href":"https:\/\/www.europesays.com\/fr\/wp-json\/wp\/v2\/posts\/128654","targetHints":{"allow":["GET"]}}],"collection":[{"href":"https:\/\/www.europesays.com\/fr\/wp-json\/wp\/v2\/posts"}],"about":[{"href":"https:\/\/www.europesays.com\/fr\/wp-json\/wp\/v2\/types\/post"}],"author":[{"embeddable":true,"href":"https:\/\/www.europesays.com\/fr\/wp-json\/wp\/v2\/users\/2"}],"replies":[{"embeddable":true,"href":"https:\/\/www.europesays.com\/fr\/wp-json\/wp\/v2\/comments?post=128654"}],"version-history":[{"count":0,"href":"https:\/\/www.europesays.com\/fr\/wp-json\/wp\/v2\/posts\/128654\/revisions"}],"wp:featuredmedia":[{"embeddable":true,"href":"https:\/\/www.europesays.com\/fr\/wp-json\/wp\/v2\/media\/128655"}],"wp:attachment":[{"href":"https:\/\/www.europesays.com\/fr\/wp-json\/wp\/v2\/media?parent=128654"}],"wp:term":[{"taxonomy":"category","embeddable":true,"href":"https:\/\/www.europesays.com\/fr\/wp-json\/wp\/v2\/categories?post=128654"},{"taxonomy":"post_tag","embeddable":true,"href":"https:\/\/www.europesays.com\/fr\/wp-json\/wp\/v2\/tags?post=128654"}],"curies":[{"name":"wp","href":"https:\/\/api.w.org\/{rel}","templated":true}]}}