{"id":128670,"date":"2025-05-26T07:04:12","date_gmt":"2025-05-26T07:04:12","guid":{"rendered":"https:\/\/www.europesays.com\/fr\/128670\/"},"modified":"2025-05-26T07:04:12","modified_gmt":"2025-05-26T07:04:12","slug":"80-ans-apres-la-guerre-daneantissement-dhitler-a-lest-lallemagne-etablit-une-brigade-de-combat-contre-la-russie-en-lituanie","status":"publish","type":"post","link":"https:\/\/www.europesays.com\/fr\/128670\/","title":{"rendered":"80 ans apr\u00e8s la guerre d&rsquo;an\u00e9antissement d&rsquo;Hitler \u00e0 l&rsquo;Est : l&rsquo;Allemagne \u00e9tablit une brigade de combat contre la Russie en Lituanie"},"content":{"rendered":"<p><img decoding=\"async\" class=\"db relative center\" loading=\"lazy\" src=\"https:\/\/www.europesays.com\/fr\/wp-content\/uploads\/2025\/05\/677c354b-984d-4c8d-95ba-6ca39c62b15b\" style=\"max-height:100%\"\/>Le chancelier allemand Friedrich Merz et le ministre allemand de la D\u00e9fense Boris Pistorius assistent \u00e0 l&rsquo;inauguration officielle d&rsquo;une brigade allemande pour le flanc oriental de l&rsquo;OTAN \u00e0 Vilnius, en Lituanie, le jeudi 22 mai 2025. [AP Photo\/Mindaugas Kulbis]<\/p>\n<p>Avec l\u2019\u00e9tablissement officiel d\u2019une brigade de combat permanente en Lituanie, le gouvernement allemand dirig\u00e9 par le chancelier Friedrich Merz et le ministre de la D\u00e9fense Boris Pistorius ouvre un nouveau chapitre dans la r\u00e9surgence du militarisme allemand. Lors d\u2019une c\u00e9r\u00e9monie militariste avec des chars Leopard, des obusiers, des avions de chasse et un d\u00e9fil\u00e9 de soldats, Merz et Pistorius ont c\u00e9l\u00e9br\u00e9 le premier d\u00e9ploiement permanent de troupes de combat allemandes \u00e0 l\u2019\u00e9tranger depuis la Seconde Guerre mondiale, au nom de la \u00ab paix, de la libert\u00e9 et de la s\u00e9curit\u00e9 \u00bb. En r\u00e9alit\u00e9, il s\u2019agit d\u2019une partie int\u00e9grante des pr\u00e9paratifs de guerre contre la Russie.<\/p>\n<p>La symbolique du lieu n&rsquo;aurait pas pu \u00eatre plus claire : la Lituanie, un ancien territoire sovi\u00e9tique, \u00e0 quelques centaines de kilom\u00e8tres de la fronti\u00e8re russe. Quatre-vingts ans apr\u00e8s la guerre d&rsquo;an\u00e9antissement d&rsquo;Hitler contre l&rsquo;Union sovi\u00e9tique, les chars allemands pilot\u00e9s par des soldats allemands roulent \u00e0 nouveau vers l&rsquo;est. La rupture historique et politique que les \u00e9lites allemandes ont \u00e9t\u00e9 contraintes de r\u00e9aliser apr\u00e8s la chute du Troisi\u00e8me Reich est en train d&rsquo;\u00eatre syst\u00e9matiquement invers\u00e9e. L\u2019imp\u00e9rialisme allemand est de retour, revenant sur les lieux de ses pires crimes.<\/p>\n<p>La Lituanie en particulier fut <a href=\"https:\/\/www.wsws.org\/fr\/articles\/2023\/07\/12\/pers-j12.html\" target=\"_blank\" rel=\"noopener\">un th\u00e9\u00e2tre central des atrocit\u00e9s nazies<\/a>. Apr\u00e8s l\u2019invasion de la Wehrmacht en juin 1941, des collaborateurs locaux particip\u00e8rent activement \u00e0 l\u2019extermination de la population juive. En quelques mois, environ 95 % des Juifs lituaniens furent assassin\u00e9s. Sur les quelque 210\u00a0000 Juifs vivant en Lituanie avant l\u2019invasion nazie du 22 juin 1941, environ 195\u00a0000 avaient \u00e9t\u00e9 tu\u00e9s \u00e0 la fin de la guerre en 1945. La majorit\u00e9 d\u2019entre eux avaient d\u00e9j\u00e0 \u00e9t\u00e9 assassin\u00e9s \u00e0 la fin de 1941. <\/p>\n<p>Les Einsatzgruppen SS, soutenus par des milices lituaniennes, ont non seulement massacr\u00e9 des dizaines de milliers de personnes lors de tueries telles que celle de Ponary, mais ont aussi brutalement attaqu\u00e9 les communistes, les syndicalistes et d\u2019autres membres de l\u2019opposition. Aujourd\u2019hui, des troupes de combat allemandes sont \u00e0 nouveau stationn\u00e9es de fa\u00e7on permanente sur le sol lituanien. L\u2019histoire est soit ignor\u00e9e, soit activement r\u00e9\u00e9crite pour justifier de nouvelles guerres.<\/p>\n<p>Dans son discours \u00e0 Vilnius, Merz a parl\u00e9 d\u2019une \u00ab nouvelle \u00e8re \u00bb dans laquelle l\u2019Allemagne doit assumer une \u00ab responsabilit\u00e9 permanente \u00bb. Il a \u00e0 plusieurs reprises qualifi\u00e9 la Russie \u00ab d\u2019agresseur \u00bb contre lequel il faudrait \u00ab se d\u00e9fendre \u00bb ensemble. Cela renverse la r\u00e9alit\u00e9. M\u00eame si l\u2019invasion russe de l\u2019Ukraine \u00e9tait r\u00e9actionnaire, les puissances imp\u00e9rialistes sont les v\u00e9ritables agresseurs. Elles ont d\u00e9lib\u00e9r\u00e9ment provoqu\u00e9 la guerre en Ukraine. Depuis la dissolution de l\u2019Union sovi\u00e9tique par la bureaucratie stalinienne, l\u2019OTAN encercle militairement la Russie. Aujourd\u2019hui, les principaux \u00c9tats de l\u2019Union europ\u00e9enne \u2013 avant tout Berlin \u2013 poussent l\u2019escalade toujours plus loin.<\/p>\n<p><a class=\"db avenir f6 lh-title pa1 br2 tc mw6 mw-75rem-m bg-black-05 mt3 center\" href=\"https:\/\/www.wsws.org\/fr\/special\/pages\/international-mayday-online-rally-2025.html\" target=\"_blank\" rel=\"noopener\"><img decoding=\"async\" class=\"dn db-m\" src=\"https:\/\/www.europesays.com\/fr\/wp-content\/uploads\/2025\/04\/71bdb49e-d0b4-460a-a9e8-b378fe832e77\"\/><img decoding=\"async\" class=\"db dn-m\" src=\"https:\/\/www.europesays.com\/fr\/wp-content\/uploads\/2025\/04\/6738101d-90db-408a-ac69-08c1640e134c\"\/><\/a><\/p>\n<p>La brigade de la Bundeswehr n\u2019est pas seulement symbolique, mais une unit\u00e9 de combat enti\u00e8rement \u00e9quip\u00e9e, avec armes lourdes, base propre et personnel stationn\u00e9 en permanence. \u00c0 l\u2019automne 2023, Pistorius avait \u00e9voqu\u00e9 la n\u00e9cessit\u00e9 pour l\u2019Allemagne de devenir \u00ab pr\u00eate \u00e0 la guerre \u00bb. Avec l\u2019adoption r\u00e9cente de cr\u00e9dits de guerre massifs d\u2019environ mille milliards d\u2019euros et la hausse pr\u00e9vue du budget militaire \u00e0 5 % du PIB, le r\u00e9armement et la militarisation de la soci\u00e9t\u00e9 sont devenus les principales pr\u00e9occupations de l\u2019\u00c9tat.\u00a0<\/p>\n<p>Cette politique exprime un profond changement. La classe dirigeante allemande utilise la guerre en Ukraine pour imposer une r\u00e9organisation militaire d\u2019envergure et s\u2019\u00e9tablir comme la premi\u00e8re puissance militaire europ\u00e9enne. Dans sa premi\u00e8re d\u00e9claration de politique g\u00e9n\u00e9rale en tant que chancelier, Merz a annonc\u00e9 que \u00ab la Bundeswehr deviendra la plus puissante arm\u00e9e conventionnelle d\u2019Europe \u00bb. M\u00eame sans tenir compte de l\u2019arm\u00e9e turque, qui compte 355\u00a0000 soldats actifs et 379\u00a0000 r\u00e9servistes, porter la Bundeswehr au niveau souhait\u00e9 n\u00e9cessiterait de faire passer les effectifs de 181\u00a0000 \u00e0 au moins 300\u00a0000 soldats. Selon les plans actuels, l\u2019arm\u00e9e polonaise devrait atteindre cette taille dans dix ans. Une telle expansion ne peut se faire sans le r\u00e9tablissement du service militaire obligatoire.<\/p>\n<p>Avant son voyage \u00e0 Vilnius, Pistorius a \u00e9galement soutenu la demande, auparavant formul\u00e9e par le ministre des Affaires \u00e9trang\u00e8res Johann Wadephul (d\u00e9mocrate-chr\u00e9tien) et initialement par Alternative pour l\u2019Allemagne (AfD) d\u2019extr\u00eame droite, d\u2019augmenter les d\u00e9penses militaires \u00e0 5 % du PIB \u00e0 l\u2019avenir. Cela correspondrait \u00e0 225 milliards d\u2019euros par an ! Le budget officiel de la d\u00e9fense est actuellement d\u2019un peu moins de 53 milliards d\u2019euros. Pistorius n\u2019a laiss\u00e9 aucun doute : ce sont les travailleurs qui paieront la facture du r\u00e9armement. \u00ab Ce pays ne peut pas \u00eatre d\u00e9fendu avec l\u2019aide sociale et l\u2019\u00e9ducation \u00bb, a-t-il cyniquement d\u00e9clar\u00e9 \u00e0 la radio Deutschlandfunk.<\/p>\n<p>La folle course \u00e0 la guerre est soutenue par tous les partis du Bundestag. Les Verts, autrefois pacifistes autoproclam\u00e9s, sont d\u00e9sormais les plus agressifs bellicistes et c\u00e9l\u00e8brent ouvertement la mobilisation de la Bundeswehr \u00e0 l\u2019Est. Le Parti de gauche a critiqu\u00e9 le d\u00e9ploiement de troupes de combat allemandes pour mieux dissimuler et s\u00e9curiser le programme du gouvernement et maitriser l\u2019opposition de masse \u00e0 celui-ci. Mais il a aussi vot\u00e9 au Bundesrat en faveur des cr\u00e9dits de guerre d\u2019un montant de mille milliards d\u2019euros et a ensuite permis l\u2019\u00e9lection rapide de Merz au poste de chancelier au Bundestag.<\/p>\n<p>Sous la direction du nouveau gouvernement allemand, la guerre en Ukraine provoqu\u00e9e par les puissances de l\u2019OTAN \u00e9volue de plus en plus vers une guerre europ\u00e9enne. Face \u00e0 un possible retrait des \u00c9tats-Unis sous Donald Trump, les principales puissances europ\u00e9ennes \u2013 surtout l\u2019Allemagne \u2013 sont d\u00e9termin\u00e9es \u00e0 poursuivre l\u2019offensive contre la Russie, m\u00eame sans le soutien de Washington si n\u00e9cessaire. Elles acc\u00e9l\u00e8rent massivement leur r\u00e9armement et leurs plans de guerre afin de devenir plus ind\u00e9pendantes militairement et d\u2019imposer par la force leurs propres int\u00e9r\u00eats imp\u00e9rialistes.<\/p>\n<p>Ce qui se d\u00e9roule ici, c\u2019est l\u2019avanc\u00e9e vers une troisi\u00e8me guerre mondiale. Comme l\u2019a d\u00e9clar\u00e9 le Sozialistische Gleichheitspartei (SGP) lors de son dernier congr\u00e8s, la classe dirigeante allemande \u00ab poursuit sans interruption sa vieille politique de guerre mondiale. D\u00e9j\u00e0 lors de la Premi\u00e8re Guerre mondiale, l\u2019un des objectifs \u00e9tait la cr\u00e9ation d\u2019un \u00c9tat vassal ukrainien domin\u00e9 par Berlin. Hitler a poursuivi cette politique lors de la Seconde Guerre mondiale : la subjugation de l\u2019Ukraine \u00e9tait un \u00e9l\u00e9ment central de la guerre d\u2019an\u00e9antissement contre l\u2019Union sovi\u00e9tique. Aujourd\u2019hui, les chars allemands roulent \u00e0 nouveau vers la Russie, et la Bundeswehr travaille \u00e9troitement avec les h\u00e9ritiers des collaborateurs nazis ukrainiens pour imposer les int\u00e9r\u00eats pr\u00e9dateurs de l\u2019imp\u00e9rialisme allemand. \u00bb<\/p>\n<p>Les parall\u00e8les historiques sont \u00e9vidents. Malgr\u00e9 toutes les diff\u00e9rences id\u00e9ologiques, la Wehrmacht a march\u00e9 vers l\u2019Est en 1941 sous des auspices similaires \u00e0 ceux de la Bundeswehr d\u2019aujourd\u2019hui : au nom de la d\u00e9fense de \u00ab l\u2019ordre europ\u00e9en \u00bb contre \u00ab l\u2019ennemi bolchevique \u00bb. Aujourd\u2019hui, l\u2019ennemi s\u2019appelle \u00ab imp\u00e9rialisme russe \u00bb, mais les objectifs \u2013 domination g\u00e9ostrat\u00e9gique et acc\u00e8s aux ressources, zones d\u2019influence et march\u00e9s \u2013 restent les m\u00eames.<\/p>\n<p>Tandis que l\u2019\u00e9lite dirigeante utilise la rh\u00e9torique guerri\u00e8re et le nationalisme pour pr\u00e9parer la population \u00e0 un conflit militaire direct, d\u00e9vastateur et potentiellement catastrophique avec la Russie, une puissance nucl\u00e9aire, la classe ouvri\u00e8re est d\u00e9j\u00e0 somm\u00e9e de payer. Les milliards d\u00e9pens\u00e9s pour les chars, drones et avions de chasse sont financ\u00e9s par des coupes dans les d\u00e9penses sociales, des licenciements collectifs et la hausse du co\u00fbt de la vie. Les \u00e9coles tombent en ruine, les h\u00f4pitaux sont d\u00e9bord\u00e9s, mais il y a toujours de l\u2019argent pour de nouveaux projets de r\u00e9armement. \u00c0 cela s\u2019ajoute la conscription de fait des jeunes, surtout issus de la classe ouvri\u00e8re, pour servir de chair \u00e0 canon au front.<\/p>\n<p>Ce d\u00e9veloppement ne peut \u00eatre arr\u00eat\u00e9 que par un mouvement conscient de la classe ouvri\u00e8re internationale. Le SGP est le seul parti en Allemagne \u00e0 avoir constamment combattu le r\u00e9armement, la guerre de l\u2019OTAN et le retour du militarisme. Lors de la campagne \u00e9lectorale du Bundestag, le SGP a mis en garde contre le danger d\u2019une troisi\u00e8me guerre mondiale et a fait de la construction d\u2019un nouveau mouvement international contre la guerre sa priorit\u00e9. Il s\u2019agit d\u00e9sormais de la question centrale. Le retour des troupes de combat allemandes en Europe de l\u2019Est est une d\u00e9claration de guerre \u00e0 l\u2019humanit\u00e9. Les travailleurs et les jeunes doivent s\u2019y opposer r\u00e9solument sur la base d\u2019une perspective socialiste claire.<\/p>\n<p>(Article paru en anglais le 24 mai 2025)<\/p>\n","protected":false},"excerpt":{"rendered":"Le chancelier allemand Friedrich Merz et le ministre allemand de la D\u00e9fense Boris Pistorius assistent \u00e0 l&rsquo;inauguration officielle&hellip;\n","protected":false},"author":2,"featured_media":128671,"comment_status":"","ping_status":"","sticky":false,"template":"","format":"standard","meta":{"footnotes":""},"categories":[1587],"tags":[11,672,25258,1804,1805,1803,1777,674,4710,1801,1146,25257,25256,2050,16234,12,1802,132],"class_list":{"0":"post-128670","1":"post","2":"type-post","3":"status-publish","4":"format-standard","5":"has-post-thumbnail","7":"category-allemagne","8":"tag-actualites","9":"tag-allemagne","10":"tag-brigade-de-combat","11":"tag-bundesrepublik-deutschland","12":"tag-de","13":"tag-deutschland","14":"tag-eu","15":"tag-europe","16":"tag-friedrich-merz","17":"tag-germany","18":"tag-guerre","19":"tag-guerre-daneantissement-dhitler","20":"tag-hitler","21":"tag-lituanie","22":"tag-militarisme","23":"tag-news","24":"tag-republique-federale-dallemagne","25":"tag-russie"},"share_on_mastodon":{"url":"https:\/\/pubeurope.com\/@fr\/114572864260553973","error":""},"_links":{"self":[{"href":"https:\/\/www.europesays.com\/fr\/wp-json\/wp\/v2\/posts\/128670","targetHints":{"allow":["GET"]}}],"collection":[{"href":"https:\/\/www.europesays.com\/fr\/wp-json\/wp\/v2\/posts"}],"about":[{"href":"https:\/\/www.europesays.com\/fr\/wp-json\/wp\/v2\/types\/post"}],"author":[{"embeddable":true,"href":"https:\/\/www.europesays.com\/fr\/wp-json\/wp\/v2\/users\/2"}],"replies":[{"embeddable":true,"href":"https:\/\/www.europesays.com\/fr\/wp-json\/wp\/v2\/comments?post=128670"}],"version-history":[{"count":0,"href":"https:\/\/www.europesays.com\/fr\/wp-json\/wp\/v2\/posts\/128670\/revisions"}],"wp:featuredmedia":[{"embeddable":true,"href":"https:\/\/www.europesays.com\/fr\/wp-json\/wp\/v2\/media\/128671"}],"wp:attachment":[{"href":"https:\/\/www.europesays.com\/fr\/wp-json\/wp\/v2\/media?parent=128670"}],"wp:term":[{"taxonomy":"category","embeddable":true,"href":"https:\/\/www.europesays.com\/fr\/wp-json\/wp\/v2\/categories?post=128670"},{"taxonomy":"post_tag","embeddable":true,"href":"https:\/\/www.europesays.com\/fr\/wp-json\/wp\/v2\/tags?post=128670"}],"curies":[{"name":"wp","href":"https:\/\/api.w.org\/{rel}","templated":true}]}}