{"id":128706,"date":"2025-05-26T07:26:09","date_gmt":"2025-05-26T07:26:09","guid":{"rendered":"https:\/\/www.europesays.com\/fr\/128706\/"},"modified":"2025-05-26T07:26:09","modified_gmt":"2025-05-26T07:26:09","slug":"jusqua-500-euros-les-t-shirts-distribues-en-hommage-a-nadal-vendus-sur-vinted","status":"publish","type":"post","link":"https:\/\/www.europesays.com\/fr\/128706\/","title":{"rendered":"jusqu\u2019\u00e0 500 euros, les t-shirts distribu\u00e9s en hommage \u00e0 Nadal vendus sur Vinted"},"content":{"rendered":"<p>                             Par G. F.<\/p>\n<p>                Il y a 8 minutes<\/p>\n<p>\u00a0\u00bb<br \/>\n        data-script=\u00a0\u00bbhttps:\/\/static.lefigaro.fr\/widget-video\/short-ttl\/video\/index.js\u00a0\u00bb<br \/>\n    &gt;<\/p>\n<p><strong>LE SCAN SPORT &#8211; <\/strong>Avant m\u00eame la fin de la c\u00e9r\u00e9monie lui rendant hommage sur le court Philippe-Chatrier, les t-shirts collectors port\u00e9s par les spectateurs \u00e9taient propos\u00e9s sur les sites de vente en ligne.<\/p>\n<p class=\"fig-paragraph\">Aussit\u00f4t port\u00e9s, d\u00e9j\u00e0 vendus. Pour c\u00e9l\u00e9brer Rafael Nadal et ses quatorze titres \u00e0 la porte d\u2019Auteuil, Roland-Garros avait distribu\u00e9 des milliers de t-shirts portant la mention \u00abMerci Rafa\u00bb aux spectateurs privil\u00e9gi\u00e9s\u00a0<a href=\"http:\/\/www.lefigaro.fr\/sports\/tennis\/roland-garros\/merci-la-france-merci-paris-roland-garros-a-dit-adieu-a-son-roi-rafael-nadal-20250525\" data-fig-type=\"Article\" data-gtm-custom-categorie=\"navigation\" data-gtm-custom-action=\"crossclick\" data-gtm-custom-label=\"Contextuel\" data-gtm-event=\"customEventSPE\" data-fig-domain=\"LEFIGARO\" target=\"_blank\" rel=\"noopener\">pr\u00e9sents sur le court Philippe-Chatrier dimanche apr\u00e8s-midi<\/a>.<\/p>\n<p class=\"fig-paragraph\">La grande c\u00e9l\u00e9bration n\u2019\u00e9tait pas encore termin\u00e9e que d\u00e9j\u00e0, sur les sites de vente de produits d\u2019occasion on pouvait retrouver ce t-shirt collector en vente. Des annonces mises en ligne sur Vinted \u00e0 des prix parfois affolants d\u00e9marrant \u00e0 100 euros et d\u00e9passant parfois les 500 euros\u00a0! Mais \u00e0 ce prix-l\u00e0 rien ne dit que cette pi\u00e8ce fabriqu\u00e9e au Bangladesh trouvera preneur.<\/p>\n<p>Nadal vend son propre t-shirt en \u00e9dition limit\u00e9e<\/p>\n<p class=\"fig-paragraph\">Surtout que Rafael Nadal lui-m\u00eame a profit\u00e9 de ce superbe hommage pour vendre en ligne un t-shirt en \u00e9dition limit\u00e9e. Une \u00e9dition sp\u00e9ciale pour c\u00e9l\u00e9brer ses quatorze sacres parisiens \u00e0 un prix plus raisonnable, 30 euros, sur son site officiel.<\/p>\n<p class=\"fig-paragraph\">Le Majorquin, retrait\u00e9 depuis la saison pass\u00e9e,\u00a0<a href=\"http:\/\/www.lefigaro.fr\/sports\/tennis\/roland-garros\/roland-garros-emotions-standing-ovation-federer-l-hommage-a-monsieur-nadal-en-images-20250525\" data-fig-type=\"NewsFlash\" data-gtm-custom-categorie=\"navigation\" data-gtm-custom-action=\"crossclick\" data-gtm-custom-label=\"Contextuel\" data-gtm-event=\"customEventSPE\" data-fig-domain=\"LEFIGARO\" target=\"_blank\" rel=\"noopener\">a marqu\u00e9 de son empreinte la premi\u00e8re journ\u00e9e des Internationaux de France<\/a>\u00a0\u00e0 l\u2019occasion d\u2019une c\u00e9r\u00e9monie qui a rassembl\u00e9 14.500 spectateurs \u00e0 partir de 18 heures dimanche dans une enceinte par\u00e9e d\u2019orange de c\u0153urs blancs.<\/p>\n<p class=\"fig-body-link\">\n            \u00c0 lire aussi<br \/>\n        <a class=\"fig-body-link__link\" href=\"http:\/\/www.lefigaro.fr\/sports\/tennis\/roland-garros\/roland-garros-les-favori-te-s-en-lice-les-bleu-e-s-en-action-le-programme-tout-ce-qu-il-faut-savoir-sur-la-2e-journee-20250525\" data-fig-type=\"NewsFlash\" data-gtm-custom-categorie=\"navigation\" data-gtm-custom-action=\"crossclick\" data-gtm-custom-label=\"Contextuel\" data-gtm-event=\"customEventSPE\" data-fig-domain=\"LEFIGARO\" target=\"_blank\" rel=\"noopener\">Roland-Garros\u00a0: les favori(te)s en lice, les Bleu(e)s en action, le programme\u2026 Tout ce qu\u2019il faut savoir sur la 2e journ\u00e9e<br \/>\n    <\/a>\n<\/p>\n<p class=\"fig-paragraph\">Les \u00ab Rafa, Rafa\u00a0\u00bb ont r\u00e9sonn\u00e9 avant l\u2019entr\u00e9e de la l\u00e9gende, le fameux Stayin\u2019 alive des Bee Gees prolongeant l\u2019ambiance festive. Et quand Marc Maury, le speaker embl\u00e9matique a annonc\u00e9 le palmar\u00e8s de l\u2019Espagnol, le Philippe-Chatrier s\u2019est embras\u00e9 et a r\u00e9serv\u00e9 une standing ovation au moment o\u00f9 \u00ab Rafa\u00a0\u00bb s\u2019est pr\u00e9sent\u00e9 en costume noir au centre du court. Un film de 5 minutes a retrac\u00e9 son parcours et ses matchs les plus embl\u00e9matiques. Les applaudissements et les cris ont fus\u00e9. Et l\u2019ogre de l\u2019ocre n\u2019a pu retenir ses larmes avant de s\u2019adresser au public qui l\u2019a tant ch\u00e9ri durant deux d\u00e9cennies.<\/p>\n<p>    <a href=\"https:\/\/photo.lefigaro.fr\/sports\/tennis\/roland-garros\/l-hommage-a-nadal-en-images-20250525\" target=\"_blank\" rel=\"noopener\"><\/p>\n<p class=\"fig-slideshow__title\">\n                    L\u2019hommage \u00e0 Nadal en images\n                <\/p>\n<p>Acc\u00e9der au diaporama (13)<\/p>\n<p>    <\/a><\/p>\n","protected":false},"excerpt":{"rendered":"Par G. F. Il y a 8 minutes \u00a0\u00bb data-script=\u00a0\u00bbhttps:\/\/static.lefigaro.fr\/widget-video\/short-ttl\/video\/index.js\u00a0\u00bb &gt; LE SCAN SPORT &#8211; Avant m\u00eame la&hellip;\n","protected":false},"author":2,"featured_media":128707,"comment_status":"","ping_status":"","sticky":false,"template":"","format":"standard","meta":{"footnotes":""},"categories":[9],"tags":[4169,105,2199,1011,27,24473,4977,1960,24987,24472,4171,60,1467,4170],"class_list":{"0":"post-128706","1":"post","2":"type-post","3":"status-publish","4":"format-standard","5":"has-post-thumbnail","7":"category-sports","8":"tag-atp","9":"tag-djokovic","10":"tag-federer","11":"tag-fr","12":"tag-france","13":"tag-internationaux-de-france","14":"tag-le-scan-sport","15":"tag-nadal","16":"tag-rafael-nadal","17":"tag-rg","18":"tag-roland-garros","19":"tag-sports","20":"tag-tennis","21":"tag-wta"},"share_on_mastodon":{"url":"https:\/\/pubeurope.com\/@fr\/114572950408622940","error":""},"_links":{"self":[{"href":"https:\/\/www.europesays.com\/fr\/wp-json\/wp\/v2\/posts\/128706","targetHints":{"allow":["GET"]}}],"collection":[{"href":"https:\/\/www.europesays.com\/fr\/wp-json\/wp\/v2\/posts"}],"about":[{"href":"https:\/\/www.europesays.com\/fr\/wp-json\/wp\/v2\/types\/post"}],"author":[{"embeddable":true,"href":"https:\/\/www.europesays.com\/fr\/wp-json\/wp\/v2\/users\/2"}],"replies":[{"embeddable":true,"href":"https:\/\/www.europesays.com\/fr\/wp-json\/wp\/v2\/comments?post=128706"}],"version-history":[{"count":0,"href":"https:\/\/www.europesays.com\/fr\/wp-json\/wp\/v2\/posts\/128706\/revisions"}],"wp:featuredmedia":[{"embeddable":true,"href":"https:\/\/www.europesays.com\/fr\/wp-json\/wp\/v2\/media\/128707"}],"wp:attachment":[{"href":"https:\/\/www.europesays.com\/fr\/wp-json\/wp\/v2\/media?parent=128706"}],"wp:term":[{"taxonomy":"category","embeddable":true,"href":"https:\/\/www.europesays.com\/fr\/wp-json\/wp\/v2\/categories?post=128706"},{"taxonomy":"post_tag","embeddable":true,"href":"https:\/\/www.europesays.com\/fr\/wp-json\/wp\/v2\/tags?post=128706"}],"curies":[{"name":"wp","href":"https:\/\/api.w.org\/{rel}","templated":true}]}}