{"id":128714,"date":"2025-05-26T07:30:09","date_gmt":"2025-05-26T07:30:09","guid":{"rendered":"https:\/\/www.europesays.com\/fr\/128714\/"},"modified":"2025-05-26T07:30:09","modified_gmt":"2025-05-26T07:30:09","slug":"emmanuel-macron-gifle-par-brigitte-devant-les-cameras-lentourage-du-president-evoque-une-chamaillerie","status":"publish","type":"post","link":"https:\/\/www.europesays.com\/fr\/128714\/","title":{"rendered":"Emmanuel Macron gifl\u00e9 par Brigitte devant les cam\u00e9ras ? L&rsquo;entourage du Pr\u00e9sident \u00e9voque une \u00ab\u00a0chamaillerie\u00a0\u00bb"},"content":{"rendered":"<p>            Par<br \/>\n        <strong><br \/>\n            <a href=\"https:\/\/actu.fr\/auteur\/redaction-actu\" title=\"Consulter tous les articles de R\u00e9daction Actu\" rel=\"nofollow noopener\" target=\"_blank\">R\u00e9daction Actu<\/a><br \/>\n        <\/strong><\/p>\n<p>        Publi\u00e9 le<\/p>\n<p>            26 mai 2025 \u00e0 8h38        <\/p>\n<p>\u00ab\u00a0Chamaillerie\u00a0\u00bb, moment de \u00ab\u00a0complicit\u00e9\u00a0\u00bb ou coup au visage ? Des images d\u2019Emmanuel et Brigitte Macron \u00e0 leur arriv\u00e9e au Vietnam pour le d\u00e9but d\u2019une tourn\u00e9e en Asie du Sud-Est ont suscit\u00e9 de nombreux commentaires sur les r\u00e9seaux sociaux.\u00a0<\/p>\n<p class=\" wall-content\">Les images tourn\u00e9es dimanche 25 mai 2025, au soir par l\u2019agence am\u00e9ricaine Associated Press \u00e0 l\u2019a\u00e9roport de Hano\u00ef montrent la porte de l\u2019avion du pr\u00e9sident qui s\u2019ouvre, et la silhouette d\u2019Emmanuel Macron qui appara\u00eet, encore \u00e0 l\u2019int\u00e9rieur de l\u2019appareil.<\/p>\n<p class=\" wall-content\">\u00c0 ce moment-l\u00e0, les deux bras de son \u00e9pouse surgissent, sans qu\u2019on puisse la voir en entier, et elle porte vivement les deux mains au visage du pr\u00e9sident dans ce qui peut ressembler \u00e0 un petit coup.<\/p>\n<p class=\" wall-content\">\n<p class=\" wall-content\">Le chef de l\u2019\u00c9tat semble surpris, mais se tourne rapidement pour faire un salut vers l\u2019ext\u00e9rieur. Le couple pr\u00e9sidentiel s\u2019engage sur l\u2019escalier, Emmanuel Macron tend son bras \u00e0 son \u00e9pouse comme il en a l\u2019habitude, mais elle ne le saisit pas, et se tient \u00e0 la main courante de la passerelle.<\/p>\n<p class=\" wall-content\">\n<p class=\" wall-content\">L\u2019image a circul\u00e9 rapidement durant la nuit, notamment sur plusieurs comptes particuli\u00e8rement hostiles \u00e0 Emmanuel Macron.<\/p>\n<p>Vid\u00e9os : en ce moment sur Actu\u00ab\u00a0Un moment de complicit\u00e9\u00a0\u00bb<\/p>\n<p class=\" wall-content\">L\u2019\u00c9lys\u00e9e a d\u2019abord d\u00e9menti la v\u00e9racit\u00e9 des images, avant qu\u2019elles ne soient authentifi\u00e9es.\u00a0<br \/>Un proche du pr\u00e9sident a ensuite parl\u00e9 d\u2019une banale \u00ab\u00a0chamaillerie\u00a0\u00bb de couple.<\/p>\n<blockquote class=\"ac-article-quote wall-content\">\n<p>C\u2019\u00e9tait un moment o\u00f9 le pr\u00e9sident et son \u00e9pouse d\u00e9compressaient une ultime fois avant le d\u00e9but du voyage en chahutant.<\/p>\n<p>    <strong>L&rsquo;entourage d&rsquo;Emmanuel Macron<\/strong><br \/>\n        aupr\u00e8s des journalistes qui suivent la tourn\u00e9e    <\/p><\/blockquote>\n<p class=\" wall-content\">\u00ab\u00a0C\u2019est un moment de complicit\u00e9. Il n\u2019en suffisait pas plus pour donner du grain \u00e0 moudre aux complotistes\u00a0\u00bb, a-t-on ajout\u00e9 de m\u00eame source, attribuant les commentaires n\u00e9gatifs en premier lieu aux sph\u00e8res prorusses.<\/p>\n<p class=\" wall-content\">Le pr\u00e9sident fran\u00e7ais entamait \u00e0 Hano\u00ef une tourn\u00e9e d\u2019environ une semaine en Asie du Sud-Est. Il se rendra aussi en Indon\u00e9sie et \u00e0 Singapour.<\/p>\n<p class=\" wall-content\">Source : AFP.<\/p>\n<p class=\" wall-content\">Suivez toute l\u2019actualit\u00e9 de vos villes et m\u00e9dias favoris en vous inscrivant \u00e0 <a href=\"https:\/\/moncompte.actu.fr\" title=\"D\u00e9couvez Mon Actu\" rel=\"nofollow noopener\" data-trk=\"{&quot;cta&quot;:{&quot;action&quot;:&quot;https:\\\/\\\/moncompte.actu.fr&quot;,&quot;category&quot;:&quot;mon compte&quot;,&quot;from&quot;:&quot;article footer&quot;,&quot;name&quot;:&quot;Mon actu&quot;,&quot;type&quot;:&quot;cta&quot;}}\" target=\"_blank\">Mon Actu<\/a>.<\/p>\n","protected":false},"excerpt":{"rendered":"Par R\u00e9daction Actu Publi\u00e9 le 26 mai 2025 \u00e0 8h38 \u00ab\u00a0Chamaillerie\u00a0\u00bb, moment de \u00ab\u00a0complicit\u00e9\u00a0\u00bb ou coup au visage&hellip;\n","protected":false},"author":2,"featured_media":128715,"comment_status":"","ping_status":"","sticky":false,"template":"","format":"standard","meta":{"footnotes":""},"categories":[5],"tags":[11,1073,1011,27,14,12,104,28],"class_list":{"0":"post-128714","1":"post","2":"type-post","3":"status-publish","4":"format-standard","5":"has-post-thumbnail","7":"category-international","8":"tag-actualites","9":"tag-emmanuel-macron","10":"tag-fr","11":"tag-france","12":"tag-international","13":"tag-news","14":"tag-societe","15":"tag-world"},"share_on_mastodon":{"url":"https:\/\/pubeurope.com\/@fr\/114572966333060261","error":""},"_links":{"self":[{"href":"https:\/\/www.europesays.com\/fr\/wp-json\/wp\/v2\/posts\/128714","targetHints":{"allow":["GET"]}}],"collection":[{"href":"https:\/\/www.europesays.com\/fr\/wp-json\/wp\/v2\/posts"}],"about":[{"href":"https:\/\/www.europesays.com\/fr\/wp-json\/wp\/v2\/types\/post"}],"author":[{"embeddable":true,"href":"https:\/\/www.europesays.com\/fr\/wp-json\/wp\/v2\/users\/2"}],"replies":[{"embeddable":true,"href":"https:\/\/www.europesays.com\/fr\/wp-json\/wp\/v2\/comments?post=128714"}],"version-history":[{"count":0,"href":"https:\/\/www.europesays.com\/fr\/wp-json\/wp\/v2\/posts\/128714\/revisions"}],"wp:featuredmedia":[{"embeddable":true,"href":"https:\/\/www.europesays.com\/fr\/wp-json\/wp\/v2\/media\/128715"}],"wp:attachment":[{"href":"https:\/\/www.europesays.com\/fr\/wp-json\/wp\/v2\/media?parent=128714"}],"wp:term":[{"taxonomy":"category","embeddable":true,"href":"https:\/\/www.europesays.com\/fr\/wp-json\/wp\/v2\/categories?post=128714"},{"taxonomy":"post_tag","embeddable":true,"href":"https:\/\/www.europesays.com\/fr\/wp-json\/wp\/v2\/tags?post=128714"}],"curies":[{"name":"wp","href":"https:\/\/api.w.org\/{rel}","templated":true}]}}