{"id":128716,"date":"2025-05-26T07:31:10","date_gmt":"2025-05-26T07:31:10","guid":{"rendered":"https:\/\/www.europesays.com\/fr\/128716\/"},"modified":"2025-05-26T07:31:10","modified_gmt":"2025-05-26T07:31:10","slug":"quest-ce-que-le-cimetiere-demile-louis-ou-des-recherches-reprennent-ce-lundi","status":"publish","type":"post","link":"https:\/\/www.europesays.com\/fr\/128716\/","title":{"rendered":"Qu\u2019est-ce que le \u00abcimeti\u00e8re\u00bb d\u2019\u00c9mile Louis o\u00f9 des recherches reprennent ce lundi ?"},"content":{"rendered":"<p><strong>FOCUS &#8211;<\/strong> Fouill\u00e9 \u00e0 plusieurs reprises, le \u00abcimeti\u00e8re\u00bb d\u2019\u00c9mile Louis situ\u00e9 pr\u00e8s du village de Rouvray, abrite encore aujourd\u2019hui de nombreux myst\u00e8res. Apr\u00e8s la d\u00e9couverte de deux corps au d\u00e9but des ann\u00e9es 2000, de nouvelles recherches sont attendues ce lundi 26 mai.<\/p>\n<p class=\"fig-paragraph\">Une lueur d\u2019espoir pour les familles des \u00ab<a href=\"https:\/\/www.lefigaro.fr\/actualite-france\/2008\/10\/06\/01016-20081006ARTFIG00246-les-familles-des-disparues-de-l-yonne-seront-indemnisees-.php\" data-fig-type=\"Article\" data-gtm-custom-categorie=\"navigation\" data-gtm-custom-action=\"crossclick\" data-gtm-custom-label=\"Contextuel\" data-gtm-event=\"customEventSPE\" data-fig-domain=\"LEFIGARO\" target=\"_blank\" rel=\"noopener\">disparues de l\u2019Yonne\u00bb<\/a>\u00a0? Lundi 26 mai, de nouvelles fouilles vont \u00eatre organis\u00e9es au \u00abcimeti\u00e8re\u00bb d\u2019<a href=\"http:\/\/www.lefigaro.fr\/histoire\/archives\/le-25-novembre-2004-emile-louis-le-boucher-de-l-yonne-etait-condamne-a-la-reclusion-a-perpetuite-20241124\" data-fig-type=\"Article\" data-gtm-custom-categorie=\"navigation\" data-gtm-custom-action=\"crossclick\" data-gtm-custom-label=\"Contextuel\" data-gtm-event=\"customEventSPE\" data-fig-domain=\"LEFIGARO\" target=\"_blank\" rel=\"noopener\">\u00c9mile Louis<\/a>\u00a0dans l\u2019<a href=\"http:\/\/www.lefigaro.fr\/faits-divers\/un-homme-menace-des-policiers-avec-une-hache-dans-l-yonne-deux-agents-blesses-20250505\" data-fig-type=\"NewsFlash\" data-gtm-custom-categorie=\"navigation\" data-gtm-custom-action=\"crossclick\" data-gtm-custom-label=\"Contextuel\" data-gtm-event=\"customEventSPE\" data-fig-domain=\"LEFIGARO\" target=\"_blank\" rel=\"noopener\">Yonne<\/a>. Aussi baptis\u00e9 \u00able boucher de l\u2019Yonne\u00bb, \u00c9mile Louis est mort de vieillesse en 2013 \u00e0 l\u2019\u00e2ge de 79 ans, dans la prison d\u2019Ensisheim (Haut-Rhin). Cet ancien chauffeur de bus a \u00e9t\u00e9 condamn\u00e9 \u00e0 la r\u00e9clusion criminelle pour l\u2019assassinat de sept jeunes filles d\u00e9ficientes mentales, dans les ann\u00e9es 1970 et 1980, pupilles de la Direction d\u00e9partementale des affaires sanitaires et sociales (Ddass). Parmi les sept victimes, seuls deux corps ont \u00e9t\u00e9 retrouv\u00e9s au d\u00e9but des ann\u00e9es 2000, ceux de Jacqueline Weis et Madeleine Dejust.<\/p>\n<p class=\"fig-paragraph\">Vingt ans apr\u00e8s son proc\u00e8s en 2004 aux assises d\u2019Auxerre, de nouvelles fouilles avaient \u00e9t\u00e9 organis\u00e9es en\u00a0<a href=\"http:\/\/www.lefigaro.fr\/faits-divers\/yonne-de-nouvelles-fouilles-en-cours-dans-le-cimetiere-des-victimes-d-emile-louis-20240924\" data-fig-type=\"NewsFlash\" data-gtm-custom-categorie=\"navigation\" data-gtm-custom-action=\"crossclick\" data-gtm-custom-label=\"Contextuel\" data-gtm-event=\"customEventSPE\" data-fig-domain=\"LEFIGARO\" target=\"_blank\" rel=\"noopener\">septembre et octobre 2024<\/a>. Cette nouvelle enqu\u00eate porte notamment sur le cas de Marie-Jeanne Ambroisine Coussin, disparue en 1975 \u00e0 l\u2019\u00e2ge de 40 ans, bien que pour le moment, le lien avec \u00able boucher de l\u2019Yonne\u00bb n\u2019est pas \u00e9tabli. \u00abNous n\u2019avons pas \u00e0 l\u2019heure actuelle de preuve de son implication\u00bb, indique Hugues de Phily le procureur d\u2019Auxerre, qui pr\u00e9cise que \u00abl\u2019id\u00e9e est d\u2019\u00e9lucider les circonstances de la disparition soudaine de Mme Coussin, probablement dans ce secteur\u00bb,\u00a0<a href=\"http:\/\/www.lefigaro.fr\/faits-divers\/yonne-un-nouveau-crane-identifie-dans-le-cimetiere-des-victimes-du-tueur-en-serie-emile-louis-20240306\" data-fig-type=\"NewsFlash\" data-gtm-custom-categorie=\"navigation\" data-gtm-custom-action=\"crossclick\" data-gtm-custom-label=\"Contextuel\" data-gtm-event=\"customEventSPE\" data-fig-domain=\"LEFIGARO\" target=\"_blank\" rel=\"noopener\">dont le cr\u00e2ne a \u00e9t\u00e9 d\u00e9couvert en 2018<\/a>. Le procureur ajoute \u00e9galement que cette fois-ci, les fouilles se concentreront \u00abdans un p\u00e9rim\u00e8tre plus \u00e9tendu\u00bb que les pr\u00e9c\u00e9dentes.<\/p>\n<p>Pr\u00e9sence de l\u2019arm\u00e9e de terre<\/p>\n<p class=\"fig-paragraph\">Mais qu\u2019appelle-t-on exactement le \u00abcimeti\u00e8re\u00bb d\u2019\u00c9mile Louis\u00a0? Situ\u00e9e pr\u00e8s du village de Rouvray, dans le d\u00e9partement de l\u2019Yonne, au nord d\u2019<a href=\"http:\/\/www.lefigaro.fr\/faits-divers\/auxerre-un-adolescent-de-15-ans-violemment-frappe-puis-viole-cinq-individus-majeurs-et-mineurs-mis-en-examen-20240923\" data-fig-type=\"NewsFlash\" data-gtm-custom-categorie=\"navigation\" data-gtm-custom-action=\"crossclick\" data-gtm-custom-label=\"Contextuel\" data-gtm-event=\"customEventSPE\" data-fig-domain=\"LEFIGARO\" target=\"_blank\" rel=\"noopener\">Auxerre<\/a>, cette grande \u00e9tendue de verdure bord\u00e9e par la lisi\u00e8re des bois, a \u00e9t\u00e9 le terrain sur lequel \u00c9mile Louis enterrait ses victimes. La d\u00e9couverte de corps ou d\u2019ossements a notamment permis de faire avancer les investigations faisant lieu un \u00e9l\u00e9ment central de ce fait divers qui a marqu\u00e9 la soci\u00e9t\u00e9 fran\u00e7aise.<\/p>\n<p class=\"fig-paragraph\">Les fouilles pr\u00e9c\u00e9dentes avaient permis de retrouver quelques effets vestimentaires datant des ann\u00e9es 70 sans \u00abpour autant \u00eatre certain qu\u2019ils appartenaient \u00e0 la d\u00e9funte (Marie-Jeanne Ambroisine Coussin NDLR)\u00bb, nous explique encore Hugues de Phily. Pour ces nouvelles recherches, \u00abde tr\u00e8s gros moyens\u00bb sont mis en \u0153uvre mobilisant notamment l\u2019arm\u00e9e de terre \u00abpour participer aux ratissages et aux excavations\u00bb. Sur le plan financier, pr\u00e8s de 100.000 euros ont \u00e9t\u00e9 d\u00e9bours\u00e9s, financ\u00e9es exclusivement par l\u2019autorit\u00e9 judiciaire, pr\u00e9cise encore le parquet.<\/p>\n<p class=\"fig-paragraph\">448 militaires seront engag\u00e9s au cours des recherches, nous indique la gendarmerie. Les enqu\u00eateurs seront \u00e9galement appuy\u00e9s par deux \u00abop\u00e9rateurs drones\u00bb, deux techniciens en investigation subaquatique, quatre militaires de l\u2019Institut de recherche criminelle de la gendarmerie nationale (IRCGN) et au moins un expert en anthropologie.<\/p>\n<p>Victimes viol\u00e9es et \u00e9trangl\u00e9es<\/p>\n<p class=\"fig-paragraph\">Au d\u00e9but des ann\u00e9es 2000, l\u2019ancien chauffeur de bus avait tent\u00e9 d\u2019\u00e9chapper aux mains de la justice gr\u00e2ce \u00e0 la prescription. Croyant b\u00e9n\u00e9ficier d\u2019une immunit\u00e9 totale, il avait avou\u00e9 les sept crimes concernant les disparitions non \u00e9lucid\u00e9es de Fran\u00e7oise et Bernadette Lemoine, Chantal Gras, Jacqueline Weis, Madeleine Dejust, Martine Renault et Christine Marlot.<\/p>\n<p class=\"fig-paragraph\">Il avait notamment conduit les enqu\u00eateurs sur les lieux, o\u00f9 il disait avoir enterr\u00e9 ses victimes apr\u00e8s les avoir viol\u00e9es et \u00e9trangl\u00e9es, et avait d\u00e9sign\u00e9 avec pr\u00e9cision les sept emplacements.\u00a0Mais un acte de proc\u00e9dure de 1993 a finalement permis \u00e0 la chambre criminelle de sauver la proc\u00e9dure\u00a0: le dossier n\u2019\u00e9tait juridiquement pas prescrit. \u00abJe regrette pour les familles mais je suis innocent\u00bb, avait-il d\u00e9clar\u00e9 lors de son proc\u00e8s.<\/p>\n","protected":false},"excerpt":{"rendered":"FOCUS &#8211; Fouill\u00e9 \u00e0 plusieurs reprises, le \u00abcimeti\u00e8re\u00bb d\u2019\u00c9mile Louis situ\u00e9 pr\u00e8s du village de Rouvray, abrite encore&hellip;\n","protected":false},"author":2,"featured_media":128717,"comment_status":"","ping_status":"","sticky":false,"template":"","format":"standard","meta":{"footnotes":""},"categories":[4],"tags":[119,11,3694,271,2951,25267,3695,3696,118,1011,27,2825,1253,303,777,12,1072,2694,25,2949,2717],"class_list":{"0":"post-128716","1":"post","2":"type-post","3":"status-publish","4":"format-standard","5":"has-post-thumbnail","7":"category-france","8":"tag-accident","9":"tag-actualites","10":"tag-affaires","11":"tag-crime","12":"tag-criminalite","13":"tag-disparitions","14":"tag-enquetes","15":"tag-evenements","16":"tag-faits-divers","17":"tag-fr","18":"tag-france","19":"tag-insecurite","20":"tag-islamisme","21":"tag-justice","22":"tag-meurtre","23":"tag-news","24":"tag-police","25":"tag-proces","26":"tag-republique-francaise","27":"tag-violences","28":"tag-yonne"},"share_on_mastodon":{"url":"https:\/\/pubeurope.com\/@fr\/114572970214472717","error":""},"_links":{"self":[{"href":"https:\/\/www.europesays.com\/fr\/wp-json\/wp\/v2\/posts\/128716","targetHints":{"allow":["GET"]}}],"collection":[{"href":"https:\/\/www.europesays.com\/fr\/wp-json\/wp\/v2\/posts"}],"about":[{"href":"https:\/\/www.europesays.com\/fr\/wp-json\/wp\/v2\/types\/post"}],"author":[{"embeddable":true,"href":"https:\/\/www.europesays.com\/fr\/wp-json\/wp\/v2\/users\/2"}],"replies":[{"embeddable":true,"href":"https:\/\/www.europesays.com\/fr\/wp-json\/wp\/v2\/comments?post=128716"}],"version-history":[{"count":0,"href":"https:\/\/www.europesays.com\/fr\/wp-json\/wp\/v2\/posts\/128716\/revisions"}],"wp:featuredmedia":[{"embeddable":true,"href":"https:\/\/www.europesays.com\/fr\/wp-json\/wp\/v2\/media\/128717"}],"wp:attachment":[{"href":"https:\/\/www.europesays.com\/fr\/wp-json\/wp\/v2\/media?parent=128716"}],"wp:term":[{"taxonomy":"category","embeddable":true,"href":"https:\/\/www.europesays.com\/fr\/wp-json\/wp\/v2\/categories?post=128716"},{"taxonomy":"post_tag","embeddable":true,"href":"https:\/\/www.europesays.com\/fr\/wp-json\/wp\/v2\/tags?post=128716"}],"curies":[{"name":"wp","href":"https:\/\/api.w.org\/{rel}","templated":true}]}}