{"id":128726,"date":"2025-05-26T07:37:09","date_gmt":"2025-05-26T07:37:09","guid":{"rendered":"https:\/\/www.europesays.com\/fr\/128726\/"},"modified":"2025-05-26T07:37:09","modified_gmt":"2025-05-26T07:37:09","slug":"a-la-garde-la-maison-communale-gerard-philipe-un-projet-majeur","status":"publish","type":"post","link":"https:\/\/www.europesays.com\/fr\/128726\/","title":{"rendered":"\u00c0 La Garde, la Maison communale G\u00e9rard Philipe, un projet majeur"},"content":{"rendered":"<p>                    <img loading=\"lazy\" decoding=\"async\" src=\"https:\/\/www.europesays.com\/fr\/wp-content\/uploads\/2025\/05\/c8dcb42291676476ff82f77c6d42f5.jpg\" class=\"img-responsive post-image\" width=\"680\" height=\"510\" alt=\"\u00c0 La Garde, la Maison (\u2026)\" title=\"\u00c0 La Garde, la Maison communale G\u00e9rard Philipe, un projet majeur\"\/><\/p>\n<p class=\"chapo\">La ville de La Garde est en pleine transformation. Avec l\u2019objectif de la Municipalit\u00e9 de moderniser ses infrastructures et de renforcer l\u2019offre culturelle.<\/p>\n<p>Aussi, la r\u00e9habilitation de la Maison communale G\u00e9rard Philipe prend une place centrale dans cette dynamique. Ce projet, dont la livraison est pr\u00e9vue pour le 29 ao\u00fbt prochain, constitue une \u00e9tape importante pour le c\u0153ur de ville qui se transforme pour offrir davantage de services et de confort aux habitants et visiteurs. Le projet b\u00e9n\u00e9ficie d\u2019un financement r\u00e9parti entre plusieurs acteurs institutionnels dont l\u2019autofinancement de la Ville repr\u00e9sente une part importante, soit un investissement majeur pour le d\u00e9veloppement local. Le montant global des subventions accord\u00e9es\u00a0: 2 376 895 \u20ac. Le co\u00fbt pr\u00e9visionnel du projet (\u00e9tudes et travaux compris) est estim\u00e9 \u00e0 10 224 629\u20ac.<\/p>\n<p>POLE CULTUREL D\u2019ENVERGURE<\/p>\n<p>Le projet s\u2019inscrit dans une vision globale de d\u00e9veloppement culturel et artistique. En plus de la r\u00e9habilitation de la Maison communale, la Ville cr\u00e9e un bassin culturel dense, reli\u00e9 aux autres \u00e9quipements majeurs du territoire. Le futur p\u00f4le inclura le nouveau th\u00e9\u00e2tre municipal, la m\u00e9diath\u00e8que, la Galerie G, le Conservatoire TPM, la salle G\u00e9rard Philipe, le Hall Dieudonn\u00e9 Jacobs, l\u2019esplanade, la salle Mussou ainsi que le cin\u00e9ma du Rocher. Cette volont\u00e9 de relier les diff\u00e9rents lieux culturels de la ville permettra une dynamique plus fluide et coh\u00e9rente pour les usagers, tout en renfor\u00e7ant l\u2019accessibilit\u00e9 \u00e0 la culture pour tous. Les travaux de r\u00e9habilitation de la Maison communale G\u00e9rard Philipe ont commenc\u00e9 en 2024 avec la r\u00e9novation de la partie d\u00e9di\u00e9e \u00e0 l\u2019imprimerie municipale, aux bureaux et aux salles associatives du premier \u00e9tage. Maintenant, c\u2019est au tour de la grande salle G\u00e9rard Philipe et du Hall Dieudonn\u00e9 Jacobs de subir une r\u00e9habilitation totale.<\/p>\n<p>Ces r\u00e9novations comprennent de nombreux aspects techniques et architecturaux. La toiture sera modifi\u00e9e pour am\u00e9liorer l\u2019isolation et la gestion des eaux pluviales, et les r\u00e9seaux de chauffage, ventilation, climatisation, plomberie, \u00e9lectricit\u00e9, ainsi que la s\u00e9curit\u00e9 incendie, seront enti\u00e8rement refaits. L\u2019objectif est de garantir un confort optimal pour les usagers, d\u2019am\u00e9liorer les conditions d\u2019accueil des publics et de r\u00e9duire la consommation \u00e9nerg\u00e9tique de l\u2019ensemble des installations.<\/p>\n<p>Ainsi, la salle G\u00e9rard Philipe, utilis\u00e9e pour divers \u00e9v\u00e9nements tels que des salons artistiques, des c\u00e9r\u00e9monies ou des spectacles scolaires, b\u00e9n\u00e9ficiera de ces am\u00e9liorations pour mieux r\u00e9pondre aux attentes de la population.<\/p>\n<p><strong>\u00c0 NOTER&#8230;<\/strong><br class=\"autobr\"\/><br \/>\n<strong><br class=\"autobr\"\/><br \/>\nPlusieurs \u00e9tapes des travaux ont d\u00e9j\u00e0 \u00e9t\u00e9 r\u00e9alis\u00e9es\u00a0:<\/strong><br class=\"autobr\"\/><br \/>\nCurage des sols et cloisons\u00a0: termin\u00e9.<br class=\"autobr\"\/><br \/>\nCharpente m\u00e9tallique\u00a0: termin\u00e9e.<br class=\"autobr\"\/><br \/>\nBardage\u00a0: en cours.<br class=\"autobr\"\/><br \/>\n\u00c9tanch\u00e9it\u00e9\u00a0: en cours.<br class=\"autobr\"\/><br \/>\nSecond \u0153uvre\u00a0: la partie sanitaire a \u00e9t\u00e9 r\u00e9alis\u00e9e, tandis que la climatisation, le traitement de l\u2019air et l\u2019\u00e9lectricit\u00e9 sont en cours d\u2019\u00e9quipement.<\/p>\n<p><strong>Le financement\u00a0:<\/strong><\/p>\n<p>Conseil d\u00e9partemental\u00a0: 2 175 980\u20ac,<br class=\"autobr\"\/><br \/>\nConseil r\u00e9gional\u00a0: 1 076 895\u20ac,<br class=\"autobr\"\/><br \/>\nVille de La Garde\u00a0: 6 971 754\u20ac.<br class=\"autobr\"\/><\/p>\n<p>Photo de Une\u00a0: \u00a9PRESSE AGENCE<\/p>\n","protected":false},"excerpt":{"rendered":"La ville de La Garde est en pleine transformation. Avec l\u2019objectif de la Municipalit\u00e9 de moderniser ses infrastructures&hellip;\n","protected":false},"author":2,"featured_media":128727,"comment_status":"","ping_status":"","sticky":false,"template":"","format":"standard","meta":{"footnotes":""},"categories":[9619],"tags":[1111,11,2408,1777,674,1011,27,12,882,25,2310],"class_list":{"0":"post-128726","1":"post","2":"type-post","3":"status-publish","4":"format-standard","5":"has-post-thumbnail","7":"category-toulon","8":"tag-actu","9":"tag-actualites","10":"tag-appels-d","11":"tag-eu","12":"tag-europe","13":"tag-fr","14":"tag-france","15":"tag-news","16":"tag-provence-alpes-cote-dazur","17":"tag-republique-francaise","18":"tag-toulon"},"share_on_mastodon":{"url":"https:\/\/pubeurope.com\/@fr\/114572993697600865","error":""},"_links":{"self":[{"href":"https:\/\/www.europesays.com\/fr\/wp-json\/wp\/v2\/posts\/128726","targetHints":{"allow":["GET"]}}],"collection":[{"href":"https:\/\/www.europesays.com\/fr\/wp-json\/wp\/v2\/posts"}],"about":[{"href":"https:\/\/www.europesays.com\/fr\/wp-json\/wp\/v2\/types\/post"}],"author":[{"embeddable":true,"href":"https:\/\/www.europesays.com\/fr\/wp-json\/wp\/v2\/users\/2"}],"replies":[{"embeddable":true,"href":"https:\/\/www.europesays.com\/fr\/wp-json\/wp\/v2\/comments?post=128726"}],"version-history":[{"count":0,"href":"https:\/\/www.europesays.com\/fr\/wp-json\/wp\/v2\/posts\/128726\/revisions"}],"wp:featuredmedia":[{"embeddable":true,"href":"https:\/\/www.europesays.com\/fr\/wp-json\/wp\/v2\/media\/128727"}],"wp:attachment":[{"href":"https:\/\/www.europesays.com\/fr\/wp-json\/wp\/v2\/media?parent=128726"}],"wp:term":[{"taxonomy":"category","embeddable":true,"href":"https:\/\/www.europesays.com\/fr\/wp-json\/wp\/v2\/categories?post=128726"},{"taxonomy":"post_tag","embeddable":true,"href":"https:\/\/www.europesays.com\/fr\/wp-json\/wp\/v2\/tags?post=128726"}],"curies":[{"name":"wp","href":"https:\/\/api.w.org\/{rel}","templated":true}]}}