{"id":128734,"date":"2025-05-26T07:42:15","date_gmt":"2025-05-26T07:42:15","guid":{"rendered":"https:\/\/www.europesays.com\/fr\/128734\/"},"modified":"2025-05-26T07:42:15","modified_gmt":"2025-05-26T07:42:15","slug":"cest-a-forges-les-eaux-que-se-sont-deplaces-les-joueurs-professionnels-rouennais","status":"publish","type":"post","link":"https:\/\/www.europesays.com\/fr\/128734\/","title":{"rendered":"C\u2019est \u00e0 Forges-les-Eaux que se sont d\u00e9plac\u00e9s les joueurs professionnels rouennais."},"content":{"rendered":"<p>            Par<br \/>\n        <strong><br \/>\n            <a href=\"https:\/\/actu.fr\/auteur\/khali-souici\" title=\"Consulter tous les articles de Khali Souici\" target=\"_blank\" rel=\"noopener\">Khali Souici<\/a><br \/>\n        <\/strong><\/p>\n<p>        Publi\u00e9 le<\/p>\n<p>            26 mai 2025 \u00e0 9h06        <\/p>\n<p>C\u2019est un beau cadeau de fin de saison que vient d\u2019offrir l\u2019US Forges Basketball \u00e0 ses licenci\u00e9s. Les<b> joueurs professionnels du Rouen M\u00e9tropole Basket,<\/b> \u00e9voluant en ProB, se sont d\u00e9plac\u00e9s \u00e0\u00a0<a href=\"https:\/\/actu.fr\/normandie\/forges-les-eaux_76276\" target=\"_blank\" rel=\"noopener\">Forges-les-Eaux<\/a> afin d\u2019encadrer la s\u00e9ance de basket des <b>jeunes<\/b> \u00e2g\u00e9s de <b>6 \u00e0 11\u00a0ans<\/b>, de l\u2019US Forges Basketball. Quatre joueurs rouennais sont venus\u2009: Clarence Nadolny, Elwin Ndjock, Tidjan Auguet et Youri Golitin, accompagn\u00e9s de David Dubosc, directeur du centre de formation rouennais.<\/p>\n<p>Des jeunes fiers et heureux \u00e0 Forges-les-Eaux<\/p>\n<p class=\" wall-content\">C\u2019est dans une optique d\u2019\u00e9change entre les deux clubs que s\u2019ancre cette venue du club rouennais. L\u2019US<b> Forges Basketball<\/b> apporte un soutien ind\u00e9fectible au Rouen M\u00e9tropole Basket, notamment avec l\u2019organisation, d\u00e8s que possible, de d\u00e9placements pour assister aux matchs au Kindarena \u00e0 Rouen.<\/p>\n<p class=\" wall-content\">Les enfants, licenci\u00e9s \u00e0<b> <\/b>Forges-les-Eaux, \u00e9taient heureux et fiers de pouvoir faire la rencontre de ces quatre joueurs qu\u2019ils n\u2019auraient peut-\u00eatre jamais pu rencontrer sans cette initiative de leur club de basket.<\/p>\n<p>Les conseils des pros de Rouen<\/p>\n<p class=\" wall-content\">Owen Pouymayon, Erwan Legrand et Tom Sahut-Gilles, les entraineurs, ont laiss\u00e9 leur place aux joueurs de ProB.<\/p>\n<p class=\" wall-content\">De l\u2019\u00e9chauffement au match de fin d\u2019entrainement, les jeunes joueurs ont pu profiter de l\u2019aide et des <b>pr\u00e9cieux conseils<\/b> de la part des quatre joueurs rouennais.<\/p>\n<p class=\" wall-content\">Les jeunes licenci\u00e9s forgions ont d\u00e9but\u00e9 la s\u00e9ance en s\u2019\u00e9chauffant \u00e0 travers un parcours de slalom, dribbles et doubles pas o\u00f9 les joueurs du RMB n\u2019ont pas h\u00e9sit\u00e9 \u00e0 leur donner quelques conseils afin qu\u2019ils s\u2019am\u00e9liorent.<\/p>\n<p>Vid\u00e9os : en ce moment sur Actu<br \/>\n    <img   decoding=\"async\" loading=\"lazy\" class=\"size-large\" src=\"https:\/\/www.europesays.com\/fr\/wp-content\/uploads\/2025\/05\/671aad86ee286bb1aad86ee28bf1aav-960x640.jpg\" alt=\"Entra\u00eenement encadr\u00e9 par les joueurs de ProB\" width=\"960\" height=\"640\"\/><br \/>\n    Entra\u00eenement encadr\u00e9 par les joueurs de ProB \u00a9Khali Souici<\/p>\n<p class=\" wall-content\">Les enfants de l\u2019US Forges basket se sont divis\u00e9s en quatre groupes en fonction de leur cat\u00e9gorie d\u2019\u00e2ge. Chaque groupe \u00e9tait entra\u00een\u00e9 par un joueur <b>professionnel <\/b>avec diff\u00e9rents petits ateliers tels que\u2009: aide au double pas, travail du dribble, 2\u00a0contre 2\u2026<\/p>\n<p>    <a href=\"https:\/\/www.facebook.com\/plugins\/post.php?href=https%3A%2F%2Fwww.facebook.com%2FUSForgesBasket%2Fposts%2Fpfbid02FLL3DJ4zA8V4HARWsd7zJmukHDsmNUHyAELkYTVyj6BUtzNF1zNwh8NrUmGXgQSvl&amp;show_text=true&amp;width=350\" title=\"Ouvrie le lien\" target=\"_blank\" rel=\"noopener\">Cliquez ici pour visualiser le contenu<\/a><\/p>\n<p class=\" wall-content\">La s\u00e9ance s\u2019est cl\u00f4tur\u00e9e avec un petit match o\u00f9 chaque \u00e9quipe disposait de l\u2019aide d\u2019un <b>joueur professionnel. <\/b>Sourires et fous rires traversaient le <b>gymnase<\/b>.<\/p>\n<p>Une merveilleuse fin d\u2019apr\u00e8s-midi<\/p>\n<p class=\" wall-content\">\u00c0 la suite de l\u2019entra\u00eenement, tous les licenci\u00e9s du club \u00e9taient convi\u00e9s \u00e0 venir partager un go\u00fbter, toujours en compagnie des basketteurs rouennais.<\/p>\n<p>    <img   decoding=\"async\" loading=\"lazy\" class=\"size-large\" src=\"https:\/\/www.europesays.com\/fr\/wp-content\/uploads\/2025\/05\/c766dbd8ee2866c66dbd8ee288076dv-768x640.jpg\" alt=\"D\u00e9dicaces par Youri Golitin sur les maillots et posters des jeunes\" width=\"768\" height=\"640\"\/><br \/>\n    D\u00e9dicaces par Youri Golitin sur les maillots et posters des jeunes \u00a9Khali Souici<\/p>\n<p class=\" wall-content\"><b>Discussions d\u00e9dicaces et photos<\/b> ont r\u00e9joui l\u2019ensemble des personnes pr\u00e9sentes. Certains ont pu faire signer leur tee-shirt qui \u00e9tait fourni par le club \u00e0 cette occasion, ainsi que des posters.<\/p>\n<p class=\" wall-content\">Suivez toute l\u2019actualit\u00e9 de vos villes et m\u00e9dias favoris en vous inscrivant \u00e0 <a href=\"https:\/\/moncompte.actu.fr\" title=\"D\u00e9couvez Mon Actu\" rel=\"nofollow noopener\" data-trk=\"{&quot;cta&quot;:{&quot;action&quot;:&quot;https:\\\/\\\/moncompte.actu.fr&quot;,&quot;category&quot;:&quot;mon compte&quot;,&quot;from&quot;:&quot;article footer&quot;,&quot;name&quot;:&quot;Mon actu&quot;,&quot;type&quot;:&quot;cta&quot;}}\" target=\"_blank\">Mon Actu<\/a>.<\/p>\n<ul class=\"ac-article-tag wall-content\">\n<li><a href=\"https:\/\/actu.fr\/tag\/pays-de-bray\" data-trk=\"{&quot;cta&quot;:{&quot;action&quot;:&quot;Pays de Bray&quot;,&quot;category&quot;:&quot;tag&quot;,&quot;from&quot;:&quot;article footer&quot;,&quot;name&quot;:&quot;Pays de Bray&quot;,&quot;type&quot;:&quot;cta&quot;}}\" target=\"_blank\" rel=\"noopener\">#Pays de Bray<\/a><\/li>\n<li><a href=\"https:\/\/actu.fr\/tag\/rmb-rouen-metropole-basket\" data-trk=\"{&quot;cta&quot;:{&quot;action&quot;:&quot;RMB Rouen M\\u00e9tropole Basket&quot;,&quot;category&quot;:&quot;tag&quot;,&quot;from&quot;:&quot;article footer&quot;,&quot;name&quot;:&quot;RMB Rouen M\\u00e9tropole Basket&quot;,&quot;type&quot;:&quot;cta&quot;}}\" target=\"_blank\" rel=\"noopener\">#RMB Rouen M\u00e9tropole Basket<\/a><\/li>\n<\/ul>\n","protected":false},"excerpt":{"rendered":"Par Khali Souici Publi\u00e9 le 26 mai 2025 \u00e0 9h06 C\u2019est un beau cadeau de fin de saison&hellip;\n","protected":false},"author":2,"featured_media":128735,"comment_status":"","ping_status":"","sticky":false,"template":"","format":"standard","meta":{"footnotes":""},"categories":[9587],"tags":[1111,11,1777,674,1011,27,12,5161,10175,25,9851,9590,104],"class_list":{"0":"post-128734","1":"post","2":"type-post","3":"status-publish","4":"format-standard","5":"has-post-thumbnail","7":"category-rouen","8":"tag-actu","9":"tag-actualites","10":"tag-eu","11":"tag-europe","12":"tag-fr","13":"tag-france","14":"tag-news","15":"tag-normandie","16":"tag-pays-de-bray","17":"tag-republique-francaise","18":"tag-rmb-rouen-metropole-basket","19":"tag-rouen","20":"tag-societe"},"share_on_mastodon":{"url":"https:\/\/pubeurope.com\/@fr\/114573013400001918","error":""},"_links":{"self":[{"href":"https:\/\/www.europesays.com\/fr\/wp-json\/wp\/v2\/posts\/128734","targetHints":{"allow":["GET"]}}],"collection":[{"href":"https:\/\/www.europesays.com\/fr\/wp-json\/wp\/v2\/posts"}],"about":[{"href":"https:\/\/www.europesays.com\/fr\/wp-json\/wp\/v2\/types\/post"}],"author":[{"embeddable":true,"href":"https:\/\/www.europesays.com\/fr\/wp-json\/wp\/v2\/users\/2"}],"replies":[{"embeddable":true,"href":"https:\/\/www.europesays.com\/fr\/wp-json\/wp\/v2\/comments?post=128734"}],"version-history":[{"count":0,"href":"https:\/\/www.europesays.com\/fr\/wp-json\/wp\/v2\/posts\/128734\/revisions"}],"wp:featuredmedia":[{"embeddable":true,"href":"https:\/\/www.europesays.com\/fr\/wp-json\/wp\/v2\/media\/128735"}],"wp:attachment":[{"href":"https:\/\/www.europesays.com\/fr\/wp-json\/wp\/v2\/media?parent=128734"}],"wp:term":[{"taxonomy":"category","embeddable":true,"href":"https:\/\/www.europesays.com\/fr\/wp-json\/wp\/v2\/categories?post=128734"},{"taxonomy":"post_tag","embeddable":true,"href":"https:\/\/www.europesays.com\/fr\/wp-json\/wp\/v2\/tags?post=128734"}],"curies":[{"name":"wp","href":"https:\/\/api.w.org\/{rel}","templated":true}]}}