{"id":128736,"date":"2025-05-26T07:43:12","date_gmt":"2025-05-26T07:43:12","guid":{"rendered":"https:\/\/www.europesays.com\/fr\/128736\/"},"modified":"2025-05-26T07:43:12","modified_gmt":"2025-05-26T07:43:12","slug":"il-se-fait-agresser-a-larme-blanche-en-tentant-de-sauver-son-amie","status":"publish","type":"post","link":"https:\/\/www.europesays.com\/fr\/128736\/","title":{"rendered":"il se fait agresser \u00e0 l\u2019arme blanche en tentant de sauver son amie"},"content":{"rendered":"<p>\t\t\t\t\t\t\t\t\t\t\t<img loading=\"lazy\" decoding=\"async\" width=\"1110\" title=\"Grenoble : il se fait agresser \u00e0 l\u2019arme blanche en tentant de sauver son amie\" class=\"img-fluid not_lzld mb-3\" src=\"https:\/\/www.europesays.com\/fr\/wp-content\/uploads\/2025\/05\/1110x624_grenoble-il-se-fait-agresser-a-l-arme-blanche-en-tentant-de-sauver-son-amie_68341a03b01df.w\" alt=\"Grenoble : il se fait agresser \u00e0 l\u2019arme blanche en tentant de sauver son amie\" itemprop=\"image\" height=\"624\"\/>\t\t\t\t\t\t\t\t\t\t\t\t<\/p>\n<p>Grenoble : il se fait agresser \u00e0 l\u2019arme blanche en tentant de sauver son amie &#8211; DR<\/p>\n<p itemprop=\"description\"><strong>Les faits se sont d\u00e9roul\u00e9s dans la nuit de vendredi \u00e0 samedi.<\/strong><\/p>\n<p>Un homme, \u00e2g\u00e9 de 21 ans, a \u00e9t\u00e9 agress\u00e9 \u00e0 l\u2019arme blanche dans le secteur de l\u2019Esplanade, \u00e0 Grenoble. Alors qu\u2019il sortait de bo\u00eete de nuit avec plusieurs amies, le jeune homme a vu l\u2019une d\u2019entre elles, en \u00e9tat d\u2019ivresse, se faire accoster par plusieurs hommes en voiture.<\/p>\n<p>Ces derniers l\u2019ont persuad\u00e9e de monter \u00e0 bord, chose impensable pour le Grenoblois, au vu de l\u2019\u00e9tat de son amie.<\/p>\n<p>En col\u00e8re, les individus install\u00e9s dans le v\u00e9hicule sont sortis pour s\u2019en prendre violemment \u00e0 l\u2019homme de 21 ans. Ce dernier aurait ensuite re\u00e7u plusieurs coups \u00e0 un bras et \u00e0 une cuisse avec une arme blanche. Il a d\u00fb \u00eatre transport\u00e9 \u00e0 l\u2019h\u00f4pital pour prendre en charge ses blessures.<\/p>\n<p>Une enqu\u00eate men\u00e9e par la police judiciaire est en cours pour tenter de retrouver les auteurs des faits.<\/p>\n","protected":false},"excerpt":{"rendered":"Grenoble : il se fait agresser \u00e0 l\u2019arme blanche en tentant de sauver son amie &#8211; DR Les&hellip;\n","protected":false},"author":2,"featured_media":128737,"comment_status":"","ping_status":"","sticky":false,"template":"","format":"standard","meta":{"footnotes":""},"categories":[9566],"tags":[1111,11,7733,8279,2430,7736,650,7734,2889,2263,1777,674,1011,27,2731,8280,6417,1114,108,4662,12,3725,1825,25,7737],"class_list":{"0":"post-128736","1":"post","2":"type-post","3":"status-publish","4":"format-standard","5":"has-post-thumbnail","7":"category-grenoble","8":"tag-actu","9":"tag-actualites","10":"tag-alpes","11":"tag-alpes1","12":"tag-auvergne-rhone-alpes","13":"tag-cds","14":"tag-cinema","15":"tag-ecoute","16":"tag-emission","17":"tag-equipe","18":"tag-eu","19":"tag-europe","20":"tag-fr","21":"tag-france","22":"tag-grenoble","23":"tag-haute","24":"tag-information","25":"tag-infos","26":"tag-isere","27":"tag-journal","28":"tag-news","29":"tag-podcast","30":"tag-radio","31":"tag-republique-francaise","32":"tag-winamp"},"share_on_mastodon":{"url":"https:\/\/pubeurope.com\/@fr\/114573017284524088","error":""},"_links":{"self":[{"href":"https:\/\/www.europesays.com\/fr\/wp-json\/wp\/v2\/posts\/128736","targetHints":{"allow":["GET"]}}],"collection":[{"href":"https:\/\/www.europesays.com\/fr\/wp-json\/wp\/v2\/posts"}],"about":[{"href":"https:\/\/www.europesays.com\/fr\/wp-json\/wp\/v2\/types\/post"}],"author":[{"embeddable":true,"href":"https:\/\/www.europesays.com\/fr\/wp-json\/wp\/v2\/users\/2"}],"replies":[{"embeddable":true,"href":"https:\/\/www.europesays.com\/fr\/wp-json\/wp\/v2\/comments?post=128736"}],"version-history":[{"count":0,"href":"https:\/\/www.europesays.com\/fr\/wp-json\/wp\/v2\/posts\/128736\/revisions"}],"wp:featuredmedia":[{"embeddable":true,"href":"https:\/\/www.europesays.com\/fr\/wp-json\/wp\/v2\/media\/128737"}],"wp:attachment":[{"href":"https:\/\/www.europesays.com\/fr\/wp-json\/wp\/v2\/media?parent=128736"}],"wp:term":[{"taxonomy":"category","embeddable":true,"href":"https:\/\/www.europesays.com\/fr\/wp-json\/wp\/v2\/categories?post=128736"},{"taxonomy":"post_tag","embeddable":true,"href":"https:\/\/www.europesays.com\/fr\/wp-json\/wp\/v2\/tags?post=128736"}],"curies":[{"name":"wp","href":"https:\/\/api.w.org\/{rel}","templated":true}]}}